{"id":123456,"date":"2021-05-08T03:07:33","date_gmt":"2021-05-08T03:07:33","guid":{"rendered":"https:\/\/dimensionturistica.com\/es\/?p=123456"},"modified":"2021-05-08T03:07:33","modified_gmt":"2021-05-08T03:07:33","slug":"punta-cana-abinader-encabezo-evento-de-alg-y-amresorts-con-agentes-de-viajes-noticias-de-turismo","status":"publish","type":"post","link":"https:\/\/dimensionturistica.com\/es\/punta-cana-abinader-encabezo-evento-de-alg-y-amresorts-con-agentes-de-viajes-noticias-de-turismo\/","title":{"rendered":"Punta Cana: Abinader encabez\u00f3 evento de ALG y AMResorts con agentes de viajes &#8211; Noticias de turismo"},"content":{"rendered":"<p> <br \/>\n<\/p>\n<div>\n<p>El presidente de la Rep\u00fablica, <strong>Luis Abinader<\/strong>, encabez\u00f3 importante evento organizado por <strong>Apple Leisure Group Holidays<\/strong> y la cadena de hoteles <strong>AMResorts<\/strong>,\u00a0donde se congregaron 375 agentes de viajes.<\/p>\n<p><a rel=\"nofollow noopener\" target=\"_blank\" href=\"https:\/\/www.arecoa.com\/wp-content\/uploads\/2021\/05\/ALG.jpg\"><img decoding=\"async\" class=\"alignleft wp-image-132261\" src=\"https:\/\/www.arecoa.com\/wp-content\/uploads\/2021\/05\/ALG.jpg\" alt=\"\" width=\"604\" height=\"402\" srcset=\"https:\/\/www.arecoa.com\/wp-content\/uploads\/2021\/05\/ALG.jpg 1024w, https:\/\/www.arecoa.com\/wp-content\/uploads\/2021\/05\/ALG-300x200.jpg 300w, https:\/\/www.arecoa.com\/wp-content\/uploads\/2021\/05\/ALG-768x512.jpg 768w, https:\/\/www.arecoa.com\/wp-content\/uploads\/2021\/05\/ALG-250x167.jpg 250w, https:\/\/www.arecoa.com\/wp-content\/uploads\/2021\/05\/ALG-423x282.jpg 423w, https:\/\/www.arecoa.com\/wp-content\/uploads\/2021\/05\/ALG-75x50.jpg 75w\" sizes=\"(max-width: 604px) 100vw, 604px\" \/><\/a><\/p>\n<p>En su discurso, el mandatario destac\u00f3 la importancia de la iniciativa de vacunaci\u00f3n al sector tur\u00edstico ya que contribuye a generar m\u00e1s confianza y seguridad en los visitantes, al tiempo que resalt\u00f3 que el pa\u00eds es el segundo en Latinoam\u00e9rica que m\u00e1s personas ha vacunado y que a adem\u00e1s se proporciona seguro m\u00e9dico gratuito a los turistas.<\/p>\n<p>\u201cTrabajaremos con ustedes para que todas las personas que manden para ac\u00e1, como lo est\u00e1n haciendo y como lo han hecho en a\u00f1os pasados y que lo har\u00e1n en los pr\u00f3ximos a\u00f1os, les garanticemos que tengan un exitoso, seguro y feliz tiempo durante sus vacaciones\u201d, expres\u00f3.<\/p>\n<p>Adem\u00e1s, agreg\u00f3 que \u201cYo quiero y estoy aqu\u00ed para asegurarles que este Gobierno, este pa\u00eds y nuestra gente ama el turismo, y al mismo tiempo tendremos buen cuidado con ellos, ese es nuestro compromiso.\u00a0Pueden confiar en nosotros como un segundo hogar\u201d, enfatiz\u00f3.<\/p>\n<p>Abinader se\u00f1al\u00f3 que la tasa de infecci\u00f3n del pa\u00eds es solo del 5%.\u00a0Y, dijo, \u201ctenemos la gente m\u00e1s feliz de todas las Am\u00e9ricas\u201d.<\/p>\n<p>Sus declaraciones fueron ofrecidas durante una cena especial en el marco de celebraci\u00f3n del <strong>ALGV 500 Membership Silver Reward Journey,<\/strong> que se desarroll\u00f3 en las instalaciones de los hoteles <strong>Secrets and techniques Royal Seashore<\/strong> y <strong>Goals Royal Seashore Punta Cana.<\/strong><\/p>\n<p>El encuentro se celebra por m\u00e1s de 30 a\u00f1os, donde se reconoce a los mayores productores de paquetes vacacionales de <strong>Estados Unidos<\/strong> para <strong>Rep\u00fablica Dominicana<\/strong> y el Caribe.<\/p>\n<p><a rel=\"nofollow noopener\" target=\"_blank\" href=\"https:\/\/www.arecoa.com\/wp-content\/uploads\/2021\/05\/ALG1.jpg\"><img decoding=\"async\" class=\"alignleft wp-image-132262\" src=\"https:\/\/www.arecoa.com\/wp-content\/uploads\/2021\/05\/ALG1.jpg\" alt=\"\" width=\"602\" height=\"395\" srcset=\"https:\/\/www.arecoa.com\/wp-content\/uploads\/2021\/05\/ALG1.jpg 1080w, https:\/\/www.arecoa.com\/wp-content\/uploads\/2021\/05\/ALG1-300x197.jpg 300w, https:\/\/www.arecoa.com\/wp-content\/uploads\/2021\/05\/ALG1-768x503.jpg 768w, https:\/\/www.arecoa.com\/wp-content\/uploads\/2021\/05\/ALG1-1024x671.jpg 1024w, https:\/\/www.arecoa.com\/wp-content\/uploads\/2021\/05\/ALG1-250x164.jpg 250w, https:\/\/www.arecoa.com\/wp-content\/uploads\/2021\/05\/ALG1-423x277.jpg 423w, https:\/\/www.arecoa.com\/wp-content\/uploads\/2021\/05\/ALG1-75x50.jpg 75w\" sizes=\"(max-width: 602px) 100vw, 602px\" \/><\/a><\/p>\n<p>A la llegada del Presidente, acompa\u00f1ado del ministro de Turismo, <strong>David Collado<\/strong>, fue recibido por <strong>Enrique Martin\u00f3n<\/strong>, presidente <strong>Grupo Martin\u00f3n<\/strong>, propietario de los hoteles anfitriones; <strong>Ray Snisky<\/strong>, presidente ALG Holidays; <strong>Artur Cabr\u00e9<\/strong>, presidente Grumasa RD y por AMResorts, <strong>Bob Thye<\/strong>, VP Income Administration.<\/p>\n<p>Tambi\u00e9n, <strong>Daniel Hern\u00e1ndez<\/strong>, VP Regional AMResorts para Rep\u00fablica Dominicana y <strong>Luis N\u00fa\u00f1ez<\/strong>, director comercial regional AMResorts Rep\u00fablica Dominicana.<\/p>\n<p>Ray Snisky, dijo que habl\u00f3 con Abinader sobre trabajar juntos para conseguir m\u00e1s transporte a\u00e9reo al destino, que dijo que todav\u00eda est\u00e1 un 18% por debajo de los niveles prepand\u00e9micos.<\/p>\n<p>\u201cEste es nuestro primer evento para clientes importantes, y no hab\u00eda ning\u00fan lugar en el mundo en el que lo \u00edbamos a realizar aparte de Rep\u00fablica Dominicana\u201d, indic\u00f3.<\/p>\n<p><!-- AddThis Advanced Settings above via filter on the_content --><!-- AddThis Advanced Settings below via filter on the_content --><!-- AddThis Advanced Settings generic via filter on the_content --><!-- AddThis Share Buttons above via filter on the_content --><!-- AddThis Share Buttons below via filter on the_content --><!-- AddThis Share Buttons generic via filter on the_content --><\/div>\n\n<p><em> &#8221; Fuentes www.arecoa.com &#8221; <\/em><\/p>\n","protected":false},"excerpt":{"rendered":"<p>El presidente de la Rep\u00fablica, Luis Abinader, encabez\u00f3 importante evento organizado por Apple Leisure Group Holidays y la cadena de hoteles AMResorts,\u00a0donde se congregaron 375 agentes de viajes. En su discurso, el mandatario destac\u00f3 la importancia de la iniciativa de vacunaci\u00f3n al sector tur\u00edstico ya que contribuye a generar m\u00e1s confianza y seguridad en los [&hellip;]<\/p>\n","protected":false},"author":4,"featured_media":123457,"comment_status":"open","ping_status":"closed","sticky":false,"template":"","format":"standard","meta":{"om_disable_all_campaigns":false,"jnews-multi-image_gallery":[],"jnews_single_post":[],"jnews_primary_category":[],"jnews_social_meta":[],"footnotes":""},"categories":[40],"tags":[],"class_list":["post-123456","post","type-post","status-publish","format-standard","has-post-thumbnail","hentry","category-industria"],"_links":{"self":[{"href":"https:\/\/dimensionturistica.com\/es\/wp-json\/wp\/v2\/posts\/123456","targetHints":{"allow":["GET"]}}],"collection":[{"href":"https:\/\/dimensionturistica.com\/es\/wp-json\/wp\/v2\/posts"}],"about":[{"href":"https:\/\/dimensionturistica.com\/es\/wp-json\/wp\/v2\/types\/post"}],"author":[{"embeddable":true,"href":"https:\/\/dimensionturistica.com\/es\/wp-json\/wp\/v2\/users\/4"}],"replies":[{"embeddable":true,"href":"https:\/\/dimensionturistica.com\/es\/wp-json\/wp\/v2\/comments?post=123456"}],"version-history":[{"count":0,"href":"https:\/\/dimensionturistica.com\/es\/wp-json\/wp\/v2\/posts\/123456\/revisions"}],"wp:featuredmedia":[{"embeddable":true,"href":"https:\/\/dimensionturistica.com\/es\/wp-json\/wp\/v2\/media\/123457"}],"wp:attachment":[{"href":"https:\/\/dimensionturistica.com\/es\/wp-json\/wp\/v2\/media?parent=123456"}],"wp:term":[{"taxonomy":"category","embeddable":true,"href":"https:\/\/dimensionturistica.com\/es\/wp-json\/wp\/v2\/categories?post=123456"},{"taxonomy":"post_tag","embeddable":true,"href":"https:\/\/dimensionturistica.com\/es\/wp-json\/wp\/v2\/tags?post=123456"}],"curies":[{"name":"wp","href":"https:\/\/api.w.org\/{rel}","templated":true}]}}