{"id":123413,"date":"2021-05-08T00:19:11","date_gmt":"2021-05-08T00:19:11","guid":{"rendered":"https:\/\/dimensionturistica.com\/es\/?p=123413"},"modified":"2021-05-08T00:19:12","modified_gmt":"2021-05-08T00:19:12","slug":"el-negro-mario-benitez-se-fue-de-viaje-para-el-cielo","status":"publish","type":"post","link":"https:\/\/dimensionturistica.com\/es\/el-negro-mario-benitez-se-fue-de-viaje-para-el-cielo\/","title":{"rendered":"\u00a0\u2018El negro Mario Ben\u00edtez&#8217; se\u00a0 fue de viaje para el cielo"},"content":{"rendered":"<p> <br \/>\n<\/p>\n<div property=\"content:encoded\">\n<p style=\"margin-top:16px; text-align:justify; margin-bottom:11px\">\n\t<span style=\"font-size:11pt\"><span style=\"line-height:normal\"><span style=\"font-family:Calibri,sans-serif\"><span style=\"font-size:12.0pt\">Su nombre de pila period Jos\u00e9 Arceriano Mosquera Ben\u00edtez, pero\u00a0por cuesti\u00f3n de gusto se hizo conocer como Mario Ben\u00edtez, parece que\u00a0le parec\u00eda m\u00e1s sonoro y comercial, fue pionero del turismo en Ibagu\u00e9 a donde lleg\u00f3 desde muy joven, aproximadamente a los 20 a\u00f1os, period casado con do\u00f1a Mar\u00eda Hiria Parra con qui\u00e9n tuvo dos hijos John y Juan Carlos, este \u00faltimo quien asumiera los \u00faltimos a\u00f1os el manejo de la agencia y se encontraba en los Estados Unidos.<\/span><\/span><\/span><\/span><\/p>\n<p style=\"margin-top:16px; text-align:justify; margin-bottom:11px\">\n\t<span style=\"font-size:11pt\"><span style=\"line-height:normal\"><span style=\"font-family:Calibri,sans-serif\"><span style=\"font-size:12.0pt\">Naci\u00f3 en Itsmina, departamento del Choc\u00f3, siendo un muchacho dej\u00f3 su tierra natal para radicarse en Ibagu\u00e9 y dedicarse a crear empresa en el amplio pero dif\u00edcil campo del turismo, fue as\u00ed como fund\u00f3 su agencia para dedicarse a vender tiquetes a\u00e9reos, planes de viajes y asesor\u00edas junto a opciones de turismo y recreaci\u00f3n al alcance de todos los tolimenses.<\/span><\/span><\/span><\/span><\/p>\n<p style=\"margin-top:16px; text-align:justify; margin-bottom:11px\">\n\t<span style=\"font-size:11pt\"><span style=\"line-height:normal\"><span style=\"font-family:Calibri,sans-serif\"><span style=\"font-size:12.0pt\">\u201cMi pap\u00e1 era un chocoano de nacimiento y tolimense de coraz\u00f3n, fue un gran comerciante y con Pijao Tours fue pionero del turismo en el Tolima, un hombre de car\u00e1cter f\u00e9rreo quien a pulso cre\u00f3 su empresa la famosa agencia de viajes de la 12 con Cuarta, una empresa con m\u00e1s de 55 a\u00f1os, un ejemplo que inspir\u00f3 a los nuevos actores de las agencias de viajes del departamento, muchas de estas agencias llevan su firma porque muchas de esas personas aprendieron en Pijao Tours gracias a Mario Ben\u00edtez, hoy, mi hermano John Mosquera, mi mam\u00e1 Mar\u00eda Hiria Parra y yo, Juan Carlos Mosquera, les damos las gracias a cada uno de nuestros clientes, a cada una de las personas que trabajaron con notros arduamente d\u00eda y noche porque siempre estuvieron ah\u00ed, hoy \u00e9l se ha ido a hacer el viaje m\u00e1s largo, ese viaje que no tiene regreso y a donde todos tenemos que llegar y descansa en la paz del se\u00f1or\u201d, expres\u00f3 su hijo Juan Carlos.<\/span><\/span><\/span><\/span><\/p>\n<p style=\"margin-top:16px; text-align:justify; margin-bottom:11px\">\n\t<span style=\"font-size:11pt\"><span style=\"line-height:normal\"><span style=\"font-family:Calibri,sans-serif\"><span style=\"font-size:12.0pt\">Escuche a Juan Carlos Mosquera:<\/span><\/span><\/span><\/span><\/p>\n<p>\n\t<span style=\"font-size:11pt\"><span style=\"line-height:normal\"><span style=\"font-family:Calibri,sans-serif\"><span style=\"font-size:12.0pt\">Don Mario padeci\u00f3 en sus \u00faltimos a\u00f1os dolencias y afecciones de salud que fueron diezmando si vitalidad, sin embargo, se caracteriz\u00f3 por ser un hombre siempre sereno, que pensaba muy bien las cosas pero de car\u00e1cter firme y recio, responsable y cumplidor, lo que le sirvi\u00f3 para ganarse el prestigio en el medio del turismo logrando posicionar a su agencia como una de las m\u00e1s importantes de Ibagu\u00e9.<\/span><\/span><\/span><\/span><\/p>\n<p style=\"margin-top:16px; text-align:justify; margin-bottom:11px\">\n\t<span style=\"font-size:11pt\"><span style=\"line-height:normal\"><span style=\"font-family:Calibri,sans-serif\"><span style=\"font-size:12.0pt\">\u201cDel se\u00f1or Mario Ben\u00edtez, puedo decir que junto a mi padre, fueron de los pioneros en hacer turismo en Ibagu\u00e9 y el Tolima, dedicado a su empresa Pijaos Tours, dur\u00f3 m\u00e1s de 40 a\u00f1os aqu\u00ed en Ibagu\u00e9 haciendo turismo no solamente nacional sino internacional, una persona muy discreta, callado, muy se\u00f1or y nos ha dolido mucho su partida a quienes lo conocimos y a quienes compartimos con \u00e9l muchos momentos, tuve la fortuna de viajar en algunos \u2018fam trip\u2019 que nos invitaban a nivel nacional e internacional y compartimos muchos momentos buenos, era de chispa y alegre, de buen humor pero serio, era muy se\u00f1or, paz en su tumba, el turismo del Tolima est\u00e1 de luto porque junto a mi padre fueron pioneros y duraron m\u00e1s de 40 a\u00f1os en esa labor, viajaba mucho a los municipios a vender y sacaba much\u00edsima gente a viajar sobre todo a Europa, sabemos que Dios lo tendr\u00e1 organizando muchos buenos momentos y viajes all\u00e1 en el cielo, a su familia mi saludo y fortaleza, ese era Mario Ben\u00edtez, un gran amigo\u201d, dijo Roberto Manjarrez colega y compa\u00f1ero en las labores tur\u00edsticas.<\/span><\/span><\/span><\/span><\/p>\n<p style=\"margin-top:16px; text-align:justify; margin-bottom:11px\">\n\t<span style=\"font-size:11pt\"><span style=\"line-height:normal\"><span style=\"font-family:Calibri,sans-serif\"><span style=\"font-size:12.0pt\">Escuche a Roberto Manjarrez:<\/span><\/span><\/span><\/span><\/p>\n<p>\n\t<span style=\"font-size:11pt\"><span style=\"line-height:normal\"><span style=\"font-family:Calibri,sans-serif\"><span style=\"font-size:12.0pt\">Sus exequias se cumplieron viernes 7 de mayo a las 9 de la ma\u00f1ana en la Iglesia de Nuestra Se\u00f1ora del Carmen y sus restos descansan en \u00a0la familia, ex compa\u00f1eros de labores, al sector tur\u00edstico del Tolima, amigos y relacionados de don Mario Ben\u00edtez, desde Ecos del Combeima y Econoticias reconocen su labor y presentamos las condolencias por su partida a ese viaje de donde no se regresa pero sabemos que Dios lo ha acogido en su lecho, <b>GRACIAS Y DESCANSE EN PAZ PARA \u2018EL NEGRO\u2019 MARIO BEN\u00cdTEZ.<\/b><\/span><\/span><\/span><\/span><\/p>\n<\/div>\n<p><script>(function(d, s, id) {\n  var js, fjs = d.getElementsByTagName(s)[0];\n  if (d.getElementById(id)) return;\n  js = d.createElement(s); js.id = id;\n  js.src=\"https:\/\/connect.facebook.net\/es_LA\/sdk.js#xfbml=1&version=v3.1&appId=248007718576891&autoLogAppEvents=1\";\n  fjs.parentNode.insertBefore(js, fjs);\n}(document, 'script', 'facebook-jssdk'));<\/script><br \/>\n<br \/><\/p>\n<p><em> &#8221; Fuentes www.ecosdelcombeima.com &#8221; <\/em><\/p>\n","protected":false},"excerpt":{"rendered":"<p>Su nombre de pila period Jos\u00e9 Arceriano Mosquera Ben\u00edtez, pero\u00a0por cuesti\u00f3n de gusto se hizo conocer como Mario Ben\u00edtez, parece que\u00a0le parec\u00eda m\u00e1s sonoro y comercial, fue pionero del turismo en Ibagu\u00e9 a donde lleg\u00f3 desde muy joven, aproximadamente a los 20 a\u00f1os, period casado con do\u00f1a Mar\u00eda Hiria Parra con qui\u00e9n tuvo dos hijos [&hellip;]<\/p>\n","protected":false},"author":4,"featured_media":123414,"comment_status":"open","ping_status":"closed","sticky":false,"template":"","format":"standard","meta":{"om_disable_all_campaigns":false,"jnews-multi-image_gallery":[],"jnews_single_post":[],"jnews_primary_category":[],"jnews_social_meta":[],"footnotes":""},"categories":[40],"tags":[],"class_list":["post-123413","post","type-post","status-publish","format-standard","has-post-thumbnail","hentry","category-industria"],"_links":{"self":[{"href":"https:\/\/dimensionturistica.com\/es\/wp-json\/wp\/v2\/posts\/123413","targetHints":{"allow":["GET"]}}],"collection":[{"href":"https:\/\/dimensionturistica.com\/es\/wp-json\/wp\/v2\/posts"}],"about":[{"href":"https:\/\/dimensionturistica.com\/es\/wp-json\/wp\/v2\/types\/post"}],"author":[{"embeddable":true,"href":"https:\/\/dimensionturistica.com\/es\/wp-json\/wp\/v2\/users\/4"}],"replies":[{"embeddable":true,"href":"https:\/\/dimensionturistica.com\/es\/wp-json\/wp\/v2\/comments?post=123413"}],"version-history":[{"count":0,"href":"https:\/\/dimensionturistica.com\/es\/wp-json\/wp\/v2\/posts\/123413\/revisions"}],"wp:featuredmedia":[{"embeddable":true,"href":"https:\/\/dimensionturistica.com\/es\/wp-json\/wp\/v2\/media\/123414"}],"wp:attachment":[{"href":"https:\/\/dimensionturistica.com\/es\/wp-json\/wp\/v2\/media?parent=123413"}],"wp:term":[{"taxonomy":"category","embeddable":true,"href":"https:\/\/dimensionturistica.com\/es\/wp-json\/wp\/v2\/categories?post=123413"},{"taxonomy":"post_tag","embeddable":true,"href":"https:\/\/dimensionturistica.com\/es\/wp-json\/wp\/v2\/tags?post=123413"}],"curies":[{"name":"wp","href":"https:\/\/api.w.org\/{rel}","templated":true}]}}