{"id":123309,"date":"2021-05-07T20:07:28","date_gmt":"2021-05-07T20:07:28","guid":{"rendered":"https:\/\/dimensionturistica.com\/es\/?p=123309"},"modified":"2021-05-07T20:07:29","modified_gmt":"2021-05-07T20:07:29","slug":"espana-se-apresta-a-relajar-sus-medidas-contra-la-pandemia","status":"publish","type":"post","link":"https:\/\/dimensionturistica.com\/es\/espana-se-apresta-a-relajar-sus-medidas-contra-la-pandemia\/","title":{"rendered":"Espa\u00f1a se apresta a relajar sus medidas contra la pandemia"},"content":{"rendered":"<p> <br \/>\n<\/p>\n<div>\n<p class=\"paragraph\">MADRID (AP) \u2014 Espa\u00f1a relajar\u00e1 las medidas pand\u00e9micas a nivel nacional este fin de semana, incluidas las restricciones de viaje, pero algunas autoridades regionales se han quejado de que el estado de emergencia nacional de seis meses ser\u00e1 reemplazado por un mosaico de enfoques contradictorios.<\/p>\n<p class=\"paragraph\">Ahora que la tasa de contagio del pa\u00eds se ha estabilizado mientras la aplicaci\u00f3n de vacunas contin\u00faa aceler\u00e1ndose, el presidente del gobierno, Pedro S\u00e1nchez, se ha negado a extender la orden basic que dio cobertura authorized a las restricciones de reuniones sociales y las prohibiciones de viajar en todo el pa\u00eds. La orden vence el s\u00e1bado a la medianoche.<\/p>\n<p class=\"paragraph\">En cambio, su gabinete est\u00e1 cediendo el management whole de la batalla contra la propagaci\u00f3n de la infecci\u00f3n a las 19 regiones y ciudades aut\u00f3nomas del pa\u00eds, dici\u00e9ndoles que pueden acudir al Tribunal Supremo del pa\u00eds si los jueces de nivel inferior fallan en contra de sus intentos de restringir las libertades b\u00e1sicas.<\/p>\n<p><span data-error=\"No dfp-path found.\"\/><\/p>\n<p class=\"paragraph\">Sin embargo, el viernes, cuando faltaban poco m\u00e1s de 24 horas para el fin del estado de excepci\u00f3n, cada regi\u00f3n tomaba un camino diferente, y las respuestas de los tribunales tambi\u00e9n eran diversas.<\/p>\n<p class=\"paragraph\">Los jueces aprobaron mantener un toque de queda nocturno y prohibiciones en el n\u00famero de personas que pueden socializar en las Islas Baleares, un im\u00e1n tur\u00edstico en el Mar Mediterr\u00e1neo, y en la regi\u00f3n oriental de Valencia. En cambio, un tribunal del Pa\u00eds Vasco se neg\u00f3 a prorrogar los cierres selectivos, el toque de queda de 10 de la noche a 6 de la ma\u00f1ana y el l\u00edmite de cuatro personas para las reuniones sociales.<\/p>\n<p class=\"paragraph\">Esa regi\u00f3n del norte de Espa\u00f1a, con 2 millones de habitantes, enfrenta una tasa de contagio de 14 d\u00edas de 463 nuevos casos por cada 100.000 habitantes, m\u00e1s del doble de la media nacional de 202 nuevos contagios por cada 100.000.<\/p>\n<p><span data-error=\"No dfp-path found.\"\/><\/p>\n<p class=\"paragraph\">Madrid, cuya mandataria regional \u2014opuesta a las medidas de confinamiento\u2014 fue reelegida a principios de esta semana, anunci\u00f3 que a partir del domingo no habr\u00e1 m\u00e1s toques de queda ni restricciones a los desplazamientos dentro y fuera de la regi\u00f3n, y que el funcionamiento de bares y restaurantes podr\u00e1 ampliarse desde el l\u00edmite precise de las 11 de la noche hasta la medianoche.<\/p>\n<p class=\"paragraph\">\u201cNo existe actualmente cobertura suficiente para la adopci\u00f3n por parte de la Comunidad de Madrid de medidas limitativas o restrictivas de derechos fundamentales, como es el toque de queda\u201d, afirm\u00f3 el consejero de Sanidad en funciones de la Comunidad de Madrid, Enrique Ruiz Escudero, seg\u00fan declaraciones hechas en una rueda de prensa y recogidas por la agencia Europapress. Su regi\u00f3n ha tenido la segunda tasa de infecci\u00f3n m\u00e1s alta de Espa\u00f1a, con 323 nuevos casos por cada 100.000 durante las \u00faltimas dos semanas.<\/p>\n<\/div>\n<p><script defer=\"\">!function(f,b,e,v,n,t,s) {if(f.fbq)return;n=f.fbq=function(){n.callMethod? n.callMethod.apply(n,arguments):n.queue.push(arguments)}; if(!f._fbq)f._fbq=n;n.push=n;n.loaded=!0;n.version='2.0'; n.queue=[];t=b.createElement(e);t.async=!0; t.src=v;s=b.getElementsByTagName(e)[0]; s.parentNode.insertBefore(t,s)}(window, document,'script', 'https:\/\/connect.facebook.net\/en_US\/fbevents.js'); fbq('init', '336383993555320'); fbq('track', 'PageView'); fbq('track', 'ViewContent');<\/script><br \/>\n<br \/><\/p>\n<p><em> &#8221; Fuentes www.infobae.com &#8221; <\/em><\/p>\n","protected":false},"excerpt":{"rendered":"<p>MADRID (AP) \u2014 Espa\u00f1a relajar\u00e1 las medidas pand\u00e9micas a nivel nacional este fin de semana, incluidas las restricciones de viaje, pero algunas autoridades regionales se han quejado de que el estado de emergencia nacional de seis meses ser\u00e1 reemplazado por un mosaico de enfoques contradictorios. Ahora que la tasa de contagio del pa\u00eds se ha [&hellip;]<\/p>\n","protected":false},"author":4,"featured_media":120974,"comment_status":"open","ping_status":"closed","sticky":false,"template":"","format":"standard","meta":{"om_disable_all_campaigns":false,"jnews-multi-image_gallery":[],"jnews_single_post":[],"jnews_primary_category":[],"jnews_social_meta":[],"footnotes":""},"categories":[40],"tags":[],"class_list":["post-123309","post","type-post","status-publish","format-standard","has-post-thumbnail","hentry","category-industria"],"_links":{"self":[{"href":"https:\/\/dimensionturistica.com\/es\/wp-json\/wp\/v2\/posts\/123309","targetHints":{"allow":["GET"]}}],"collection":[{"href":"https:\/\/dimensionturistica.com\/es\/wp-json\/wp\/v2\/posts"}],"about":[{"href":"https:\/\/dimensionturistica.com\/es\/wp-json\/wp\/v2\/types\/post"}],"author":[{"embeddable":true,"href":"https:\/\/dimensionturistica.com\/es\/wp-json\/wp\/v2\/users\/4"}],"replies":[{"embeddable":true,"href":"https:\/\/dimensionturistica.com\/es\/wp-json\/wp\/v2\/comments?post=123309"}],"version-history":[{"count":0,"href":"https:\/\/dimensionturistica.com\/es\/wp-json\/wp\/v2\/posts\/123309\/revisions"}],"wp:featuredmedia":[{"embeddable":true,"href":"https:\/\/dimensionturistica.com\/es\/wp-json\/wp\/v2\/media\/120974"}],"wp:attachment":[{"href":"https:\/\/dimensionturistica.com\/es\/wp-json\/wp\/v2\/media?parent=123309"}],"wp:term":[{"taxonomy":"category","embeddable":true,"href":"https:\/\/dimensionturistica.com\/es\/wp-json\/wp\/v2\/categories?post=123309"},{"taxonomy":"post_tag","embeddable":true,"href":"https:\/\/dimensionturistica.com\/es\/wp-json\/wp\/v2\/tags?post=123309"}],"curies":[{"name":"wp","href":"https:\/\/api.w.org\/{rel}","templated":true}]}}