{"id":123284,"date":"2021-05-07T19:26:56","date_gmt":"2021-05-07T19:26:56","guid":{"rendered":"https:\/\/dimensionturistica.com\/es\/?p=123284"},"modified":"2021-05-07T19:26:56","modified_gmt":"2021-05-07T19:26:56","slug":"el-reino-unido-levanta-restricciones-de-viaje-a-portugal-gibraltar-e-israel","status":"publish","type":"post","link":"https:\/\/dimensionturistica.com\/es\/el-reino-unido-levanta-restricciones-de-viaje-a-portugal-gibraltar-e-israel\/","title":{"rendered":"El Reino Unido levanta restricciones de viaje a Portugal, Gibraltar e Israel"},"content":{"rendered":"<p> <br \/>\n<\/p>\n<div>\n<p class=\"paragraph\">El gobierno brit\u00e1nico anunci\u00f3 el viernes una relajaci\u00f3n de las restricciones a los viajes internacionales a partir del 17 de mayo, eximiendo de cuarentena a quienes lleguen desde 12 or\u00edgenes, entre ellos Portugal, Gibraltar e Israel, pero no Espa\u00f1a ni ninguna de sus islas.<\/p>\n<p class=\"paragraph\">El secretario de Transportes, Grant Shapps, anunci\u00f3 el levantamiento de la prohibici\u00f3n de viajar al extranjero, salvo desplazamientos esenciales, vigente desde enero, y la introducci\u00f3n de un sistema de restricciones que divide a los pa\u00edses en tres categor\u00edas seg\u00fan su situaci\u00f3n sanitaria.<\/p>\n<p class=\"paragraph\">Los viajeros que lleguen a partir del 17 de mayo desde or\u00edgenes clasificados en una &#8220;lista verde&#8221; deber\u00e1n hacerse una prueba de covid-19 antes de viajar, y otras tras su llegada, pero no tendr\u00e1n que respetar la cuarentena de 10 d\u00edas.<\/p>\n<p><span data-error=\"No dfp-path found.\"\/><\/p>\n<p class=\"paragraph\">La &#8220;lista ambar&#8221;, por ahora muy mayoritaria, supondr\u00e1 esos take a look at m\u00e1s una cuarentena en el hogar o lugar elegido por la persona.<\/p>\n<p class=\"paragraph\">Y, como hasta ahora, la &#8220;lista roja&#8221; solo permitir\u00e1 la llegada de ciudadanos brit\u00e1nicos o residentes legales, que deber\u00e1n permanecer aislados diez d\u00edas en uno de los hoteles designados por el gobierno pagando de su bolsillo. Todos los pa\u00edses de Sudam\u00e9rica y Panam\u00e1 est\u00e1n en esta lista, a la que el viernes se sum\u00f3 Turqu\u00eda.<\/p>\n<p class=\"paragraph\">Entre los 12 pa\u00edses y territorios en &#8220;lista verde&#8221;, que incluyen las Islas Malvinas, Australia, Nueva Zelanda y Singapur, los \u00fanicos grandes destinos tur\u00edsticos son Portugal, Gibraltar e Israel.<\/p>\n<p><span data-error=\"No dfp-path found.\"\/><\/p>\n<p class=\"paragraph\">&#8220;Los destinos favoritos del verano, como Francia, Espa\u00f1a y Grecia, a\u00fan no est\u00e1n incluidos, pero cada tres semanas a partir de la reapertura revisaremos los pa\u00edses, para ver c\u00f3mo y d\u00f3nde podemos ampliar la lista verde, as\u00ed que este es solo un primer paso&#8221;, afirm\u00f3 Shapps.<\/p>\n<p class=\"paragraph\">Responsables tur\u00edsticos en Espa\u00f1a hab\u00edan manifestado recientemente su esperanza de que el archipi\u00e9lago de las Canarias entrase inmediatamente en la &#8220;lista verde&#8221; brit\u00e1nica gracias a su buena situaci\u00f3n sanitaria.<\/p>\n<p><span data-error=\"No dfp-path found.\"\/><\/p>\n<p class=\"paragraph\">acc\/jz<\/p>\n<\/div>\n<p><script defer=\"\">!function(f,b,e,v,n,t,s) {if(f.fbq)return;n=f.fbq=function(){n.callMethod? n.callMethod.apply(n,arguments):n.queue.push(arguments)}; if(!f._fbq)f._fbq=n;n.push=n;n.loaded=!0;n.version='2.0'; n.queue=[];t=b.createElement(e);t.async=!0; t.src=v;s=b.getElementsByTagName(e)[0]; s.parentNode.insertBefore(t,s)}(window, document,'script', 'https:\/\/connect.facebook.net\/en_US\/fbevents.js'); fbq('init', '336383993555320'); fbq('track', 'PageView'); fbq('track', 'ViewContent');<\/script><br \/>\n<br \/><\/p>\n<p><em> &#8221; Fuentes www.infobae.com &#8221; <\/em><\/p>\n","protected":false},"excerpt":{"rendered":"<p>El gobierno brit\u00e1nico anunci\u00f3 el viernes una relajaci\u00f3n de las restricciones a los viajes internacionales a partir del 17 de mayo, eximiendo de cuarentena a quienes lleguen desde 12 or\u00edgenes, entre ellos Portugal, Gibraltar e Israel, pero no Espa\u00f1a ni ninguna de sus islas. El secretario de Transportes, Grant Shapps, anunci\u00f3 el levantamiento de la [&hellip;]<\/p>\n","protected":false},"author":4,"featured_media":120974,"comment_status":"open","ping_status":"closed","sticky":false,"template":"","format":"standard","meta":{"om_disable_all_campaigns":false,"jnews-multi-image_gallery":[],"jnews_single_post":[],"jnews_primary_category":[],"jnews_social_meta":[],"footnotes":""},"categories":[40],"tags":[],"class_list":["post-123284","post","type-post","status-publish","format-standard","has-post-thumbnail","hentry","category-industria"],"_links":{"self":[{"href":"https:\/\/dimensionturistica.com\/es\/wp-json\/wp\/v2\/posts\/123284","targetHints":{"allow":["GET"]}}],"collection":[{"href":"https:\/\/dimensionturistica.com\/es\/wp-json\/wp\/v2\/posts"}],"about":[{"href":"https:\/\/dimensionturistica.com\/es\/wp-json\/wp\/v2\/types\/post"}],"author":[{"embeddable":true,"href":"https:\/\/dimensionturistica.com\/es\/wp-json\/wp\/v2\/users\/4"}],"replies":[{"embeddable":true,"href":"https:\/\/dimensionturistica.com\/es\/wp-json\/wp\/v2\/comments?post=123284"}],"version-history":[{"count":0,"href":"https:\/\/dimensionturistica.com\/es\/wp-json\/wp\/v2\/posts\/123284\/revisions"}],"wp:featuredmedia":[{"embeddable":true,"href":"https:\/\/dimensionturistica.com\/es\/wp-json\/wp\/v2\/media\/120974"}],"wp:attachment":[{"href":"https:\/\/dimensionturistica.com\/es\/wp-json\/wp\/v2\/media?parent=123284"}],"wp:term":[{"taxonomy":"category","embeddable":true,"href":"https:\/\/dimensionturistica.com\/es\/wp-json\/wp\/v2\/categories?post=123284"},{"taxonomy":"post_tag","embeddable":true,"href":"https:\/\/dimensionturistica.com\/es\/wp-json\/wp\/v2\/tags?post=123284"}],"curies":[{"name":"wp","href":"https:\/\/api.w.org\/{rel}","templated":true}]}}