{"id":123267,"date":"2021-05-07T18:56:03","date_gmt":"2021-05-07T18:56:03","guid":{"rendered":"https:\/\/dimensionturistica.com\/es\/?p=123267"},"modified":"2021-05-07T18:56:03","modified_gmt":"2021-05-07T18:56:03","slug":"uber-prueba-en-brasil-grabacion-de-viajes-en-video","status":"publish","type":"post","link":"https:\/\/dimensionturistica.com\/es\/uber-prueba-en-brasil-grabacion-de-viajes-en-video\/","title":{"rendered":"Uber prueba en Brasil grabaci\u00f3n de viajes en video"},"content":{"rendered":"<p> <br \/>\n<\/p>\n<div>\n    <span class=\"author\" itemprop=\"author\">Reuters<\/span><\/p>\n<p>\n    <span class=\"location\" itemprop=\"contentLocation\">Ciudad de M\u00e9xico<\/span> \/ <time datetime=\"19-04-2021 19:31:48\" itemprop=\"datePublished\">19.04.2021 19:31:48<\/time><br \/>\n    <meta itemprop=\"dateCreated\" content=\"19-04-2021 19:31:48\"\/><br \/>\n    <meta itemprop=\"dateModified\" content=\"2021-04-19 19:31:48.000000\"\/>\n  <\/p>\n<div id=\"content-body\" class=\"media-container news\" itemprop=\"articleBody\">\n<p><a rel=\"nofollow noopener\" target=\"_blank\" href=\"https:\/\/www.milenio.com\/temas\/uber\">Uber<\/a>\u00a0comenzar\u00e1 a probar una funci\u00f3n que le permite grabar los trayectos de sus pasajeros en video en la Ciudad de Sao Paulo, Brasil, con la finalidad <b>de medir la aceptaci\u00f3n del recurso en grandes centros urbanos.<\/b><\/p>\n<p>La herramienta, disponible a trav\u00e9s de la aplicaci\u00f3n<b> asociada Sentinel<\/b>, de la empresa <b>Grip Mobility<\/b>, permite a los conductores usar la c\u00e1mara de su tel\u00e9fono celular para grabar video y audio desde el inside del veh\u00edculo durante todo el viaje.<\/p>\n<p>Esta funci\u00f3n est\u00e1 siendo probada por<b> Uber solo en Brasil,<\/b> y desde febrero ha estado disponible para un n\u00famero limitado de conductores en ciudades m\u00e1s peque\u00f1as, &#8220;donde es posible analizar los resultados m\u00e1s de cerca&#8221;, dijo la empresa.<\/p>\n<blockquote><p>&#8220;Comenzamos con capitales m\u00e1s peque\u00f1as y ciudades medianas, como Aracaju, Natal, Campo Grande, Sorocaba (SP), y ahora nos estamos expandiendo para evaluar los resultados en capitales m\u00e1s grandes, como <b>Recife, Porto Alegre, Belo Horizonte y S\u00e3o Paulo&#8221;, dijo la empresa.<\/b><\/p><\/blockquote>\n<p><b>La herramienta fue creada para mejorar la seguridad en los viajes y las pruebas tienen como objetivo<\/b> medir el impacto que estos movies pueden tener tanto para los conductores como para los pasajeros.<\/p>\n<p>La compa\u00f1\u00eda dijo a Reuters que, por razones estrat\u00e9gicas, no puede revelar resultados preliminares de ciudades que ya han sido testeadas hace unos meses, ni decir cu\u00e1ntos conductores tienen acceso a la funci\u00f3n en la fase de prueba.<\/p>\n<p>lvm<\/p>\n<p>\u200b<\/p>\n<p>\u200b<\/p>\n<\/p><\/div>\n<\/div>\n<p><script async defer crossorigin=\"anonymous\" src=\"https:\/\/connect.facebook.net\/es_LA\/sdk.js#xfbml=1&#038;version=v7.0\" nonce=\"ZELF4oef\"><\/script><br \/>\n<br \/><\/p>\n<p><em> &#8221; Fuentes www.milenio.com &#8221; <\/em><\/p>\n","protected":false},"excerpt":{"rendered":"<p>Reuters Ciudad de M\u00e9xico \/ 19.04.2021 19:31:48 Uber\u00a0comenzar\u00e1 a probar una funci\u00f3n que le permite grabar los trayectos de sus pasajeros en video en la Ciudad de Sao Paulo, Brasil, con la finalidad de medir la aceptaci\u00f3n del recurso en grandes centros urbanos. La herramienta, disponible a trav\u00e9s de la aplicaci\u00f3n asociada Sentinel, de la [&hellip;]<\/p>\n","protected":false},"author":4,"featured_media":123268,"comment_status":"open","ping_status":"closed","sticky":false,"template":"","format":"standard","meta":{"om_disable_all_campaigns":false,"jnews-multi-image_gallery":[],"jnews_single_post":[],"jnews_primary_category":[],"jnews_social_meta":[],"footnotes":""},"categories":[39],"tags":[1824,23403,10284,17347,1537,545,442],"class_list":["post-123267","post","type-post","status-publish","format-standard","has-post-thumbnail","hentry","category-viajes","tag-brasil","tag-grabacion","tag-herramienta","tag-sao-paulo","tag-uber","tag-viajes","tag-video"],"_links":{"self":[{"href":"https:\/\/dimensionturistica.com\/es\/wp-json\/wp\/v2\/posts\/123267","targetHints":{"allow":["GET"]}}],"collection":[{"href":"https:\/\/dimensionturistica.com\/es\/wp-json\/wp\/v2\/posts"}],"about":[{"href":"https:\/\/dimensionturistica.com\/es\/wp-json\/wp\/v2\/types\/post"}],"author":[{"embeddable":true,"href":"https:\/\/dimensionturistica.com\/es\/wp-json\/wp\/v2\/users\/4"}],"replies":[{"embeddable":true,"href":"https:\/\/dimensionturistica.com\/es\/wp-json\/wp\/v2\/comments?post=123267"}],"version-history":[{"count":0,"href":"https:\/\/dimensionturistica.com\/es\/wp-json\/wp\/v2\/posts\/123267\/revisions"}],"wp:featuredmedia":[{"embeddable":true,"href":"https:\/\/dimensionturistica.com\/es\/wp-json\/wp\/v2\/media\/123268"}],"wp:attachment":[{"href":"https:\/\/dimensionturistica.com\/es\/wp-json\/wp\/v2\/media?parent=123267"}],"wp:term":[{"taxonomy":"category","embeddable":true,"href":"https:\/\/dimensionturistica.com\/es\/wp-json\/wp\/v2\/categories?post=123267"},{"taxonomy":"post_tag","embeddable":true,"href":"https:\/\/dimensionturistica.com\/es\/wp-json\/wp\/v2\/tags?post=123267"}],"curies":[{"name":"wp","href":"https:\/\/api.w.org\/{rel}","templated":true}]}}