{"id":123215,"date":"2021-05-07T17:36:39","date_gmt":"2021-05-07T17:36:39","guid":{"rendered":"https:\/\/dimensionturistica.com\/es\/?p=123215"},"modified":"2021-05-07T17:36:39","modified_gmt":"2021-05-07T17:36:39","slug":"defiende-amav-a-tapijulapa-asegura-que-existen-condiciones-para-visitar-el-pueblo-magico","status":"publish","type":"post","link":"https:\/\/dimensionturistica.com\/es\/defiende-amav-a-tapijulapa-asegura-que-existen-condiciones-para-visitar-el-pueblo-magico\/","title":{"rendered":"Defiende AMAV a Tapijulapa, asegura que existen condiciones para visitar el Pueblo M\u00e1gico"},"content":{"rendered":"<p> <br \/>\n<\/p>\n<div>\n<p>La Asociaci\u00f3n Mexicana de Agencias de Viaje (AMAV), delegaci\u00f3n <strong><strong><strong>Tabasco<\/strong><\/strong><\/strong>, asegur\u00f3 que s\u00ed existen condiciones para que turistas nacionales y extranjeros visiten el Pueblo M\u00e1gico de <strong><strong><strong>Tapijulapa<\/strong><\/strong><\/strong>, pese a las criticas por un presunto abandono de parte de las autoridades.<\/p>\n<p>La presidenta del organismo, Karla Campos Gonz\u00e1lez, afirm\u00f3 que la localidad contin\u00faa en reactivaci\u00f3n tras sufrir afectaciones por las pasadas inundaciones, para lo cual est\u00e1n ayudando a comerciantes locales.\u00a0<\/p>\n<p>Apunt\u00f3 que se sigue incluyendo <strong><strong><strong>Tapijulapa<\/strong><\/strong><\/strong> dentro de los paquetes tur\u00edsticos y adem\u00e1s se est\u00e1n habilitados otras actividades en el Pueblo M\u00e1gico para ser m\u00e1s atractivo el destino.<\/p>\n<p><!-- CtrlPublicidad Inicio nota2 --> <!-- CtrlPublicidad Final 99239 --><\/p>\n<p>&#8220;Se vieron afectados por la inundaci\u00f3n y hay asociaciones que los est\u00e1n ayudando, es una reactivaci\u00f3n lenta pero nosotros estamos con toda la actitud de apoyar a todas las rutas. S\u00ed hay condiciones, es el \u00fanico Pueblo M\u00e1gico que todos debemos cuidar y promocionar&#8221;, asever\u00f3.<\/p>\n<p>Campos Gonz\u00e1lez se\u00f1al\u00f3 que ya se encuentran planeando los paquetes que ofrecer\u00e1n en verano, mismos que adelant\u00f3 contemplar\u00e1n descuentos para ni\u00f1os y adultos mayores.<\/p>\n<p>Se\u00f1al\u00f3 que pese a que a\u00fan falta que se habiliten las zonas arqueol\u00f3gicas, impulsar\u00e1n otros atractivos del estado.<\/p>\n<p><!-- CtrlPublicidad Inicio nota3 --> <!-- CtrlPublicidad Final 99240 --><\/p>\n<p>&#8220;Nosotros estamos buscando otras alternativas por ejemplo para verano vamos a ofrecer el tour con el santuario del cangrejo azul en Para\u00edso, con todos los protocolos, visitas a las haciendas, tambi\u00e9n a las playas, visitas aqu\u00ed en city tour, visita a los museos, es lo que estamos manejando&#8221;, dijo.\u00a0<\/p>\n<blockquote class=\"twitter-tweet\">\n<p lang=\"es\" dir=\"ltr\">????? Ventila Karla Campos que se contin\u00faan detectando agencias de viaje &#8220;patito&#8221;, que operan principalmente a trav\u00e9s de redes sociales en <a rel=\"nofollow noopener\" target=\"_blank\" href=\"https:\/\/twitter.com\/hashtag\/Tabasco?src=hash&amp;ref_src=twsrc%5Etfw\">#<strong><strong>Tabasco<\/strong><\/strong><\/a> <a rel=\"nofollow noopener\" target=\"_blank\" href=\"https:\/\/t.co\/zNDOkKASyb\">pic.twitter.com\/zNDOkKASyb<\/a><\/p>\n<p>\u2014 xevt &#8211; xhvt (@xevtfm) <a rel=\"nofollow noopener\" target=\"_blank\" href=\"https:\/\/twitter.com\/xevtfm\/status\/1390695655404838912?ref_src=twsrc%5Etfw\">May 7, 2021<\/a><\/p><\/blockquote><\/div>\n<p><script async src=\"\/\/platform.twitter.com\/widgets.js\" charset=\"utf-8\"><\/script><script>\n                            (function (d, s, id) {\n                                var js, fjs = d.getElementsByTagName(s)[0];\n                                if (d.getElementById(id)) return;\n                                js = d.createElement(s); js.id = id;\n                                js.src = \"https:\/\/connect.facebook.net\/en_US\/all.js#xfbml=1&appId=280882251965109\";\n                                fjs.parentNode.insertBefore(js, fjs);\n                            }(document, 'script', 'facebook-jssdk'));\n                        <\/script><br \/>\n<br \/><\/p>\n<p><em> &#8221; Fuentes www.xevt.com &#8221; <\/em><\/p>\n","protected":false},"excerpt":{"rendered":"<p>La Asociaci\u00f3n Mexicana de Agencias de Viaje (AMAV), delegaci\u00f3n Tabasco, asegur\u00f3 que s\u00ed existen condiciones para que turistas nacionales y extranjeros visiten el Pueblo M\u00e1gico de Tapijulapa, pese a las criticas por un presunto abandono de parte de las autoridades. La presidenta del organismo, Karla Campos Gonz\u00e1lez, afirm\u00f3 que la localidad contin\u00faa en reactivaci\u00f3n tras [&hellip;]<\/p>\n","protected":false},"author":4,"featured_media":123216,"comment_status":"open","ping_status":"closed","sticky":false,"template":"","format":"standard","meta":{"om_disable_all_campaigns":false,"jnews-multi-image_gallery":[],"jnews_single_post":[],"jnews_primary_category":[],"jnews_social_meta":[],"footnotes":""},"categories":[40],"tags":[],"class_list":["post-123215","post","type-post","status-publish","format-standard","has-post-thumbnail","hentry","category-industria"],"_links":{"self":[{"href":"https:\/\/dimensionturistica.com\/es\/wp-json\/wp\/v2\/posts\/123215","targetHints":{"allow":["GET"]}}],"collection":[{"href":"https:\/\/dimensionturistica.com\/es\/wp-json\/wp\/v2\/posts"}],"about":[{"href":"https:\/\/dimensionturistica.com\/es\/wp-json\/wp\/v2\/types\/post"}],"author":[{"embeddable":true,"href":"https:\/\/dimensionturistica.com\/es\/wp-json\/wp\/v2\/users\/4"}],"replies":[{"embeddable":true,"href":"https:\/\/dimensionturistica.com\/es\/wp-json\/wp\/v2\/comments?post=123215"}],"version-history":[{"count":0,"href":"https:\/\/dimensionturistica.com\/es\/wp-json\/wp\/v2\/posts\/123215\/revisions"}],"wp:featuredmedia":[{"embeddable":true,"href":"https:\/\/dimensionturistica.com\/es\/wp-json\/wp\/v2\/media\/123216"}],"wp:attachment":[{"href":"https:\/\/dimensionturistica.com\/es\/wp-json\/wp\/v2\/media?parent=123215"}],"wp:term":[{"taxonomy":"category","embeddable":true,"href":"https:\/\/dimensionturistica.com\/es\/wp-json\/wp\/v2\/categories?post=123215"},{"taxonomy":"post_tag","embeddable":true,"href":"https:\/\/dimensionturistica.com\/es\/wp-json\/wp\/v2\/tags?post=123215"}],"curies":[{"name":"wp","href":"https:\/\/api.w.org\/{rel}","templated":true}]}}