{"id":123164,"date":"2021-05-07T15:52:23","date_gmt":"2021-05-07T15:52:23","guid":{"rendered":"https:\/\/dimensionturistica.com\/es\/?p=123164"},"modified":"2021-05-07T15:52:23","modified_gmt":"2021-05-07T15:52:23","slug":"viajar-de-nuevo-o-en-busca-del-tiempo-perdido-el-financiero","status":"publish","type":"post","link":"https:\/\/dimensionturistica.com\/es\/viajar-de-nuevo-o-en-busca-del-tiempo-perdido-el-financiero\/","title":{"rendered":"Viajar de nuevo o\u2026 en busca del tiempo perdido \u2013 El Financiero"},"content":{"rendered":"<p> <br \/>\n<\/p>\n<div id=\"\">\n<p class=\"default__StyledText-xb1qmn-0 kYamVn body-paragraph\">En su m\u00e1s reciente edici\u00f3n, el Radar Tur\u00edstico, documento de an\u00e1lisis sobre esta industria que elaboran STA Consultores, la agencia PR Central y Oghen Consulting, se\u00f1ala que a poco m\u00e1s de un a\u00f1o de que iniciara la peor disaster sanitaria, con un impacto devastador para la industria tur\u00edstica, los deseos de viajar siguen latentes. \u201cAnsiamos salir, volar, cambiar la rutina, celebrar, reencontrarnos con seres queridos, consentirnos\u201d, afirma.<\/p>\n<p class=\"default__StyledText-xb1qmn-0 kYamVn body-paragraph\">El documento, que ahora se publica cada dos meses, sostiene que con el trabajo de an\u00e1lisis que llevan a cabo han identificado las prioridades tanto de los viajeros como de la industria, \u201cpues conoci\u00e9ndolas, todos podremos hacer un mejor trabajo de planeaci\u00f3n y ejecuci\u00f3n estrat\u00e9gica para el presente a\u00f1o\u201d.<\/p>\n<p class=\"default__StyledText-xb1qmn-0 kYamVn body-paragraph\">Por tanto, aseguran que a partir de este 2021 el principal motivo para viajar es compensar lo que no se pudo hacer el a\u00f1o pasado, pero con diferentes caracter\u00edsticas, ya que lograron detectar varios tipos de viajes.<\/p>\n<p class=\"default__StyledText-xb1qmn-0 kYamVn body-paragraph\">El primero es el de \u2018Viajes con familiares y de reconexi\u00f3n\u2019. Incluye desde los viajes burbuja para seguirse cuidando con el c\u00edrculo acquainted con el que se hizo el confinamiento, hasta los viajes para reconectar con todo aquello con lo que no se tuvo contacto en 2020: naturaleza, otros familiares y lugares.<\/p>\n<p class=\"default__StyledText-xb1qmn-0 kYamVn body-paragraph\">Sostienen que 32 por ciento de las conversaciones en redes sociales relacionadas con viajes y con viajar mencionan las palabras \u2018familia\u2019, \u2018familiar\u2019 o \u2018familiares\u2019; en tanto que el diez por ciento mencionan a mascotas o animales.<\/p>\n<p class=\"default__StyledText-xb1qmn-0 kYamVn body-paragraph\">Otro es el de \u2018Viajes con prop\u00f3sito\/impacto\u2019. Este tiene por objetivo conocer a la comunidad receptora y su forma de vida; saber c\u00f3mo impacta el turismo en el medio ambiente; aumentar la derrama econ\u00f3mica en operadores independientes y gente no necesariamente relacionada con el turismo; seleccionar un operador sustentable (ambiental, social y econ\u00f3mico); empacar ligero e inteligente; comer y consumir native, ser consciente de la generaci\u00f3n de basura y compartir la experiencia.<\/p>\n<p class=\"default__StyledText-xb1qmn-0 kYamVn body-paragraph\">A un tercero lo denominaron \u2018Viajes indulgentes\u2019, porque adem\u00e1s de que el mexicano por naturaleza realiza este tipo de viajes, en 2021 se acentuar\u00e1 esta tendencia. Seg\u00fan <a rel=\"nofollow noopener\" target=\"_blank\" href=\"http:\/\/hoteles.com\/\">hoteles.com<\/a>, esto se ver\u00e1 reflejado en reservaciones de mayor calidad: mejores habitaciones y consumos en spa.<\/p>\n<p class=\"default__StyledText-xb1qmn-0 kYamVn body-paragraph\">Uno m\u00e1s es el de \u2018Viajes de celebraci\u00f3n\u2019. \u201cEl 2021 presenta la oportunidad de hacer retroactivas todas las ocasiones que no se pudieron festejar el a\u00f1o anterior, as\u00ed como incluir nuevos retos y logros cumplidos\u201d, precisa Radar Tur\u00edstico.<\/p>\n<p class=\"default__StyledText-xb1qmn-0 kYamVn body-paragraph\">No pod\u00edan faltar los \u2018Viajes de rejuvenecimiento y recarga\u2019, ya que durante 2021 el viajero buscar\u00e1 recuperarse de un a\u00f1o sedentario y, en muchas ocasiones, en aislamiento y con exceso de tiempo sentado frente a una pantalla.<\/p>\n<p class=\"default__StyledText-xb1qmn-0 kYamVn body-paragraph\">El \u00faltimo tipo de viaje detectado es el de \u2018Workation\u2019 o n\u00f3madas digitales que, asegura la publicaci\u00f3n, seguir\u00e1n como una tendencia. \u201cDe acuerdo con Transparent, la estad\u00eda en alquileres vacacionales ha superado considerablemente los registros de 2019, lo cual hace m\u00e1s delgada la l\u00ednea entre viajes de trabajo y de placer. Los n\u00f3madas digitales no van a sustituir al trabajo como lo conocemos. Ahora que muchos empleados est\u00e1n regresando a las oficinas, un modelo que combine lo presencial con lo virtual es m\u00e1s probable\u201d, pronostican.<\/p>\n<p class=\"default__StyledText-xb1qmn-0 kYamVn body-paragraph\">Finalmente, sobre los viajes de trabajo y la industria de reuniones su expectativa es conservadora. \u201cHist\u00f3ricamente, la recuperaci\u00f3n de los viajes de negocios ha sido m\u00e1s lenta que los viajes de placer. Se estima que, en el mejor de los casos, al cierre de 2021 el gasto en viajes de negocios vuelva al 50 por ciento de los niveles de 2019. Los primeros que se van a recuperar son los viajes de proximidad y de reuniones entre pocas personas y al final las conferencias, convenciones, exposiciones y eventos\u201d.<\/p>\n<p class=\"default__StyledText-xb1qmn-0 kYamVn body-paragraph\">Pero quiz\u00e1 lo mejor sea que la reactivaci\u00f3n ya est\u00e1 en marcha: ya vacunada, mucha gente se est\u00e1 animando a viajar de nuevo y los congresos est\u00e1n reapareciendo. De forma paulatina, pero comenzamos el camino hacia la nueva normalidad en el turismo.<\/p>\n<\/div>\n\n<p><em> &#8221; Fuentes www.elfinanciero.com.mx &#8221; <\/em><\/p>\n","protected":false},"excerpt":{"rendered":"<p>En su m\u00e1s reciente edici\u00f3n, el Radar Tur\u00edstico, documento de an\u00e1lisis sobre esta industria que elaboran STA Consultores, la agencia PR Central y Oghen Consulting, se\u00f1ala que a poco m\u00e1s de un a\u00f1o de que iniciara la peor disaster sanitaria, con un impacto devastador para la industria tur\u00edstica, los deseos de viajar siguen latentes. \u201cAnsiamos [&hellip;]<\/p>\n","protected":false},"author":4,"featured_media":123165,"comment_status":"open","ping_status":"closed","sticky":false,"template":"","format":"standard","meta":{"om_disable_all_campaigns":false,"jnews-multi-image_gallery":[],"jnews_single_post":[],"jnews_primary_category":[],"jnews_social_meta":[],"footnotes":""},"categories":[39],"tags":[1296,626,545],"class_list":["post-123164","post","type-post","status-publish","format-standard","has-post-thumbnail","hentry","category-viajes","tag-industria-turistica","tag-pandemia","tag-viajes"],"_links":{"self":[{"href":"https:\/\/dimensionturistica.com\/es\/wp-json\/wp\/v2\/posts\/123164","targetHints":{"allow":["GET"]}}],"collection":[{"href":"https:\/\/dimensionturistica.com\/es\/wp-json\/wp\/v2\/posts"}],"about":[{"href":"https:\/\/dimensionturistica.com\/es\/wp-json\/wp\/v2\/types\/post"}],"author":[{"embeddable":true,"href":"https:\/\/dimensionturistica.com\/es\/wp-json\/wp\/v2\/users\/4"}],"replies":[{"embeddable":true,"href":"https:\/\/dimensionturistica.com\/es\/wp-json\/wp\/v2\/comments?post=123164"}],"version-history":[{"count":0,"href":"https:\/\/dimensionturistica.com\/es\/wp-json\/wp\/v2\/posts\/123164\/revisions"}],"wp:featuredmedia":[{"embeddable":true,"href":"https:\/\/dimensionturistica.com\/es\/wp-json\/wp\/v2\/media\/123165"}],"wp:attachment":[{"href":"https:\/\/dimensionturistica.com\/es\/wp-json\/wp\/v2\/media?parent=123164"}],"wp:term":[{"taxonomy":"category","embeddable":true,"href":"https:\/\/dimensionturistica.com\/es\/wp-json\/wp\/v2\/categories?post=123164"},{"taxonomy":"post_tag","embeddable":true,"href":"https:\/\/dimensionturistica.com\/es\/wp-json\/wp\/v2\/tags?post=123164"}],"curies":[{"name":"wp","href":"https:\/\/api.w.org\/{rel}","templated":true}]}}