{"id":123122,"date":"2021-05-07T13:24:49","date_gmt":"2021-05-07T13:24:49","guid":{"rendered":"https:\/\/dimensionturistica.com\/es\/?p=123122"},"modified":"2021-05-07T13:24:49","modified_gmt":"2021-05-07T13:24:49","slug":"presentan-en-cuba-primera-bolsa-turistica-del-oriente","status":"publish","type":"post","link":"https:\/\/dimensionturistica.com\/es\/presentan-en-cuba-primera-bolsa-turistica-del-oriente\/","title":{"rendered":"Presentan en Cuba primera Bolsa Tur\u00edstica del Oriente |"},"content":{"rendered":"<p> <br \/>\n<\/p>\n<div>\n<div id=\"attachment_255992\" style=\"width: 610px\" class=\"wp-caption aligncenter\"><img decoding=\"async\" aria-describedby=\"caption-attachment-255992\" loading=\"lazy\" class=\"size-full wp-image-255992\" src=\"http:\/\/bohemia.cu\/wp-content\/uploads\/2021\/05\/bolsa-turistica-oriente.jpg\" alt=\"Presentan en Cuba primera Bolsa Tur\u00edstica del Oriente.\" width=\"600\" height=\"300\" srcset=\"https:\/\/bohemia.cu\/wp-content\/uploads\/2021\/05\/bolsa-turistica-oriente.jpg 600w, https:\/\/bohemia.cu\/wp-content\/uploads\/2021\/05\/bolsa-turistica-oriente-300x150.jpg 300w, https:\/\/bohemia.cu\/wp-content\/uploads\/2021\/05\/bolsa-turistica-oriente-230x115.jpg 230w, https:\/\/bohemia.cu\/wp-content\/uploads\/2021\/05\/bolsa-turistica-oriente-190x95.jpg 190w, https:\/\/bohemia.cu\/wp-content\/uploads\/2021\/05\/bolsa-turistica-oriente-180x90.jpg 180w, https:\/\/bohemia.cu\/wp-content\/uploads\/2021\/05\/bolsa-turistica-oriente-350x175.jpg 350w\" sizes=\"auto, (max-width: 600px) 100vw, 600px\" \/><\/p>\n<p id=\"caption-attachment-255992\" class=\"wp-caption-text\">La primera Bolsa Tur\u00edstica del Oriente de Cuba fue presentada de manera digital. (Foto: traveltradecaribbean.es).<\/p>\n<\/div>\n<p>Las potencialidades tur\u00edsticas de la regi\u00f3n oriental cubana fueron presentadas en la primera Bolsa Tur\u00edstica de esa regi\u00f3n, por parte de las delegaciones territoriales del Ministerio del Turismo (Mintur).<\/p>\n<p>La muestra de varios productos tur\u00edsticos relacionados con los circuitos, campamentos, rutas y multidestinos, se realiz\u00f3 a m\u00e1s de 10 consejeros de turismo en naciones como Alemania, Colombia, Chile y Canad\u00e1, aprovechando las plataformas virtuales debido a la pandemia de la COVID-19.<\/p>\n<p>Mar\u00eda Gema Su\u00e1rez, subdelegada de la cadena hotelera Cubanac\u00e1n en Camag\u00fcey, explic\u00f3 al medio digital Cadena Agramonte, que las potencialidades tur\u00edsticas se muestran a partir de la identificaci\u00f3n de los recursos en la ciudad, en la playa Santa Luc\u00eda y para el ecoturismo con que cuenta el territorio, que lo diferencian del resto de las demarcaciones, y que a la vez conforman la singularidad de la regi\u00f3n Este de Cuba.<\/p>\n<p>Se\u00f1al\u00f3 adem\u00e1s que en los circuitos presentados se explotan las ra\u00edces, tradiciones, costumbres y la historia de la regi\u00f3n.<br \/>El evento m\u00e1s importante en Cuba de la industria de los viajes es la Feria Internacional de Turismo, edici\u00f3n anual que ha sido postergada debido a la COVID-19. (ACN).<\/p>\n<\/p><\/div>\n\n<p><em> &#8221; Fuentes bohemia.cu &#8221; <\/em><\/p>\n","protected":false},"excerpt":{"rendered":"<p>La primera Bolsa Tur\u00edstica del Oriente de Cuba fue presentada de manera digital. (Foto: traveltradecaribbean.es). Las potencialidades tur\u00edsticas de la regi\u00f3n oriental cubana fueron presentadas en la primera Bolsa Tur\u00edstica de esa regi\u00f3n, por parte de las delegaciones territoriales del Ministerio del Turismo (Mintur). La muestra de varios productos tur\u00edsticos relacionados con los circuitos, campamentos, [&hellip;]<\/p>\n","protected":false},"author":4,"featured_media":123123,"comment_status":"open","ping_status":"closed","sticky":false,"template":"","format":"standard","meta":{"om_disable_all_campaigns":false,"jnews-multi-image_gallery":[],"jnews_single_post":[],"jnews_primary_category":[],"jnews_social_meta":[],"footnotes":""},"categories":[40],"tags":[],"class_list":["post-123122","post","type-post","status-publish","format-standard","has-post-thumbnail","hentry","category-industria"],"_links":{"self":[{"href":"https:\/\/dimensionturistica.com\/es\/wp-json\/wp\/v2\/posts\/123122","targetHints":{"allow":["GET"]}}],"collection":[{"href":"https:\/\/dimensionturistica.com\/es\/wp-json\/wp\/v2\/posts"}],"about":[{"href":"https:\/\/dimensionturistica.com\/es\/wp-json\/wp\/v2\/types\/post"}],"author":[{"embeddable":true,"href":"https:\/\/dimensionturistica.com\/es\/wp-json\/wp\/v2\/users\/4"}],"replies":[{"embeddable":true,"href":"https:\/\/dimensionturistica.com\/es\/wp-json\/wp\/v2\/comments?post=123122"}],"version-history":[{"count":0,"href":"https:\/\/dimensionturistica.com\/es\/wp-json\/wp\/v2\/posts\/123122\/revisions"}],"wp:featuredmedia":[{"embeddable":true,"href":"https:\/\/dimensionturistica.com\/es\/wp-json\/wp\/v2\/media\/123123"}],"wp:attachment":[{"href":"https:\/\/dimensionturistica.com\/es\/wp-json\/wp\/v2\/media?parent=123122"}],"wp:term":[{"taxonomy":"category","embeddable":true,"href":"https:\/\/dimensionturistica.com\/es\/wp-json\/wp\/v2\/categories?post=123122"},{"taxonomy":"post_tag","embeddable":true,"href":"https:\/\/dimensionturistica.com\/es\/wp-json\/wp\/v2\/tags?post=123122"}],"curies":[{"name":"wp","href":"https:\/\/api.w.org\/{rel}","templated":true}]}}