{"id":123081,"date":"2021-05-07T11:06:51","date_gmt":"2021-05-07T11:06:51","guid":{"rendered":"https:\/\/dimensionturistica.com\/es\/?p=123081"},"modified":"2021-05-07T11:06:51","modified_gmt":"2021-05-07T11:06:51","slug":"calcular-el-coste-de-los-peajes-de-lo-viajes-por-carretera-con-el-nuevo-plan-de-peajes-del-gobierno","status":"publish","type":"post","link":"https:\/\/dimensionturistica.com\/es\/calcular-el-coste-de-los-peajes-de-lo-viajes-por-carretera-con-el-nuevo-plan-de-peajes-del-gobierno\/","title":{"rendered":"Calcular el coste de los peajes de lo viajes por carretera con el nuevo plan de peajes del Gobierno"},"content":{"rendered":"<p> <br \/>\n<\/p>\n<div>\n<p data-gtm-element-container=\"modulo-texto-link\" class=\"paragraph\">Un c\u00e9ntimo por kil\u00f3metro. Es la cuant\u00eda que maneja el Gobierno en la tarificaci\u00f3n que se aplicar\u00eda cuando en el 2024 se ponga en marcha el pago por uso en las carreteras espa\u00f1olas, seg\u00fan el compromiso que ha adquirido con Bruselas en el Plan de Recuperaci\u00f3n.<\/p>\n<p data-gtm-element-container=\"modulo-texto-link\" class=\"paragraph\">Desde el\u00a0Ministerio de Transportes, Movilidad y Agenda Urbana se insiste\u00a0en que todav\u00eda est\u00e1 todo por definir y que la legislaci\u00f3n ultimate sobre este tema deber\u00e1 estar consensuada tanto en el \u00e1mbito pol\u00edtico como en el de los profesionales del sector del transporte.<\/p>\n<p data-gtm-element-container=\"modulo-texto-link\" class=\"paragraph\">El nuevo plan, todav\u00eda en fase embrionaria, supondr\u00eda una revoluci\u00f3n en el transporte terrestre en Espa\u00f1a. El actual decreto en el que trabaja Transportes recoger\u00eda la aplicaci\u00f3n de ese c\u00e9ntimo por kil\u00f3metro en las carreteras estatales de dos o m\u00e1s carriles. Esto es, en las autopistas, autov\u00edas y carreteras nacionales si tienen m\u00e1s de dos carriles.<\/p>\n<p><span class=\"content-ad-module  hidden-ad hidden-ad\"><\/p>\n<p><span class=\"content-ad visible-xs roba-container  hidden-ad\"><span class=\"ad-unit roba\"><\/p>\n<p>                <\/span><\/span><span class=\"content-ad visible-md irr-container  hidden-ad\"><span class=\"ad-unit irr\"><\/p>\n<p>                <\/span><\/span><span class=\"content-html\"><span class=\"intext-md hidden-xs hidden-md\"\/><\/span><\/span><\/p>\n<p data-gtm-element-container=\"modulo-texto-link\" class=\"paragraph\">Por ahora no se conocen tarifas en el resto de la crimson de carreteras.<\/p>\n<p><span class=\"content-free-html  \"><iframe class=\"iframe-resize lazy\" width=\"100%\" scrolling=\"no\" frameborder=\"0\" data-src=\"https:\/\/stories.lavanguardia.com\/especial\/htmlbox\/calculadoras\/peajes.html\"><\/iframe><\/span><\/p>\n<figure class=\"composite-image image-container \" data-gtm-element-container=\"button-gallery\"><picture><source media=\"(min-width: 638px)\" data-srcset=\"https:\/\/www.lavanguardia.com\/files\/content_image_desktop_filter\/files\/fp\/uploads\/2021\/04\/26\/60869c124d629.r_d.2874-2172.jpeg\"><source media=\"(min-width: 480px)\" data-srcset=\"https:\/\/www.lavanguardia.com\/files\/content_image_intermediate_filter\/files\/fp\/uploads\/2021\/04\/26\/60869c124d629.r_d.2874-2172.jpeg\"><img decoding=\"async\" data-full-src=\"https:\/\/www.lavanguardia.com\/uploads\/2021\/04\/26\/60869c124d629.jpeg\" alt=\"Peajes en Catalunya\" src=\"https:\/\/www.lavanguardia.com\/files\/content_image_mobile_filter\/files\/fp\/uploads\/2021\/04\/26\/60869c124d629.r_d.2874-2172.jpeg\" class=\"lazy\"\/><\/source><\/source><\/picture><figcaption class=\"figure-caption\">\n<p class=\"caption-title \">Peajes en Catalunya<\/p>\n<p>                    <span class=\"caption-author \">Iakov Filimonov<\/span><\/p>\n<\/figcaption><\/figure>\n<p data-gtm-element-container=\"modulo-texto-link\" class=\"paragraph\">El c\u00e1lculo de la propuesta precise \u2013un c\u00e9ntimo por km\u2013, por poner un ejemplo pr\u00e1ctico, supondr\u00eda que recorrer los 621 kil\u00f3metros entre Madrid y Barcelona tendr\u00eda un coste de 6,21 euros. En contrapartida, la tarificaci\u00f3n reducir\u00eda el coste precise de viajar por algunas autopistas como la AP-7 entre Barcelona y Tarragona, trayecto que costar\u00eda unos 9,50 euros.<\/p>\n<p><span class=\"content-free-html  \"><iframe id=\"datawrapper-chart-vxPML\" scrolling=\"no\" frameborder=\"0\" style=\"width: 0; min-width: 100% !important;\" data-src=\"https:\/\/datawrapper.dwcdn.net\/vxPML\/1\/\" class=\"lazy\"><\/iframe><\/span><\/p>\n<p data-gtm-element-container=\"modulo-texto-link\" class=\"paragraph\">Pese a todo, en el texto enviado a Bruselas, el Gobierno explica que la medida ser\u00e1 modulable y que podr\u00e1n establecer exenciones, incentivos y bonificaciones seg\u00fan la negociaci\u00f3n que se desarrolle antes del 2024.\u00a0<\/p>\n<p data-gtm-element-container=\"modulo-texto-link\" class=\"paragraph\">\u201cLa fecha del 2024 es orientativa porque la implantaci\u00f3n de la medida siempre depender\u00e1 de la recuperaci\u00f3n econ\u00f3mica y de que se vuelva a los niveles habituales de crecimiento del PIB anteriores a la pandemia de la covid\u201d, ha apuntado en todo caso\u00a0la ministra de Hacienda, Mar\u00eda Jes\u00fas Montero.\u00a0<\/p>\n<p><span class=\"content-ad-module  hidden-ad\"><\/p>\n<p><span class=\"content-ad visible-xs irr-container  hidden-ad\"><span class=\"ad-unit irr\"><\/p>\n<p>                <\/span><\/span><span class=\"content-html\"><span class=\"intext-xs hidden-xs hidden-md\"\/><\/span><\/span><span class=\"content-free-html  \"><br \/>\n<\/span><span class=\"content-ad-module  hidden-ad\"><\/p>\n<p><span class=\"content-ad visible-xs roba-container  hidden-ad\"><span class=\"ad-unit roba\"><\/p>\n<p>                <\/span><\/span><\/span>\n<\/div>\n<p><script type=\"script\/gg\">\ngg.didomi.doWhenConsent(!window.didomiBypass, 'c:facebooka-frU9M5JY', function () {\n!function(f,b,e,v,n,t,s)\n{if(f.fbq)return;n=f.fbq=function(){n.callMethod?\nn.callMethod.apply(n,arguments):n.queue.push(arguments)};\nif(!f._fbq)f._fbq=n;n.push=n;n.loaded=!0;n.version='2.0';\nn.queue=[];t=b.createElement(e);t.async=!0;\nt.src=v;s=b.getElementsByTagName(e)[0];\ns.parentNode.insertBefore(t,s)}(window, document,'script',\n'https:\/\/connect.facebook.net\/en_US\/fbevents.js');\nfbq('init', '161843274362284');\nfbq('track', 'PageView');\n});\n<\/script><br \/>\n<br \/><\/p>\n<p><em> &#8221; Fuentes www.lavanguardia.com &#8221; <\/em><\/p>\n","protected":false},"excerpt":{"rendered":"<p>Un c\u00e9ntimo por kil\u00f3metro. Es la cuant\u00eda que maneja el Gobierno en la tarificaci\u00f3n que se aplicar\u00eda cuando en el 2024 se ponga en marcha el pago por uso en las carreteras espa\u00f1olas, seg\u00fan el compromiso que ha adquirido con Bruselas en el Plan de Recuperaci\u00f3n. Desde el\u00a0Ministerio de Transportes, Movilidad y Agenda Urbana se [&hellip;]<\/p>\n","protected":false},"author":4,"featured_media":123082,"comment_status":"open","ping_status":"closed","sticky":false,"template":"","format":"standard","meta":{"om_disable_all_campaigns":false,"jnews-multi-image_gallery":[],"jnews_single_post":[],"jnews_primary_category":[],"jnews_social_meta":[],"footnotes":""},"categories":[40],"tags":[],"class_list":["post-123081","post","type-post","status-publish","format-standard","has-post-thumbnail","hentry","category-industria"],"_links":{"self":[{"href":"https:\/\/dimensionturistica.com\/es\/wp-json\/wp\/v2\/posts\/123081","targetHints":{"allow":["GET"]}}],"collection":[{"href":"https:\/\/dimensionturistica.com\/es\/wp-json\/wp\/v2\/posts"}],"about":[{"href":"https:\/\/dimensionturistica.com\/es\/wp-json\/wp\/v2\/types\/post"}],"author":[{"embeddable":true,"href":"https:\/\/dimensionturistica.com\/es\/wp-json\/wp\/v2\/users\/4"}],"replies":[{"embeddable":true,"href":"https:\/\/dimensionturistica.com\/es\/wp-json\/wp\/v2\/comments?post=123081"}],"version-history":[{"count":0,"href":"https:\/\/dimensionturistica.com\/es\/wp-json\/wp\/v2\/posts\/123081\/revisions"}],"wp:featuredmedia":[{"embeddable":true,"href":"https:\/\/dimensionturistica.com\/es\/wp-json\/wp\/v2\/media\/123082"}],"wp:attachment":[{"href":"https:\/\/dimensionturistica.com\/es\/wp-json\/wp\/v2\/media?parent=123081"}],"wp:term":[{"taxonomy":"category","embeddable":true,"href":"https:\/\/dimensionturistica.com\/es\/wp-json\/wp\/v2\/categories?post=123081"},{"taxonomy":"post_tag","embeddable":true,"href":"https:\/\/dimensionturistica.com\/es\/wp-json\/wp\/v2\/tags?post=123081"}],"curies":[{"name":"wp","href":"https:\/\/api.w.org\/{rel}","templated":true}]}}