{"id":123075,"date":"2021-05-07T10:33:26","date_gmt":"2021-05-07T10:33:26","guid":{"rendered":"https:\/\/dimensionturistica.com\/es\/?p=123075"},"modified":"2021-05-07T10:33:26","modified_gmt":"2021-05-07T10:33:26","slug":"la-ruta-del-vino-la-manchuela-estara-en-fitur-2021","status":"publish","type":"post","link":"https:\/\/dimensionturistica.com\/es\/la-ruta-del-vino-la-manchuela-estara-en-fitur-2021\/","title":{"rendered":"La Ruta del Vino La Manchuela estar\u00e1 en Fitur 2021"},"content":{"rendered":"<p> <br \/>\n<\/p>\n<div>\n<p class=\"text-align-justify\"><span><span><span><span><span><span><img decoding=\"async\" alt=\"\" class=\"img-responsive\" height=\"635\" src=\"https:\/\/www.expreso.info\/files\/2021-05\/Manchuela_Ruta_del_Vino_Fitur.jpg\" width=\"1152\"\/>La Ruta del Vino la Manchuela tendr\u00e1 stand en FITUR gracias a la apuesta de la Junta de Comunidades de Castilla la Mancha por el enoturismo. All\u00ed dar\u00e1n a conocer todas las novedades en las que se est\u00e1 trabajando desde la Ruta.<\/span><\/span><\/span><\/span><\/span><\/span><\/p>\n<p class=\"text-align-justify\"><span><span><span><span><span><span>La <a rel=\"nofollow noopener\" target=\"_blank\" href=\"http:\/\/www.rutadelvinolamanchuela.com\/\">Ruta del Vino la Manchuela<\/a> va a tener presencia este mes de mayo en la feria m\u00e1s importante del turismo de Espa\u00f1a, FITUR, que este a\u00f1o tiene lugar en Mayo en vez de en Enero, como suele ser ordinary. <\/span><\/span><\/span><\/span><\/span><\/span><\/p>\n<p class=\"text-align-justify\"><span><span><span><span><span><span>El sector tur\u00edstico tiene puestas muchas esperanzas en esta feria, para dar el pistoletazo de salida a la recuperaci\u00f3n del sector. Ser\u00e1 un buen escaparate para demostrar la fortaleza del turismo en Espa\u00f1a y poder presentar todas las novedades del sector.<\/span><\/span><\/span><\/span><\/span><\/span><\/p>\n<p class=\"text-align-justify\"><span><span><span><span><span><span>Para esta edici\u00f3n de FITUR, la Junta de Comunidades de Castilla la Mancha volver\u00e1 a disponer de un stand para las Rutas del Vino de Castilla la Mancha, en el que dar\u00e1n cobertura a las tres Rutas, para estar presentes en esta feria con mostrador propio y con espacio de reuniones para los d\u00edas 19, 20 y 21 de mayo. <\/span><\/span><\/span><\/span><\/span><\/span><\/p>\n<p class=\"text-align-justify\"><span><span><span><span><span><span>Durante estos d\u00edas se tendr\u00e1n reuniones profesionales con agencias de viaje y turoperadores y con empresas de servicios tecnol\u00f3gicos de inter\u00e9s para los asociados.<\/span><\/span><\/span><\/span><\/span><\/span><\/p>\n<p class=\"text-align-justify\"><span><span><span><span><span><span>Gracias a estas reuniones profesionales se podr\u00e1 presentar toda la oferta tur\u00edstica con la que cuenta la Ruta del Vino la Manchuela: bodegas, alojamientos, restaurantes, actividades deportivas, visitas guiadas, and so on. Adem\u00e1s, se har\u00e1 promoci\u00f3n del destino, mostrando a los asistentes el rico patrimonio cultural y pure con el que cuenta la Manchuela.<\/span><\/span><\/span><\/span><\/span><\/span><\/p>\n<p class=\"text-align-justify\"><span><span><span><span><span><span>Por \u00faltimo, FITUR ser\u00e1 una buena ocasi\u00f3n para dar a conocer los paquetes enotur\u00edsticos que se van a ir creando a lo largo del mes de Mayo. Esto va a ser posible gracias a los diferentes acuerdos que se est\u00e1n llevando a cabo con agencias de viaje, para crear paquetes enotur\u00edsticos con los servicios de los asociados.<\/span><\/span><\/span><\/span><\/span><\/span><\/p>\n<p class=\"text-align-justify\"><span><span><span><em><span><span><span>Expreso. Redacci\u00f3n. A.F<\/span><\/span><\/span><\/em><\/span><\/span><\/span><\/p>\n<\/div>\n\n<p><em> &#8221; Fuentes www.expreso.info &#8221; <\/em><\/p>\n","protected":false},"excerpt":{"rendered":"<p>La Ruta del Vino la Manchuela tendr\u00e1 stand en FITUR gracias a la apuesta de la Junta de Comunidades de Castilla la Mancha por el enoturismo. All\u00ed dar\u00e1n a conocer todas las novedades en las que se est\u00e1 trabajando desde la Ruta. La Ruta del Vino la Manchuela va a tener presencia este mes de [&hellip;]<\/p>\n","protected":false},"author":4,"featured_media":123076,"comment_status":"open","ping_status":"closed","sticky":false,"template":"","format":"standard","meta":{"om_disable_all_campaigns":false,"jnews-multi-image_gallery":[],"jnews_single_post":[],"jnews_primary_category":[],"jnews_social_meta":[],"footnotes":""},"categories":[40],"tags":[],"class_list":["post-123075","post","type-post","status-publish","format-standard","has-post-thumbnail","hentry","category-industria"],"_links":{"self":[{"href":"https:\/\/dimensionturistica.com\/es\/wp-json\/wp\/v2\/posts\/123075","targetHints":{"allow":["GET"]}}],"collection":[{"href":"https:\/\/dimensionturistica.com\/es\/wp-json\/wp\/v2\/posts"}],"about":[{"href":"https:\/\/dimensionturistica.com\/es\/wp-json\/wp\/v2\/types\/post"}],"author":[{"embeddable":true,"href":"https:\/\/dimensionturistica.com\/es\/wp-json\/wp\/v2\/users\/4"}],"replies":[{"embeddable":true,"href":"https:\/\/dimensionturistica.com\/es\/wp-json\/wp\/v2\/comments?post=123075"}],"version-history":[{"count":0,"href":"https:\/\/dimensionturistica.com\/es\/wp-json\/wp\/v2\/posts\/123075\/revisions"}],"wp:featuredmedia":[{"embeddable":true,"href":"https:\/\/dimensionturistica.com\/es\/wp-json\/wp\/v2\/media\/123076"}],"wp:attachment":[{"href":"https:\/\/dimensionturistica.com\/es\/wp-json\/wp\/v2\/media?parent=123075"}],"wp:term":[{"taxonomy":"category","embeddable":true,"href":"https:\/\/dimensionturistica.com\/es\/wp-json\/wp\/v2\/categories?post=123075"},{"taxonomy":"post_tag","embeddable":true,"href":"https:\/\/dimensionturistica.com\/es\/wp-json\/wp\/v2\/tags?post=123075"}],"curies":[{"name":"wp","href":"https:\/\/api.w.org\/{rel}","templated":true}]}}