{"id":123044,"date":"2021-05-07T09:11:24","date_gmt":"2021-05-07T09:11:24","guid":{"rendered":"https:\/\/dimensionturistica.com\/es\/?p=123044"},"modified":"2021-05-07T09:11:24","modified_gmt":"2021-05-07T09:11:24","slug":"la-guardia-civil-detiene-a-4-personas-en-alicante-por-trata-y-explotacion-sexual-de-mujeres","status":"publish","type":"post","link":"https:\/\/dimensionturistica.com\/es\/la-guardia-civil-detiene-a-4-personas-en-alicante-por-trata-y-explotacion-sexual-de-mujeres\/","title":{"rendered":"La Guardia Civil detiene a 4 personas en Alicante por trata y explotaci\u00f3n sexual de mujeres"},"content":{"rendered":"<p> <br \/>\n<\/p>\n<div>\n<p data-gtm-element-container=\"modulo-texto-link\" class=\"paragraph\">A principios del mes de octubre de 2019, dos mujeres se encontraron con dos agentes de la Guardia Civil en la v\u00eda p\u00fablica en la localidad de Roquetas de Mar (Almer\u00eda), y les solicitaron auxilio.<\/p>\n<p data-gtm-element-container=\"modulo-texto-link\" class=\"paragraph\">Manifestaron a la patrulla que hab\u00edan sido tra\u00eddas mediante enga\u00f1o a Espa\u00f1a, a la localidad de Alicante, donde hab\u00edan sido v\u00edctimas de un delito de explotaci\u00f3n sexual bajo amenazas y que hab\u00edan conseguido huir hacia Almer\u00eda. Ante la gravedad de los hechos, se inici\u00f3 una investigaci\u00f3n por parte de los Equipos Mujer Menor de las Comandancias de Alicante y Almer\u00eda.<\/p>\n<p><span class=\"content-subtitle \"><\/p>\n<h3 class=\"subtitle\">Contactaban con mujeres que hab\u00edan huido de sus pa\u00edses de origen y estaban sumidas en situaciones de pobreza extrema<\/h3>\n<p><\/span><span class=\"content-ad-module  hidden-ad hidden-ad\"><\/p>\n<p><span class=\"content-ad visible-xs roba-container  hidden-ad\"><span class=\"ad-unit roba\"><\/p>\n<p>                <\/span><\/span><span class=\"content-ad visible-md irr-container  hidden-ad\"><span class=\"ad-unit irr\"><\/p>\n<p>                <\/span><\/span><span class=\"content-html\"><span class=\"intext-md hidden-xs hidden-md\"\/><\/span><\/span><\/p>\n<p data-gtm-element-container=\"modulo-texto-link\" class=\"paragraph\">La investigaci\u00f3n determin\u00f3 que estas mujeres, de nacionalidad venezolana, hab\u00edan sido tra\u00eddas a Espa\u00f1a por un matrimonio espa\u00f1ol afincado en Alicante. La pareja, que regenta un restaurante, hab\u00eda creado una agencia de viajes con el \u00fanico fin de poder traer mujeres de diferentes pa\u00edses latino-americanos sin levantar sospechas.<\/p>\n<p data-gtm-element-container=\"modulo-texto-link\" class=\"paragraph\">Contactaban previamente con las mujeres, que en todos los casos hab\u00edan huido de sus pa\u00edses de origen y estaban sumidas en situaciones de pobreza extrema, y les informaban de que ellos correr\u00edan con todos los gastos del viaje, y que esa cantidad la tendr\u00edan que devolver luego ejerciendo la prostituci\u00f3n.<\/p>\n<p data-gtm-element-container=\"modulo-texto-link\" class=\"paragraph\">A las que acced\u00edan, les enviaban los billetes de avi\u00f3n (de ida y vuelta, aunque el de vuelta ya no lo iban a utilizar) para que viajaran a Espa\u00f1a, les daban instrucciones de c\u00f3mo pasar el management de inmigraci\u00f3n y les indicaban que dijeran que ven\u00edan como turistas.<\/p>\n<p><span class=\"content-subtitle \"><\/p>\n<h3 class=\"subtitle\">Los proxenetas les enviaban billetes de ida y vuelta, aunque el de vuelta no lo iban a usar<\/h3>\n<p><\/span><\/p>\n<p data-gtm-element-container=\"modulo-texto-link\" class=\"paragraph\">A su llegada a Espa\u00f1a, las trasladaban a una vivienda de Alicante, donde les informaban que la deuda que hab\u00edan contra\u00eddo ascend\u00eda a cantidades de entre 1.500 y 2.300 euros, y les explicaban las condiciones para su devoluci\u00f3n.<\/p>\n<p><span class=\"content-ad-module  hidden-ad\"><\/p>\n<p><span class=\"content-ad visible-xs irr-container  hidden-ad\"><span class=\"ad-unit irr\"><\/p>\n<p>                <\/span><\/span><span class=\"content-html\"><span class=\"intext-xs hidden-xs hidden-md\"\/><\/span><\/span><\/p>\n<p data-gtm-element-container=\"modulo-texto-link\" class=\"paragraph\">Dichas condiciones consist\u00edan en que el importe se pagar\u00eda de manera \u00edntegra con el ejercicio de la prostituci\u00f3n, que el complete de cada uno de los servicios prestados ir\u00eda para los proxenetas. Ellas no tendr\u00edan acceso al dinero y ser\u00edan los proxenetas los que concertaran los pagos con los clientes, descontando la mitad de ese servicio del importe complete de la deuda.<\/p>\n<p data-gtm-element-container=\"modulo-texto-link\" class=\"paragraph\">Los problemas empezaron cuando, con la llegada de un nuevo socio al negocio, \u00e9ste se hizo con todas las llaves de la vivienda donde viv\u00edan y ejerc\u00edan la prostituci\u00f3n, les prohibi\u00f3 salir sin permiso, solo de manera particular person y para dar cortos paseos.<\/p>\n<p data-gtm-element-container=\"modulo-texto-link\" class=\"paragraph\">El nuevo socio empez\u00f3 a ofrecer a las mujeres en sitios internet de anuncios de prostituci\u00f3n sin el conocimiento ni consentimiento de ellas. Cuando las mujeres se negaron a la realizaci\u00f3n de distintas pr\u00e1cticas sexuales, los clientes les reprocharon que dichos servicios estaban anunciados.<\/p>\n<p data-gtm-element-container=\"modulo-texto-link\" class=\"paragraph\">Los proxenetas se aprovecharon de la situaci\u00f3n de vulnerabilidad de las v\u00edctimas, que se encontraban solas, no conoc\u00edan a nadie y no dispon\u00edan de dinero ni llaves de la vivienda, y comenzaron a vigilar la prestaci\u00f3n de los servicios y a proferir amenazas para que se prestaran a todo lo que les fuera solicitado por los clientes.<\/p>\n<p><span class=\"content-ad-module  hidden-ad\"><\/p>\n<p><span class=\"content-ad visible-xs roba-container  hidden-ad\"><span class=\"ad-unit roba\"><\/p>\n<p>                <\/span><\/span><\/span><\/p>\n<p data-gtm-element-container=\"modulo-texto-link\" class=\"paragraph\">Esto provoc\u00f3 situaciones en las que las mujeres romp\u00edan a llorar durante los servicios y dec\u00edan a los clientes que las obligaban.\u00a0Al conocer los proxenetas estos hechos por los propios clientes, echaron a las mujeres a la calle, sin dejarles recoger sus pertenencias y sin dinero, y desmantelaron la vivienda ante el temor a una denuncia, no sin antes advertir a las mujeres de que a\u00fan deb\u00edan dinero.<\/p>\n<p><span class=\"content-subtitle \"><\/p>\n<h3 class=\"subtitle\">Las mujeres romp\u00edan a llorar durante los servicios y dec\u00edan a los clientes que estaban siendo obligadas<\/h3>\n<p><\/span><\/p>\n<p data-gtm-element-container=\"modulo-texto-link\" class=\"paragraph\">Dos de estas ellas lograron llegar a Almer\u00eda y alojarse con unas compatriotas, pero empezaron a recibir en sus tel\u00e9fonos m\u00f3viles amenazas constantes reclam\u00e1ndoles el pago de la deuda, motivo por el cual, ante el temor de que los proxenetas pudieran saber su paradero, pidieron auxilio a una patrulla de la Guardia Civil.<\/p>\n<p data-gtm-element-container=\"modulo-texto-link\" class=\"paragraph\">La investigaci\u00f3n permiti\u00f3 detectar un complete de cinco mujeres que hab\u00edan sido tra\u00eddas a Espa\u00f1a con el mismo modus operandi, as\u00ed como a la localizaci\u00f3n y toma de declaraci\u00f3n de tres de ellas en calidad de v\u00edctimas de los delitos investigados.<\/p>\n<p data-gtm-element-container=\"modulo-texto-link\" class=\"paragraph\">Los d\u00edas 13 y 14 de abril de 2021 se produjo la detenci\u00f3n del citado matrimonio, siendo ambos de nacionalidad espa\u00f1ola, de 34 y 35 a\u00f1os de edad respectivamente y sin antecedentes.<\/p>\n<p><span class=\"content-ad-module  hidden-ad\"><\/p>\n<p><span class=\"content-ad visible-xs roba-container  hidden-ad\"><span class=\"ad-unit roba\"><\/p>\n<p>                <\/span><\/span><\/span><\/p>\n<p data-gtm-element-container=\"modulo-texto-link\" class=\"paragraph\">Igualmente se detuvo a dos personas m\u00e1s, un var\u00f3n colombiano, de 35 a\u00f1os, que hab\u00eda participado activamente en la explotaci\u00f3n sexual de las mujeres, y otro ecuatoriano de 50 a\u00f1os, que hab\u00eda participado en las labores de captaci\u00f3n en los pa\u00edses de origen.<\/p>\n<p data-gtm-element-container=\"modulo-texto-link\" class=\"paragraph\">A todos ellos, y a una mujer que ejerc\u00eda como administrativa de la agencia de viajes, se les imputa un delito de trata de seres humanos con fines de explotaci\u00f3n sexual y un delito contra los derechos de los ciudadanos extranjeros.<\/p>\n<p><span class=\"content-ad-module  hidden-ad\"><\/p>\n<p><span class=\"content-ad visible-xs roba-container  hidden-ad\"><span class=\"ad-unit roba\"><\/p>\n<p>                <\/span><\/span><\/span>\n<\/div>\n<p><script type=\"script\/gg\">\ngg.didomi.doWhenConsent(!window.didomiBypass, 'c:facebooka-frU9M5JY', function () {\n!function(f,b,e,v,n,t,s)\n{if(f.fbq)return;n=f.fbq=function(){n.callMethod?\nn.callMethod.apply(n,arguments):n.queue.push(arguments)};\nif(!f._fbq)f._fbq=n;n.push=n;n.loaded=!0;n.version='2.0';\nn.queue=[];t=b.createElement(e);t.async=!0;\nt.src=v;s=b.getElementsByTagName(e)[0];\ns.parentNode.insertBefore(t,s)}(window, document,'script',\n'https:\/\/connect.facebook.net\/en_US\/fbevents.js');\nfbq('init', '161843274362284');\nfbq('track', 'PageView');\n});\n<\/script><br \/>\n<br \/><\/p>\n<p><em> &#8221; Fuentes www.lavanguardia.com &#8221; <\/em><\/p>\n","protected":false},"excerpt":{"rendered":"<p>A principios del mes de octubre de 2019, dos mujeres se encontraron con dos agentes de la Guardia Civil en la v\u00eda p\u00fablica en la localidad de Roquetas de Mar (Almer\u00eda), y les solicitaron auxilio. Manifestaron a la patrulla que hab\u00edan sido tra\u00eddas mediante enga\u00f1o a Espa\u00f1a, a la localidad de Alicante, donde hab\u00edan sido [&hellip;]<\/p>\n","protected":false},"author":4,"featured_media":123045,"comment_status":"open","ping_status":"closed","sticky":false,"template":"","format":"standard","meta":{"om_disable_all_campaigns":false,"jnews-multi-image_gallery":[],"jnews_single_post":[],"jnews_primary_category":[],"jnews_social_meta":[],"footnotes":""},"categories":[40],"tags":[],"class_list":["post-123044","post","type-post","status-publish","format-standard","has-post-thumbnail","hentry","category-industria"],"_links":{"self":[{"href":"https:\/\/dimensionturistica.com\/es\/wp-json\/wp\/v2\/posts\/123044","targetHints":{"allow":["GET"]}}],"collection":[{"href":"https:\/\/dimensionturistica.com\/es\/wp-json\/wp\/v2\/posts"}],"about":[{"href":"https:\/\/dimensionturistica.com\/es\/wp-json\/wp\/v2\/types\/post"}],"author":[{"embeddable":true,"href":"https:\/\/dimensionturistica.com\/es\/wp-json\/wp\/v2\/users\/4"}],"replies":[{"embeddable":true,"href":"https:\/\/dimensionturistica.com\/es\/wp-json\/wp\/v2\/comments?post=123044"}],"version-history":[{"count":0,"href":"https:\/\/dimensionturistica.com\/es\/wp-json\/wp\/v2\/posts\/123044\/revisions"}],"wp:featuredmedia":[{"embeddable":true,"href":"https:\/\/dimensionturistica.com\/es\/wp-json\/wp\/v2\/media\/123045"}],"wp:attachment":[{"href":"https:\/\/dimensionturistica.com\/es\/wp-json\/wp\/v2\/media?parent=123044"}],"wp:term":[{"taxonomy":"category","embeddable":true,"href":"https:\/\/dimensionturistica.com\/es\/wp-json\/wp\/v2\/categories?post=123044"},{"taxonomy":"post_tag","embeddable":true,"href":"https:\/\/dimensionturistica.com\/es\/wp-json\/wp\/v2\/tags?post=123044"}],"curies":[{"name":"wp","href":"https:\/\/api.w.org\/{rel}","templated":true}]}}