{"id":123024,"date":"2021-05-07T08:22:44","date_gmt":"2021-05-07T08:22:44","guid":{"rendered":"https:\/\/dimensionturistica.com\/es\/?p=123024"},"modified":"2021-05-07T08:22:44","modified_gmt":"2021-05-07T08:22:44","slug":"grupo-espanol-amadeus-sufre-caida-de-ingresos-por-impacto-de-pandemia-en-viajes","status":"publish","type":"post","link":"https:\/\/dimensionturistica.com\/es\/grupo-espanol-amadeus-sufre-caida-de-ingresos-por-impacto-de-pandemia-en-viajes\/","title":{"rendered":"Grupo espa\u00f1ol Amadeus sufre ca\u00edda de ingresos por impacto de pandemia en viajes"},"content":{"rendered":"<p> <br \/>\n<\/p>\n<div>\n<p class=\"paragraph\">El grupo espa\u00f1ol Amadeus, l\u00edder mundial en reservaciones de viajes, anunci\u00f3 el viernes que registr\u00f3 ganancias por 83,1 millones de euros (unos 100 millones de d\u00f3lares) en el primer trimestre del a\u00f1o, en ca\u00edda con respecto a igual periodo en 2020 debido al impacto del covid-19 en el tr\u00e1fico a\u00e9reo.<\/p>\n<p class=\"paragraph\">Su volumen de negocios cay\u00f3 a la mitad de enero a marzo hasta los 497 millones de euros (unos 600 millones de d\u00f3lares), mientras que las reservaciones de billetes de avi\u00f3n a trav\u00e9s de los servicios del grupo cayeron 60%.<\/p>\n<p class=\"paragraph\">Alrededor de 127 millones de pasajeros realizaron viajes mediante los servicios de Amadeus en el per\u00edodo, una baja de 67% desde el a\u00f1o anterior.<\/p>\n<p><span data-error=\"No dfp-path found.\"\/><\/p>\n<p class=\"paragraph\">La actividad principal de Amadeus es una plataforma de reservaciones de billetes de avi\u00f3n para las agencia de viaje, compa\u00f1\u00edas a\u00e9reas y sitios de web.<\/p>\n<p class=\"paragraph\">&#8220;En enero, el repunte de la pandemia trajo consigo nuevas restricciones a los desplazamientos en muchas partes del mundo&#8221;, record\u00f3 el director basic del grupo, Luis Maroto, en un comunicado.<\/p>\n<p class=\"paragraph\">&#8220;No obstante, a medida que los programas de vacunaci\u00f3n ganaban fuelle en varias regiones durante el trimestre, observamos un aumento de las reservas a\u00e9reas y los pasajeros embarcados en marzo&#8221;, agreg\u00f3.<\/p>\n<p><span data-error=\"No dfp-path found.\"\/><\/p>\n<p class=\"paragraph\">Marzo fue &#8220;el mes con mejor desempe\u00f1o&#8221; para el grupo desde febrero de 2020, y esta recuperaci\u00f3n continu\u00f3 en abril, indic\u00f3 Maroto.<\/p>\n<p class=\"paragraph\">En 2020, Amadeus sufri\u00f3 una p\u00e9rdida de m\u00e1s de 302 millones de euros (unos 364 millones de d\u00f3lares) como consecuencia de la pandemia.<\/p>\n<p><span data-error=\"No dfp-path found.\"\/><\/p>\n<p class=\"paragraph\">emi\/esp\/mas\/mar<\/p>\n<\/div>\n<p><script defer=\"\">!function(f,b,e,v,n,t,s) {if(f.fbq)return;n=f.fbq=function(){n.callMethod? n.callMethod.apply(n,arguments):n.queue.push(arguments)}; if(!f._fbq)f._fbq=n;n.push=n;n.loaded=!0;n.version='2.0'; n.queue=[];t=b.createElement(e);t.async=!0; t.src=v;s=b.getElementsByTagName(e)[0]; s.parentNode.insertBefore(t,s)}(window, document,'script', 'https:\/\/connect.facebook.net\/en_US\/fbevents.js'); fbq('init', '336383993555320'); fbq('track', 'PageView'); fbq('track', 'ViewContent');<\/script><br \/>\n<br \/><\/p>\n<p><em> &#8221; Fuentes www.infobae.com &#8221; <\/em><\/p>\n","protected":false},"excerpt":{"rendered":"<p>El grupo espa\u00f1ol Amadeus, l\u00edder mundial en reservaciones de viajes, anunci\u00f3 el viernes que registr\u00f3 ganancias por 83,1 millones de euros (unos 100 millones de d\u00f3lares) en el primer trimestre del a\u00f1o, en ca\u00edda con respecto a igual periodo en 2020 debido al impacto del covid-19 en el tr\u00e1fico a\u00e9reo. Su volumen de negocios cay\u00f3 [&hellip;]<\/p>\n","protected":false},"author":4,"featured_media":120974,"comment_status":"open","ping_status":"closed","sticky":false,"template":"","format":"standard","meta":{"om_disable_all_campaigns":false,"jnews-multi-image_gallery":[],"jnews_single_post":[],"jnews_primary_category":[],"jnews_social_meta":[],"footnotes":""},"categories":[40],"tags":[],"class_list":["post-123024","post","type-post","status-publish","format-standard","has-post-thumbnail","hentry","category-industria"],"_links":{"self":[{"href":"https:\/\/dimensionturistica.com\/es\/wp-json\/wp\/v2\/posts\/123024","targetHints":{"allow":["GET"]}}],"collection":[{"href":"https:\/\/dimensionturistica.com\/es\/wp-json\/wp\/v2\/posts"}],"about":[{"href":"https:\/\/dimensionturistica.com\/es\/wp-json\/wp\/v2\/types\/post"}],"author":[{"embeddable":true,"href":"https:\/\/dimensionturistica.com\/es\/wp-json\/wp\/v2\/users\/4"}],"replies":[{"embeddable":true,"href":"https:\/\/dimensionturistica.com\/es\/wp-json\/wp\/v2\/comments?post=123024"}],"version-history":[{"count":0,"href":"https:\/\/dimensionturistica.com\/es\/wp-json\/wp\/v2\/posts\/123024\/revisions"}],"wp:featuredmedia":[{"embeddable":true,"href":"https:\/\/dimensionturistica.com\/es\/wp-json\/wp\/v2\/media\/120974"}],"wp:attachment":[{"href":"https:\/\/dimensionturistica.com\/es\/wp-json\/wp\/v2\/media?parent=123024"}],"wp:term":[{"taxonomy":"category","embeddable":true,"href":"https:\/\/dimensionturistica.com\/es\/wp-json\/wp\/v2\/categories?post=123024"},{"taxonomy":"post_tag","embeddable":true,"href":"https:\/\/dimensionturistica.com\/es\/wp-json\/wp\/v2\/tags?post=123024"}],"curies":[{"name":"wp","href":"https:\/\/api.w.org\/{rel}","templated":true}]}}