{"id":123016,"date":"2021-05-07T08:12:29","date_gmt":"2021-05-07T08:12:29","guid":{"rendered":"https:\/\/dimensionturistica.com\/es\/?p=123016"},"modified":"2021-05-07T08:12:29","modified_gmt":"2021-05-07T08:12:29","slug":"la-espanola-amadeus-registra-una-perdida-de-831-millones-de-euros-pero-observa-mejoria","status":"publish","type":"post","link":"https:\/\/dimensionturistica.com\/es\/la-espanola-amadeus-registra-una-perdida-de-831-millones-de-euros-pero-observa-mejoria\/","title":{"rendered":"La espa\u00f1ola Amadeus registra una p\u00e9rdida de 83,1 millones de euros pero observa mejor\u00eda"},"content":{"rendered":"<p> <br \/>\n<\/p>\n<div>\n<div class=\"visual__image  image_container\"><img decoding=\"async\" alt=\"FOTO DE ARCHIVO: El logo de Amadeus en Madrid, Espa\u00f1a, 24 de junio de 2016. REUTERS\/Andrea Comas\" height=\"315\" width=\"800\" src=\"https:\/\/www.infobae.com\/new-resizer\/KdGTXRQzUzdi9t6dN-ZxeGMntIo=\/420x187\/filters:format(jpg):quality(85)\/cloudfront-us-east-1.images.arcpublishing.com\/infobae\/EKN2BTCIMLIABI2CV64MZBK6IU.jpg\" srcset=\"https:\/\/www.infobae.com\/new-resizer\/KdGTXRQzUzdi9t6dN-ZxeGMntIo=\/420x187\/filters:format(jpg):quality(85)\/cloudfront-us-east-1.images.arcpublishing.com\/infobae\/EKN2BTCIMLIABI2CV64MZBK6IU.jpg 420w,https:\/\/www.infobae.com\/new-resizer\/r4iv_z0x8AlhYNOm1qAzhIOyz-c=\/768x341\/filters:format(jpg):quality(85)\/cloudfront-us-east-1.images.arcpublishing.com\/infobae\/EKN2BTCIMLIABI2CV64MZBK6IU.jpg 768w,https:\/\/www.infobae.com\/new-resizer\/uagbF8qNiJCOh2K3j9yoyNMaQt0=\/992x441\/filters:format(jpg):quality(85)\/cloudfront-us-east-1.images.arcpublishing.com\/infobae\/EKN2BTCIMLIABI2CV64MZBK6IU.jpg 992w,https:\/\/www.infobae.com\/new-resizer\/BKCdd81J6rMfru5I1pmwb0TlXDQ=\/1200x533\/filters:format(jpg):quality(85)\/cloudfront-us-east-1.images.arcpublishing.com\/infobae\/EKN2BTCIMLIABI2CV64MZBK6IU.jpg 1200w\" sizes=\"auto, (min-width: 800px) 50vw, 90vw\" loading=\"lazy\"\/><figcaption>FOTO DE ARCHIVO: El brand de Amadeus en Madrid, Espa\u00f1a, 24 de junio de 2016. REUTERS\/Andrea Comas<\/figcaption><\/div>\n<p class=\"paragraph\">7 could (Reuters) &#8211;     La empresa espa\u00f1ola de tecnolog\u00eda de viajes Amadeus registr\u00f3 una p\u00e9rdida de 83 millones de euros en el primer trimestre ante el persistente impacto de las restricciones pand\u00e9micas en su negocio, pero observ\u00f3 se\u00f1ales de reactivaci\u00f3n en las \u00faltimas semanas.<\/p>\n<p class=\"paragraph\">&#8220;El trimestre empez\u00f3 con nuevas limitaciones al viaje en varias regiones por un repunte en los casos de COVID-19, pero desde febrero se not\u00f3 una mejor\u00eda en los vol\u00famenes de reservas y tr\u00e1fico a\u00e9reo que se ha mantenido tambi\u00e9n en abril&#8221;, dijo el grupo. &#8220;En abril ha continuado esta mejora&#8221;.<\/p>\n<p class=\"paragraph\">Los ingresos del grupo de software program de reservas de viajes retrocedieron un 51,4% en el primer trimestre, hasta los 496,7 millones de euros, mientras que el EBITDA o resultado bruto de explotaci\u00f3n descendi\u00f3 un 84,6%, hasta los 53,7 millones de euros.<\/p>\n<p><span data-error=\"No dfp-path found.\"\/><\/p>\n<p class=\"paragraph\">En su negocio de distribuci\u00f3n, el n\u00famero de reservas a\u00e9reas realizadas a trav\u00e9s de agencias de viajes descendi\u00f3 un 60,3%, hasta los 33,8 millones, mientras que en el \u00e1rea de soluciones tecnol\u00f3gicas, el volumen de pasajeros embarcados cay\u00f3 un 66,9%.<\/p>\n<p class=\"paragraph\">(Informaci\u00f3n de Tom\u00e1s Cobos)<\/p>\n<\/div>\n<p><script defer=\"\">!function(f,b,e,v,n,t,s) {if(f.fbq)return;n=f.fbq=function(){n.callMethod? n.callMethod.apply(n,arguments):n.queue.push(arguments)}; if(!f._fbq)f._fbq=n;n.push=n;n.loaded=!0;n.version='2.0'; n.queue=[];t=b.createElement(e);t.async=!0; t.src=v;s=b.getElementsByTagName(e)[0]; s.parentNode.insertBefore(t,s)}(window, document,'script', 'https:\/\/connect.facebook.net\/en_US\/fbevents.js'); fbq('init', '336383993555320'); fbq('track', 'PageView'); fbq('track', 'ViewContent');<\/script><br \/>\n<br \/><\/p>\n<p><em> &#8221; Fuentes www.infobae.com &#8221; <\/em><\/p>\n","protected":false},"excerpt":{"rendered":"<p>FOTO DE ARCHIVO: El brand de Amadeus en Madrid, Espa\u00f1a, 24 de junio de 2016. REUTERS\/Andrea Comas 7 could (Reuters) &#8211; La empresa espa\u00f1ola de tecnolog\u00eda de viajes Amadeus registr\u00f3 una p\u00e9rdida de 83 millones de euros en el primer trimestre ante el persistente impacto de las restricciones pand\u00e9micas en su negocio, pero observ\u00f3 se\u00f1ales [&hellip;]<\/p>\n","protected":false},"author":4,"featured_media":123017,"comment_status":"open","ping_status":"closed","sticky":false,"template":"","format":"standard","meta":{"om_disable_all_campaigns":false,"jnews-multi-image_gallery":[],"jnews_single_post":[],"jnews_primary_category":[],"jnews_social_meta":[],"footnotes":""},"categories":[40],"tags":[],"class_list":["post-123016","post","type-post","status-publish","format-standard","has-post-thumbnail","hentry","category-industria"],"_links":{"self":[{"href":"https:\/\/dimensionturistica.com\/es\/wp-json\/wp\/v2\/posts\/123016","targetHints":{"allow":["GET"]}}],"collection":[{"href":"https:\/\/dimensionturistica.com\/es\/wp-json\/wp\/v2\/posts"}],"about":[{"href":"https:\/\/dimensionturistica.com\/es\/wp-json\/wp\/v2\/types\/post"}],"author":[{"embeddable":true,"href":"https:\/\/dimensionturistica.com\/es\/wp-json\/wp\/v2\/users\/4"}],"replies":[{"embeddable":true,"href":"https:\/\/dimensionturistica.com\/es\/wp-json\/wp\/v2\/comments?post=123016"}],"version-history":[{"count":0,"href":"https:\/\/dimensionturistica.com\/es\/wp-json\/wp\/v2\/posts\/123016\/revisions"}],"wp:featuredmedia":[{"embeddable":true,"href":"https:\/\/dimensionturistica.com\/es\/wp-json\/wp\/v2\/media\/123017"}],"wp:attachment":[{"href":"https:\/\/dimensionturistica.com\/es\/wp-json\/wp\/v2\/media?parent=123016"}],"wp:term":[{"taxonomy":"category","embeddable":true,"href":"https:\/\/dimensionturistica.com\/es\/wp-json\/wp\/v2\/categories?post=123016"},{"taxonomy":"post_tag","embeddable":true,"href":"https:\/\/dimensionturistica.com\/es\/wp-json\/wp\/v2\/tags?post=123016"}],"curies":[{"name":"wp","href":"https:\/\/api.w.org\/{rel}","templated":true}]}}