{"id":122858,"date":"2021-05-07T00:54:09","date_gmt":"2021-05-07T00:54:09","guid":{"rendered":"https:\/\/dimensionturistica.com\/es\/?p=122858"},"modified":"2021-05-07T00:54:09","modified_gmt":"2021-05-07T00:54:09","slug":"mundosenior-se-adelanta-al-programa-oficial-del-imserso-noticias-de-agencias-de-viajes-rss1","status":"publish","type":"post","link":"https:\/\/dimensionturistica.com\/es\/mundosenior-se-adelanta-al-programa-oficial-del-imserso-noticias-de-agencias-de-viajes-rss1\/","title":{"rendered":"Mundosenior se adelanta al programa oficial del Imserso | Noticias de Agencias de viajes, rss1"},"content":{"rendered":"<p> <br \/>\n<\/p>\n<div>\n<p><a rel=\"nofollow noopener\" target=\"_blank\" href=\"https:\/\/www.preferente.com\/wp-content\/uploads\/2021\/05\/mundosenior-2.jpg\"><img decoding=\"async\" class=\"aligncenter wp-image-309062 size-full\" src=\"https:\/\/www.preferente.com\/wp-content\/uploads\/2021\/05\/mundosenior-2.jpg\" alt=\"\" width=\"600\" height=\"358\" srcset=\"https:\/\/www.preferente.com\/wp-content\/uploads\/2021\/05\/mundosenior-2.jpg 600w, https:\/\/www.preferente.com\/wp-content\/uploads\/2021\/05\/mundosenior-2-300x179.jpg 300w, https:\/\/www.preferente.com\/wp-content\/uploads\/2021\/05\/mundosenior-2-335x200.jpg 335w, https:\/\/www.preferente.com\/wp-content\/uploads\/2021\/05\/mundosenior-2-251x150.jpg 251w, https:\/\/www.preferente.com\/wp-content\/uploads\/2021\/05\/mundosenior-2-126x75.jpg 126w, https:\/\/www.preferente.com\/wp-content\/uploads\/2021\/05\/mundosenior-2-101x60.jpg 101w, https:\/\/www.preferente.com\/wp-content\/uploads\/2021\/05\/mundosenior-2-235x140.jpg 235w, https:\/\/www.preferente.com\/wp-content\/uploads\/2021\/05\/mundosenior-2-54x32.jpg 54w, https:\/\/www.preferente.com\/wp-content\/uploads\/2021\/05\/mundosenior-2-545x325.jpg 545w, https:\/\/www.preferente.com\/wp-content\/uploads\/2021\/05\/mundosenior-2-174x104.jpg 174w, https:\/\/www.preferente.com\/wp-content\/uploads\/2021\/05\/mundosenior-2-270x161.jpg 270w\" sizes=\"(max-width: 600px) 100vw, 600px\"\/><\/a><\/p>\n<p>\u00c1voris Corporaci\u00f3n Empresarial se lanza a la caza de los turistas senior aprovechando el vac\u00edo dejado por el Imserso. El grupo, que tras la fusi\u00f3n con \u00c1voris controla el 100% de Turismo Social (UTE que gestiona dos lotes del programa oficial del Estado), anuncia la pr\u00f3xima apertura de ventas a trav\u00e9s de su renombrada marca Mundosenior (hasta ahora denominada Mundosenior Plus) (<a rel=\"nofollow noopener\" target=\"_blank\" href=\"https:\/\/www.preferente.com\/noticias-de-agencias-de-viajes\/mundosenior-plus-vuelve-a-plantarle-cara-al-imserso-293119.html\">Mundosenior Plus vuelve a plantarle cara al Imserso<\/a>).<\/p>\n<p>Como ha podido comprobar <em>preferente.com<\/em>, Mundosenior ultima la apertura de ventas para esta misma primavera, as\u00ed como para la temporada estival. De momento, renuncia a la comercializaci\u00f3n de viajes al extranjero y se centra \u00fanica y exclusivamente en el turismo dom\u00e9stico.<\/p>\n<p>Seg\u00fan la informaci\u00f3n que aparece en su nueva p\u00e1gina internet, pondr\u00e1 a la venta viajes a destinos de costa (Tarragona, M\u00e1laga y Alicante); islas (Mallorca y Tenerife); circuitos culturales de inside (Arag\u00f3n, Castilla y Le\u00f3n, Cantabria, Castilla-La Mancha, La Rioja, Andaluc\u00eda, Extremadura, Asturias, Galicia y Murcia); y escapadas por Andaluc\u00eda, Castilla y Le\u00f3n y Galicia.<\/p>\n<p>Como ha avanzado este digital, \u00c1voris Corporaci\u00f3n Empresarial explotar\u00e1 este programa paralelo con la marca Mundosenior, en desuso desde octubre de 2019 por la confusi\u00f3n que generaba su utilizaci\u00f3n entre los pensionistas tras d\u00e9cadas ligada a los viajes del Imserso (<a rel=\"nofollow noopener\" target=\"_blank\" href=\"https:\/\/www.preferente.com\/?p=309059\">Imserso: \u00c1voris recupera la marca Mundosenior<\/a>).<\/p>\n<p>Turismo Social, tambi\u00e9n propiedad del mismo grupo, se mantiene como la empresa encargada de la comercializaci\u00f3n del programa oficial del Imserso, que previsiblemente arrancar\u00e1 en septiembre\/octubre.<\/p>\n<p><!-- AddThis Advanced Settings above via filter on the_content --><!-- AddThis Advanced Settings below via filter on the_content --><!-- AddThis Advanced Settings generic via filter on the_content --><!-- AddThis Share Buttons above via filter on the_content --><!-- AddThis Share Buttons below via filter on the_content --><!-- AddThis Share Buttons generic via filter on the_content -->\t\t\t<\/div>\n\n<p><em> &#8221; Fuentes www.preferente.com &#8221; <\/em><\/p>\n","protected":false},"excerpt":{"rendered":"<p>\u00c1voris Corporaci\u00f3n Empresarial se lanza a la caza de los turistas senior aprovechando el vac\u00edo dejado por el Imserso. El grupo, que tras la fusi\u00f3n con \u00c1voris controla el 100% de Turismo Social (UTE que gestiona dos lotes del programa oficial del Estado), anuncia la pr\u00f3xima apertura de ventas a trav\u00e9s de su renombrada marca [&hellip;]<\/p>\n","protected":false},"author":4,"featured_media":122859,"comment_status":"open","ping_status":"closed","sticky":false,"template":"","format":"standard","meta":{"om_disable_all_campaigns":false,"jnews-multi-image_gallery":[],"jnews_single_post":[],"jnews_primary_category":[],"jnews_social_meta":[],"footnotes":""},"categories":[40],"tags":[],"class_list":["post-122858","post","type-post","status-publish","format-standard","has-post-thumbnail","hentry","category-industria"],"_links":{"self":[{"href":"https:\/\/dimensionturistica.com\/es\/wp-json\/wp\/v2\/posts\/122858","targetHints":{"allow":["GET"]}}],"collection":[{"href":"https:\/\/dimensionturistica.com\/es\/wp-json\/wp\/v2\/posts"}],"about":[{"href":"https:\/\/dimensionturistica.com\/es\/wp-json\/wp\/v2\/types\/post"}],"author":[{"embeddable":true,"href":"https:\/\/dimensionturistica.com\/es\/wp-json\/wp\/v2\/users\/4"}],"replies":[{"embeddable":true,"href":"https:\/\/dimensionturistica.com\/es\/wp-json\/wp\/v2\/comments?post=122858"}],"version-history":[{"count":0,"href":"https:\/\/dimensionturistica.com\/es\/wp-json\/wp\/v2\/posts\/122858\/revisions"}],"wp:featuredmedia":[{"embeddable":true,"href":"https:\/\/dimensionturistica.com\/es\/wp-json\/wp\/v2\/media\/122859"}],"wp:attachment":[{"href":"https:\/\/dimensionturistica.com\/es\/wp-json\/wp\/v2\/media?parent=122858"}],"wp:term":[{"taxonomy":"category","embeddable":true,"href":"https:\/\/dimensionturistica.com\/es\/wp-json\/wp\/v2\/categories?post=122858"},{"taxonomy":"post_tag","embeddable":true,"href":"https:\/\/dimensionturistica.com\/es\/wp-json\/wp\/v2\/tags?post=122858"}],"curies":[{"name":"wp","href":"https:\/\/api.w.org\/{rel}","templated":true}]}}