{"id":122849,"date":"2021-05-07T00:45:47","date_gmt":"2021-05-07T00:45:47","guid":{"rendered":"https:\/\/dimensionturistica.com\/es\/?p=122849"},"modified":"2021-05-07T00:45:47","modified_gmt":"2021-05-07T00:45:47","slug":"el-gobierno-propone-extender-los-erte-hasta-el-30-de-septiembre-en-condiciones-similares-a-las-actuales-el-derecho","status":"publish","type":"post","link":"https:\/\/dimensionturistica.com\/es\/el-gobierno-propone-extender-los-erte-hasta-el-30-de-septiembre-en-condiciones-similares-a-las-actuales-el-derecho\/","title":{"rendered":"El Gobierno propone extender los ERTE hasta el 30 de septiembre en condiciones similares a las actuales &#8211; El Derecho"},"content":{"rendered":"<p> <br \/>\n<\/p>\n<p>El Gobierno ha planteado a sindicatos y empresarios extender los Expedientes de Regulaci\u00f3n Temporal de Empleo (ERTE) hasta el 30 de septiembre, aunque despu\u00e9s de esa fecha se evaluar\u00e1 si es necesario mantenerlos despu\u00e9s del verano, seg\u00fan han informado a Europa Press en fuentes del di\u00e1logo social.<\/p>\n<div id=\"\">\n<p><!-- IMAGEN INFOGRAF&Iacute;A \/ IMAGEN NOTICIA --><br \/>\n\t<a rel=\"nofollow noopener\" target=\"_blank\" class=\"infographics-block\"><\/p>\n<figure class=\"img-extended\">\n\t\t<img decoding=\"async\" src=\"https:\/\/elderecho.com\/wp-content\/uploads\/2021\/05\/A90Q5657-p316589-m973077-768x334_w100.jpg\" class=\"img-responsive lazyload\" itemprop=\"image\" srcset=\"https:\/\/elderecho.com\/wp-content\/uploads\/2021\/05\/A90Q5657-p316589-m973077-768x334_w100.jpg\" alt=\"Reunion agentes sociales_ERTE_imagen\"\/>\t\t<\/figure>\n<hr\/>\n<p>\t<\/a><\/p>\n<p><!-- CONTENIDO --><\/p>\n<p>Las mismas fuentes han indicado que la thought que tiene el Ejecutivo es que esta nueva pr\u00f3rroga mantenga condiciones similares a las actuales.<\/p>\n<p>La precise pr\u00f3rroga de los ERTE finaliza el pr\u00f3ximo 31 de mayo, pero D\u00edaz siempre ha mantenido que se alargar\u00e1n todo el tiempo que sea necesario, por lo que la fecha planteada para la nueva extensi\u00f3n de esta herramienta, 30 de septiembre, no tiene por qu\u00e9 ser la definitiva.<\/p>\n<p>Este planteamiento ha sido trasladado a los agentes sociales por los secretarios de Estado de Seguridad Social y de Empleo, Israel Arroyo y Joaqu\u00edn P\u00e9rez Rey, respectivamente, durante la reuni\u00f3n de la Comisi\u00f3n Tripartita que se ha celebrado esta ma\u00f1ana para dar inicio a la negociaci\u00f3n de esta nueva pr\u00f3rroga.<\/p>\n<p>La secretaria confederal de Acci\u00f3n Sindical de CCOO, Mari Cruz Vicente, ha confirmado que se tomar\u00e1 como referencia para la nueva pr\u00f3rroga lo recogido en el acuerdo vigente en estos momentos, aunque se han planteado algunas adaptaciones, todav\u00eda sin concreci\u00f3n y sin haberse puesto por escrito.<\/p>\n<p>Vicente ha afirmado que el Gobierno remitir\u00e1 a los agentes sociales durante los pr\u00f3ximos d\u00edas su propuesta y que volver\u00e1n a reunirse la pr\u00f3xima semana.<\/p>\n<p>&#8220;Ha sido una reuni\u00f3n de toma de contacto, pero la noticia importante es que los ERTE se van a mantener, que va a haber un nuevo acuerdo hasta el 30 de septiembre y que se apuesta por seguir manteniendo esta herramienta en tanto en cuanto las necesidades econ\u00f3micas fruto de la pandemia sigan vigentes&#8221;, ha subrayado.<\/p>\n<h2>El esquema precise de los ERTE<\/h2>\n<p>La \u00faltima pr\u00f3rroga de los ERTE simplific\u00f3 los tr\u00e1mites para extenderlos en el tiempo, de forma que no se necesitaran nuevas autorizaciones administrativas, y mantuvo las tres modalidades vigentes por entonces: los ERTE destinados a los sectores &#8216;ultraprotegidos&#8217; y a las empresas vinculadas a su cadena de valor; los ERTE de impedimento de la actividad, y los ERTE de limitaci\u00f3n, los dos \u00faltimos pensados para restricciones administrativas temporales adoptadas como medida de freno a los contagios de Covid (reducci\u00f3n de aforos o prohibici\u00f3n de apertura, por ejemplo).<\/p>\n<p>El esquema precise de los ERTE, que estar\u00e1 en vigor hasta el 31 de mayo y sobre el que se negociar\u00e1 la pr\u00f3rroga hasta septiembre, establece exoneraciones de cuotas para los sectores &#8216;ultraprotegidos&#8217; y empresas de su cadena de valor del 85% para empresas con menos de 50 trabajadores y del 75% para las que tienen m\u00e1s de 50 empleados, tanto para empleados reincorporados como para suspendidos.<\/p>\n<p>En los ERTE por impedimento de actividad, las exoneraciones son del 100% para empresas con menos de 50 trabajadores y del 90% para las que tienen m\u00e1s de 50 empleados en plantilla, mientras que en los ERTE de limitaci\u00f3n de actividad las exenciones son decrecientes hasta mayo de 2021. Para empresas de menos de 50 trabajadores, \u00e9stas fueron del 100% en febrero, del 90% en marzo y del 85% en abril y ser\u00e1n del 80% en mayo. Para las que tengan m\u00e1s de 50 empleados, estos porcentajes son del 90%, del 80%, del 75% y del 70%, respectivamente.<\/p>\n<h2>638.000 trabajadores en ERTE<\/h2>\n<p>Seg\u00fan los \u00faltimos datos de Seguridad Social, cerrados a 29 de abril y publicados este mi\u00e9rcoles, el n\u00famero de trabajadores en ERTE es de 638.283 personas, lo que supone 36.621 trabajadores menos que en marzo en la serie revisada y 105.345 menos en funci\u00f3n de la fecha de notificaci\u00f3n.<\/p>\n<p>Las fechas de solicitud del ERTE y la de sus efectos pueden ser distintas debido a que existe una &#8220;cierta disparidad&#8221; entre la fecha de notificaci\u00f3n y la fecha en la que produce efectos.<\/p>\n<p>De media, en abril hubo 650.180 trabajadores en ERTE, de los que 454.765 estaban en expedientes con exoneraciones a la Seguridad Social.<\/p>\n<p>En comparaci\u00f3n con el m\u00e1ximo de trabajadores en ERTE que se alcanz\u00f3 en abril de 2020, justo hace un a\u00f1o, los trabajadores en ERTE se han reducido en casi 3 millones de personas seg\u00fan la fecha de alta y en 2,75 millones en funci\u00f3n de la fecha de notificaci\u00f3n. En ambos casos, el descenso en valores relativos es de m\u00e1s del 80%.<\/p>\n<p>Seg\u00fan Seguridad Social, de los 638.283 trabajadores que estaban en un ERTE en abril 191.020 pertenecen a las &#8216;antiguas&#8217; modalidades de ERTE, sin exoneraciones a la Seguridad Social, mientras que el 70% (447.263 trabajadores) est\u00e1n incluidos en las nuevas, las que se pusieron en marcha a partir del 1 de octubre y que conllevan exoneraciones en las cotizaciones a la Seguridad Social.<\/p>\n<p>Dentro de esas nuevas modalidades, 253.518 trabajadores se encuentran en ERTE con exoneraciones especiales para sectores &#8216;ultraprotegidos&#8217; y su cadena de valor, mientras que 22.843 se encuentran en un ERTE de impedimento de la actividad y 170.902 en un ERTE de limitaci\u00f3n de actividad.<\/p>\n<p>Casi un 31% de los trabajadores protegidos actualmente pertenece a la hosteler\u00eda (servicio de comida y bebidas), con 196.639 afectados por ERTE, el 23,6% del whole de afiliados a este sector. Esta actividad, junto con los servicios de alojamiento, concentran casi la mitad de los trabajadores en ERTE. En concreto, los servicios de alojamiento tienen a 104.461 trabajadores en ERTE, el 52,1% del whole de sus afiliados.<\/p>\n<p>En whole, el n\u00famero de trabajadores que figuraban en un ERTE en el mes de abril representaban el 4,4% del whole de afiliados al R\u00e9gimen Normal, sin contar sus sistemas especiales.<\/p>\n<p>Las actividades con mayor porcentaje de trabajadores en ERTE son las agencias de viaje (58,2% del whole de sus afiliados); los servicios de alojamiento (52,1%), transporte a\u00e9reo (41,99%) y actividades de juegos de azar (33,8%), todas ellas incluidas entre los sectores &#8216;ultraprotegidos&#8217; por los ERTE.<\/p>\n<p>En t\u00e9rminos absolutos, la actividad con mayor n\u00famero de trabajadores en ERTE es el servicio de comidas y bebidas (hosteler\u00eda), con m\u00e1s de 196.000 afectados, seguido de los servicios de alojamiento (104.461), del comercio minorista (50.145 empleados), del comercio mayorista (33.998), actividades deportivas y de entretenimiento (23.985 afectados) y agencias de viajes (21.789).<\/p>\n<p><!-- MODALES --><\/p>\n<p><!-- DIV PARA MOSTRAR LA DESCARGA DE CONTENIDO LEGAL --><\/p>\n<div class=\"row download-content  no-register-for-content changeColorBorder col-xs-12\" style=\"display:none;\">\n<div class=\"row download-center BBBB\">\n<div id=\"non-exlcusive-thanks\" class=\"col-xs-12\" style=\"display: none;\">\n<p>Muchas gracias<\/p>\n<p>Tu solicitud ha sido registrada correctamente, revisa tu electronic mail para acceder al contenido solicitado<\/p>\n<p>            <!--\n\n<div class=\"donwload-subtitle\"><b>Tienes disponibles <span id=\"restResquest\"><\/span> accesos m&aacute;s gratuitos con tu cuenta<\/b><\/div>\n\n--><\/p>\n<p>\n\t\t\t\t<span class=\"input-group-btn\"><br \/>\n\t\t\t\t\t<button class=\"btn button-close-no-exclusive\" type=\"button\">CERRAR<\/button><br \/>\n\t\t\t\t<\/span>\n\t\t\t<\/p>\n<p><!-- \/input-group -->\n\t\t<\/div>\n<div id=\"non-exlcusive-fail\" class=\"col-xs-12\" style=\"display: none;\">\n<p>Lo sentimos mucho.<\/p>\n<p>Has excedido el n\u00famero de peticiones de informaci\u00f3n disponibles.<\/p>\n<p>\n\t\t\t\t<span class=\"input-group-btn\"><br \/>\n\t\t\t\t\t<button class=\"btn button-close-no-exclusive\" type=\"button\">CERRAR<\/button><br \/>\n\t\t\t\t<\/span>\n\t\t\t<\/p>\n<p><!-- \/input-group -->\n\t\t<\/div>\n<div id=\"non-exlcusive-sending\" class=\"col-xs-12\" style=\"display: none; text-align: center;\">\n\t\t\t<img decoding=\"async\" src=\"https:\/\/elderecho.com\/wp-content\/plugins\/led-lib\/includes\/media\/images\/progress.gif\" width=\"64\"\/><\/p>\n<h3>Enviando<\/h3>\n<\/p><\/div><\/div>\n<\/div>\n<p><!-- MODALES --><\/p>\n<p><!-- DIV PARA MOSTRAR EL FORMULARIO DE SUSCRIPCI&Oacute;N A DEMO --><\/p>\n<div class=\"row download-content  no-register-for-content-demo changeColorBorder col-xs-12\" style=\"display:none;\">\n<div class=\"row download-center BBBB\">\n<div id=\"non-exlcusive-thanks-demo\" class=\"col-xs-12\" style=\"display: none;\">\n<p>Muchas gracias<\/p>\n<p>Tu solicitud ha sido registrada correctamente, revisa tu electronic mail para acceder al contenido solicitado<\/p>\n<p>\n\t\t\t\t<span class=\"input-group-btn\"><br \/>\n\t\t\t\t\t<button class=\"btn button-close-no-exclusive\" type=\"button\">CERRAR<\/button><br \/>\n\t\t\t\t<\/span>\n\t\t\t<\/p>\n<p><!-- \/input-group -->\n\t\t<\/div>\n<div id=\"non-exlcusive-fail-demo\" class=\"col-xs-12\" style=\"display: none;\">\n<p>Lo sentimos mucho.<\/p>\n<p>Has excedido el n\u00famero de peticiones de informaci\u00f3n disponibles.<\/p>\n<p>\n\t\t\t\t<span class=\"input-group-btn\"><br \/>\n\t\t\t\t\t<button class=\"btn button-close-no-exclusive\" type=\"button\">CERRAR<\/button><br \/>\n\t\t\t\t<\/span>\n\t\t\t<\/p>\n<p><!-- \/input-group -->\n\t\t<\/div>\n<div id=\"non-exlcusive-sending-demo\" class=\"col-xs-12\" style=\"display: none; text-align: center;\">\n\t\t\t<img decoding=\"async\" src=\"https:\/\/elderecho.com\/wp-content\/plugins\/led-lib\/includes\/media\/images\/progress.gif\" width=\"64\"\/><\/p>\n<h3>Enviando<\/h3>\n<\/p><\/div><\/div>\n<\/div>\n<p><!-- Go to www.addthis.com\/dashboard to customize your tools --><br \/>\n<!-- VALORACi&Oacute;N DE LOS USUARIOS --><\/p>\n<p><!-- COMENTARIOS --><\/p>\n<hr\/>\n<\/div>\n<p><script type=\"text\/javascript\">\n!function(f,b,e,v,n,t,s){if(f.fbq)return;n=f.fbq=function(){n.callMethod?\nn.callMethod.apply(n,arguments):n.queue.push(arguments)};if(!f._fbq)f._fbq=n;\nn.push=n;n.loaded=!0;n.version='2.0';n.queue=[];t=b.createElement(e);t.async=!0;\nt.src=v;s=b.getElementsByTagName(e)[0];s.parentNode.insertBefore(t,s)}(window,\ndocument,'script','https:\/\/connect.facebook.net\/en_US\/fbevents.js');\n<\/script><br \/>\n<br \/><\/p>\n<p><em> &#8221; Fuentes elderecho.com &#8221; <\/em><\/p>\n","protected":false},"excerpt":{"rendered":"<p>El Gobierno ha planteado a sindicatos y empresarios extender los Expedientes de Regulaci\u00f3n Temporal de Empleo (ERTE) hasta el 30 de septiembre, aunque despu\u00e9s de esa fecha se evaluar\u00e1 si es necesario mantenerlos despu\u00e9s del verano, seg\u00fan han informado a Europa Press en fuentes del di\u00e1logo social. Las mismas fuentes han indicado que la thought [&hellip;]<\/p>\n","protected":false},"author":4,"featured_media":122850,"comment_status":"open","ping_status":"closed","sticky":false,"template":"","format":"standard","meta":{"om_disable_all_campaigns":false,"jnews-multi-image_gallery":[],"jnews_single_post":[],"jnews_primary_category":[],"jnews_social_meta":[],"footnotes":""},"categories":[40],"tags":[],"class_list":["post-122849","post","type-post","status-publish","format-standard","has-post-thumbnail","hentry","category-industria"],"_links":{"self":[{"href":"https:\/\/dimensionturistica.com\/es\/wp-json\/wp\/v2\/posts\/122849","targetHints":{"allow":["GET"]}}],"collection":[{"href":"https:\/\/dimensionturistica.com\/es\/wp-json\/wp\/v2\/posts"}],"about":[{"href":"https:\/\/dimensionturistica.com\/es\/wp-json\/wp\/v2\/types\/post"}],"author":[{"embeddable":true,"href":"https:\/\/dimensionturistica.com\/es\/wp-json\/wp\/v2\/users\/4"}],"replies":[{"embeddable":true,"href":"https:\/\/dimensionturistica.com\/es\/wp-json\/wp\/v2\/comments?post=122849"}],"version-history":[{"count":0,"href":"https:\/\/dimensionturistica.com\/es\/wp-json\/wp\/v2\/posts\/122849\/revisions"}],"wp:featuredmedia":[{"embeddable":true,"href":"https:\/\/dimensionturistica.com\/es\/wp-json\/wp\/v2\/media\/122850"}],"wp:attachment":[{"href":"https:\/\/dimensionturistica.com\/es\/wp-json\/wp\/v2\/media?parent=122849"}],"wp:term":[{"taxonomy":"category","embeddable":true,"href":"https:\/\/dimensionturistica.com\/es\/wp-json\/wp\/v2\/categories?post=122849"},{"taxonomy":"post_tag","embeddable":true,"href":"https:\/\/dimensionturistica.com\/es\/wp-json\/wp\/v2\/tags?post=122849"}],"curies":[{"name":"wp","href":"https:\/\/api.w.org\/{rel}","templated":true}]}}