{"id":122845,"date":"2021-05-07T00:38:22","date_gmt":"2021-05-07T00:38:22","guid":{"rendered":"https:\/\/dimensionturistica.com\/es\/?p=122845"},"modified":"2021-05-07T00:38:22","modified_gmt":"2021-05-07T00:38:22","slug":"extenista-australiano-lleyton-hewitt-retrasa-entrada-al-salon-de-la-fama-por-covid-19","status":"publish","type":"post","link":"https:\/\/dimensionturistica.com\/es\/extenista-australiano-lleyton-hewitt-retrasa-entrada-al-salon-de-la-fama-por-covid-19\/","title":{"rendered":"Extenista australiano Lleyton Hewitt retrasa entrada al Sal\u00f3n de la Fama por covid-19"},"content":{"rendered":"<p> <br \/>\n<\/p>\n<div>\n<p class=\"paragraph\">El australiano Lleyton Hewitt, ex n\u00famero uno del mundo, dijo este jueves que su incorporaci\u00f3n al Sal\u00f3n de la Fama del Tenis Internacional se retrasar\u00e1 hasta 2022 debido a las restricciones de viaje por el covid-19.<\/p>\n<p class=\"paragraph\">En un video publicado en el sitio internet del Sal\u00f3n, el dos veces campe\u00f3n de torneos de Grand Slam se\u00f1al\u00f3 que planea asistir a la ceremonia en julio del pr\u00f3ximo a\u00f1o durante el torneo ATP de Newport, en Rhode Island.<\/p>\n<p class=\"paragraph\">&#8220;Desafortunadamente, debido a las circunstancias alrededor de covid este a\u00f1o, mi familia y yo no podremos ir a Newport para celebrar este julio&#8221;, a\u00f1adi\u00f3 Hewitt en el video. &#8220;Pero tenemos muchas ganas de volver y ser parte del evento en 2022 en el Sal\u00f3n de la Fama&#8221;.<\/p>\n<p><span data-error=\"No dfp-path found.\"\/><\/p>\n<p class=\"paragraph\">El Sal\u00f3n de la Fama del Tenis Internacional, con sede en Newport, llevar\u00e1 a cabo una ceremonia de inducci\u00f3n en el torneo de este a\u00f1o el 17 de julio, el d\u00eda de las semifinales.<\/p>\n<p class=\"paragraph\">Los problemas de viaje entre Estados Unidos y Australia impiden que Hewitt est\u00e9 presente en la ceremonia.<\/p>\n<p class=\"paragraph\">&#8220;Si bien estoy ansioso por la ceremonia y la celebraci\u00f3n, la salud y la seguridad de todos es la prioridad leg\u00edtima en la que todos debemos concentrarnos en este momento&#8221;, agreg\u00f3 Hewitt.<\/p>\n<p><span data-error=\"No dfp-path found.\"\/><\/p>\n<p class=\"paragraph\">Hewitt, de 40 a\u00f1os, gan\u00f3 el Abierto de Estados Unidos de 2001 y Wimbledon en 2002 y fue subcampe\u00f3n del Abierto de Estados Unidos de 2004 y del Abierto de Australia de 2005.<\/p>\n<p class=\"paragraph\">Gan\u00f3 en su carrera treinta torneos de la ATP, siendo el primero en su ciudad natal, Adelaide, en 1998 y la \u00faltima en Newport en 2014.<\/p>\n<p><span data-error=\"No dfp-path found.\"\/><\/p>\n<p class=\"paragraph\">En noviembre de 2001, el australiano se convirti\u00f3 en el jugador m\u00e1s joven en llegar al primer lugar del rating mundial de la ATP a los 20 a\u00f1os.<\/p>\n<p class=\"paragraph\">js\/bb\/meh\/ma<\/p>\n<\/div>\n<p><script defer=\"\">!function(f,b,e,v,n,t,s) {if(f.fbq)return;n=f.fbq=function(){n.callMethod? n.callMethod.apply(n,arguments):n.queue.push(arguments)}; if(!f._fbq)f._fbq=n;n.push=n;n.loaded=!0;n.version='2.0'; n.queue=[];t=b.createElement(e);t.async=!0; t.src=v;s=b.getElementsByTagName(e)[0]; s.parentNode.insertBefore(t,s)}(window, document,'script', 'https:\/\/connect.facebook.net\/en_US\/fbevents.js'); fbq('init', '336383993555320'); fbq('track', 'PageView'); fbq('track', 'ViewContent');<\/script><br \/>\n<br \/><\/p>\n<p><em> &#8221; Fuentes www.infobae.com &#8221; <\/em><\/p>\n","protected":false},"excerpt":{"rendered":"<p>El australiano Lleyton Hewitt, ex n\u00famero uno del mundo, dijo este jueves que su incorporaci\u00f3n al Sal\u00f3n de la Fama del Tenis Internacional se retrasar\u00e1 hasta 2022 debido a las restricciones de viaje por el covid-19. En un video publicado en el sitio internet del Sal\u00f3n, el dos veces campe\u00f3n de torneos de Grand Slam [&hellip;]<\/p>\n","protected":false},"author":4,"featured_media":120974,"comment_status":"open","ping_status":"closed","sticky":false,"template":"","format":"standard","meta":{"om_disable_all_campaigns":false,"jnews-multi-image_gallery":[],"jnews_single_post":[],"jnews_primary_category":[],"jnews_social_meta":[],"footnotes":""},"categories":[40],"tags":[],"class_list":["post-122845","post","type-post","status-publish","format-standard","has-post-thumbnail","hentry","category-industria"],"_links":{"self":[{"href":"https:\/\/dimensionturistica.com\/es\/wp-json\/wp\/v2\/posts\/122845","targetHints":{"allow":["GET"]}}],"collection":[{"href":"https:\/\/dimensionturistica.com\/es\/wp-json\/wp\/v2\/posts"}],"about":[{"href":"https:\/\/dimensionturistica.com\/es\/wp-json\/wp\/v2\/types\/post"}],"author":[{"embeddable":true,"href":"https:\/\/dimensionturistica.com\/es\/wp-json\/wp\/v2\/users\/4"}],"replies":[{"embeddable":true,"href":"https:\/\/dimensionturistica.com\/es\/wp-json\/wp\/v2\/comments?post=122845"}],"version-history":[{"count":0,"href":"https:\/\/dimensionturistica.com\/es\/wp-json\/wp\/v2\/posts\/122845\/revisions"}],"wp:featuredmedia":[{"embeddable":true,"href":"https:\/\/dimensionturistica.com\/es\/wp-json\/wp\/v2\/media\/120974"}],"wp:attachment":[{"href":"https:\/\/dimensionturistica.com\/es\/wp-json\/wp\/v2\/media?parent=122845"}],"wp:term":[{"taxonomy":"category","embeddable":true,"href":"https:\/\/dimensionturistica.com\/es\/wp-json\/wp\/v2\/categories?post=122845"},{"taxonomy":"post_tag","embeddable":true,"href":"https:\/\/dimensionturistica.com\/es\/wp-json\/wp\/v2\/tags?post=122845"}],"curies":[{"name":"wp","href":"https:\/\/api.w.org\/{rel}","templated":true}]}}