{"id":122695,"date":"2021-05-06T19:39:21","date_gmt":"2021-05-06T19:39:21","guid":{"rendered":"https:\/\/dimensionturistica.com\/es\/?p=122695"},"modified":"2021-05-06T19:39:21","modified_gmt":"2021-05-06T19:39:21","slug":"mundosenior-lanza-su-imserso-con-precios-rompedores-noticias-de-agencias-de-viajes-rss1","status":"publish","type":"post","link":"https:\/\/dimensionturistica.com\/es\/mundosenior-lanza-su-imserso-con-precios-rompedores-noticias-de-agencias-de-viajes-rss1\/","title":{"rendered":"Mundosenior lanza su Imserso con precios rompedores | Noticias de Agencias de viajes, rss1"},"content":{"rendered":"<p> <br \/>\n<\/p>\n<div>\n<p><a rel=\"nofollow noopener\" target=\"_blank\" href=\"https:\/\/www.preferente.com\/wp-content\/uploads\/2020\/12\/imserso.jpg\"><img decoding=\"async\" class=\"aligncenter wp-image-305662 size-full\" src=\"https:\/\/www.preferente.com\/wp-content\/uploads\/2020\/12\/imserso.jpg\" alt=\"\" width=\"600\" height=\"311\" srcset=\"https:\/\/www.preferente.com\/wp-content\/uploads\/2020\/12\/imserso.jpg 600w, https:\/\/www.preferente.com\/wp-content\/uploads\/2020\/12\/imserso-300x156.jpg 300w, https:\/\/www.preferente.com\/wp-content\/uploads\/2020\/12\/imserso-386x200.jpg 386w, https:\/\/www.preferente.com\/wp-content\/uploads\/2020\/12\/imserso-289x150.jpg 289w, https:\/\/www.preferente.com\/wp-content\/uploads\/2020\/12\/imserso-145x75.jpg 145w, https:\/\/www.preferente.com\/wp-content\/uploads\/2020\/12\/imserso-116x60.jpg 116w, https:\/\/www.preferente.com\/wp-content\/uploads\/2020\/12\/imserso-270x140.jpg 270w, https:\/\/www.preferente.com\/wp-content\/uploads\/2020\/12\/imserso-62x32.jpg 62w, https:\/\/www.preferente.com\/wp-content\/uploads\/2020\/12\/imserso-174x90.jpg 174w\" sizes=\"(max-width: 600px) 100vw, 600px\"\/><\/a><\/p>\n<p>\u00c1voris Corporaci\u00f3n Empresarial no solo se adelanta al programa de turismo del Imserso, sino que adem\u00e1s lanzar\u00e1 al mercado una oferta rompedora con precios, en determinados destinos, incluso m\u00e1s bajos que los de los viajes los subvencionados por el Estado (<a rel=\"nofollow noopener\" target=\"_blank\" href=\"https:\/\/www.preferente.com\/rss1\/imserso-avoris-recupera-la-marca-mundosenior-309059.html\">Imserso: \u00c1voris recupera la marca Mundosenior<\/a>).<\/p>\n<p>Como ha podido comprobar <em>preferente.com<\/em>, Mundosenior, marca que tradicionalmente se us\u00f3 para explotar el programa oficial pero que ahora es ajena al mismo (con la confusi\u00f3n que ello acarrea), abrir\u00e1 ventas el pr\u00f3ximo 10 de mayo tanto en sus canales directos (net y tel\u00e9fono) como de las agencias de viajes colaboradoras (<a rel=\"nofollow noopener\" target=\"_blank\" href=\"https:\/\/www.preferente.com\/noticias-de-agencias-de-viajes\/mundosenior-se-adelanta-al-programa-oficial-del-imserso-309061.html\">Mundosenior se adelanta al programa oficial del Imserso<\/a>).<\/p>\n<p>Vender\u00e1 circuitos culturales (estancias de 5 y 6 d\u00edas) desde 325 euros; viajes al litoral espa\u00f1ol (6, 8 o 10 d\u00edas) desde 425 euros a la Costa del Sol con transporte (205 sin transporte), desde 325 a Benidorm con transporte (170 sin) y desde 305 a Salou con transporte (180 sin); y viajes a Mallorca y Tenerife por 330 y 420 euros, respectivamente.<\/p>\n<p>Por otro lado, ofrece escapadas de tres d\u00edas en diferentes puntos del territorio nacional desde 65 euros (sin transporte). Salvo este \u00faltimo producto, que solo incluye alojamiento y desayuno, los viajeros disfrutar\u00e1n de ventajas como traslados y acercamientos, pensi\u00f3n completa, comida en ruta y gu\u00edas acompa\u00f1antes.<\/p>\n<p>Profesionales del sector consultados por este digital aseguran que algunos de los precios ofertados son incluso m\u00e1s econ\u00f3micos que los comercializados por los adjudicatarios del programa. Adem\u00e1s, hay que tener en cuenta que los viajes se realizar\u00e1n en plena temporada alta, todo lo contrario que los del Imserso, con los que se busca cubrir los meses de menor demanda.<\/p>\n<p>Si a la agresividad en materia de precios se le a\u00f1ade la utilizaci\u00f3n de la marca Mundosenior, eliminada hace cerca de dos a\u00f1os por la confusi\u00f3n que generaba su uso entre los pensionistas, \u00c1voris tiene ante s\u00ed una oportunidad \u00fanica para, aprovechando el vac\u00edo dejado por el Imserso, catapultar esta l\u00ednea de negocio.<\/p>\n<p><!-- AddThis Advanced Settings above via filter on the_content --><!-- AddThis Advanced Settings below via filter on the_content --><!-- AddThis Advanced Settings generic via filter on the_content --><!-- AddThis Share Buttons above via filter on the_content --><!-- AddThis Share Buttons below via filter on the_content --><!-- AddThis Share Buttons generic via filter on the_content -->\t\t\t<\/div>\n\n<p><em> &#8221; Fuentes www.preferente.com &#8221; <\/em><\/p>\n","protected":false},"excerpt":{"rendered":"<p>\u00c1voris Corporaci\u00f3n Empresarial no solo se adelanta al programa de turismo del Imserso, sino que adem\u00e1s lanzar\u00e1 al mercado una oferta rompedora con precios, en determinados destinos, incluso m\u00e1s bajos que los de los viajes los subvencionados por el Estado (Imserso: \u00c1voris recupera la marca Mundosenior). Como ha podido comprobar preferente.com, Mundosenior, marca que tradicionalmente [&hellip;]<\/p>\n","protected":false},"author":4,"featured_media":86801,"comment_status":"open","ping_status":"closed","sticky":false,"template":"","format":"standard","meta":{"om_disable_all_campaigns":false,"jnews-multi-image_gallery":[],"jnews_single_post":[],"jnews_primary_category":[],"jnews_social_meta":[],"footnotes":""},"categories":[40],"tags":[],"class_list":["post-122695","post","type-post","status-publish","format-standard","has-post-thumbnail","hentry","category-industria"],"_links":{"self":[{"href":"https:\/\/dimensionturistica.com\/es\/wp-json\/wp\/v2\/posts\/122695","targetHints":{"allow":["GET"]}}],"collection":[{"href":"https:\/\/dimensionturistica.com\/es\/wp-json\/wp\/v2\/posts"}],"about":[{"href":"https:\/\/dimensionturistica.com\/es\/wp-json\/wp\/v2\/types\/post"}],"author":[{"embeddable":true,"href":"https:\/\/dimensionturistica.com\/es\/wp-json\/wp\/v2\/users\/4"}],"replies":[{"embeddable":true,"href":"https:\/\/dimensionturistica.com\/es\/wp-json\/wp\/v2\/comments?post=122695"}],"version-history":[{"count":0,"href":"https:\/\/dimensionturistica.com\/es\/wp-json\/wp\/v2\/posts\/122695\/revisions"}],"wp:featuredmedia":[{"embeddable":true,"href":"https:\/\/dimensionturistica.com\/es\/wp-json\/wp\/v2\/media\/86801"}],"wp:attachment":[{"href":"https:\/\/dimensionturistica.com\/es\/wp-json\/wp\/v2\/media?parent=122695"}],"wp:term":[{"taxonomy":"category","embeddable":true,"href":"https:\/\/dimensionturistica.com\/es\/wp-json\/wp\/v2\/categories?post=122695"},{"taxonomy":"post_tag","embeddable":true,"href":"https:\/\/dimensionturistica.com\/es\/wp-json\/wp\/v2\/tags?post=122695"}],"curies":[{"name":"wp","href":"https:\/\/api.w.org\/{rel}","templated":true}]}}