{"id":122598,"date":"2021-05-06T16:20:01","date_gmt":"2021-05-06T16:20:01","guid":{"rendered":"https:\/\/dimensionturistica.com\/es\/?p=122598"},"modified":"2021-05-06T16:20:01","modified_gmt":"2021-05-06T16:20:01","slug":"mas-vuelos-a-miami-aerolineas-argentinas-estudia-agregar-frecuencias-en-junio","status":"publish","type":"post","link":"https:\/\/dimensionturistica.com\/es\/mas-vuelos-a-miami-aerolineas-argentinas-estudia-agregar-frecuencias-en-junio\/","title":{"rendered":"\u00bfM\u00e1s vuelos a Miami? Aerol\u00edneas Argentinas estudia agregar frecuencias en junio"},"content":{"rendered":"<p> <br \/>\n<\/p>\n<div>\n<p class=\"com-paragraph  --capital --s\">En los \u00faltimos meses el inter\u00e9s de los argentinos por irse de vacaciones a <strong>Miami<\/strong> y vacunarse<a rel=\"nofollow noopener\" target=\"_blank\" href=\"https:\/\/www.lanacion.com.ar\/turismo\/turismo-y-vacunas-hay-una-estampida-de-gente-que-quiere-comprar-pasajes-a-miami-nid04052021\/\" title=\" fue en aumento\" class=\"com-link\" data-reactroot=\"\"> fue en aumento<\/a>. Tanto que hizo subir los precios de los asientos disponibles en el corto plazo por las restricciones que rigen sobre los vuelos. Pero en junio<strong> podr\u00edan agregarse de 3 a 6 vuelos semanales m\u00e1s<\/strong> de<strong> Aerol\u00edneas Argentinas, <\/strong>que estudia esta posibilidad porque la ocupaci\u00f3n viene en aumento.<\/p>\n<p class=\"com-paragraph   --s\">Seg\u00fan informaron desde la compa\u00f1\u00eda, que actualmente tiene 6 frecuencias semanales a Miami,<strong> los vuelos en la \u00faltima semana salieron con un 74% de ocupaci\u00f3n, mientras que, en abril, la ocupaci\u00f3n promedio fue de 62% y en lo que va de 2021, del 52%.<\/strong><\/p>\n<p class=\"com-paragraph   --s\">Sin embargo, dijeron que el cambio de 6 a 9 o 12 frecuencias semanales se encuentra <strong>\u201cen an\u00e1lisis\u201d, ya que a\u00fan no est\u00e1 la programaci\u00f3n de junio. <\/strong>Luego, esa programaci\u00f3n debe ser autorizada por la Administraci\u00f3n Nacional de Aviaci\u00f3n Civil (ANAC) de forma de garantizar el espaciamiento entre arribos y salidas y el cupo diario de 2000 pasajeros internacionales.<\/p>\n<p class=\"com-paragraph   --s\">Por lo bajo, distintas agencias de viaje hab\u00edan se\u00f1alado que Aerol\u00edneas deb\u00eda \u201cdar la cara\u201d respecto de la oferta de vuelos, muy condicionada por ANAC. <strong>\u201cLas tarifas bajar\u00edan o se estabilizar\u00edan si hubiera m\u00e1s vuelos aprobados\u201d, <\/strong>dijeron en referencia a lo que sucedi\u00f3 con los tickets a Miami.<\/p>\n<p class=\"com-paragraph   --s\"><strong>Hace unas semanas un a\u00e9reo con ese destino rondaba los $100.000, y ayer esa cifra ya hab\u00eda subido a $185.000. Algunas agencias dec\u00edan que, en realidad, un vuelo directo a Miami pod\u00eda estar en $400.000.<\/strong><\/p>\n<p class=\"com-paragraph   --s\">La otra aerol\u00ednea que hoy opera a esa ciudad en el sureste de Florida sin escalas es American Airways, que tiene aprobados vuelos todos los d\u00edas. Son 7 frecuencias semanales.<\/p>\n<p class=\"com-paragraph   --s\">Al agotarse Miami, las agencias administraban las demandas para abrir nuevas oportunidades y porque tambi\u00e9n aparecen destinos como <a rel=\"nofollow noopener\" target=\"_blank\" href=\"https:\/\/www.lanacion.com.ar\/economia\/no-todo-es-miami-cuales-son-los-otros-destinos-en-estados-unidos-que-los-argentinos-eligen-para-nid05052021\/\" title=\"Dallas, Houston, Nueva York, que podr\u00edan disputar la \" class=\"com-link\" data-reactroot=\"\">Dallas, Houston, Nueva York, que podr\u00edan disputar la <\/a>iniciativa con respecto al turismo sanitario.<\/p>\n<p class=\"com-paragraph   --s\">Los estados de Texas, Arizona y Luisiana ya est\u00e1n posicion\u00e1ndose para recibir turistas que buscan vacunas. A esos destinos se puede acceder v\u00eda Atlanta.<\/p>\n<section class=\"mod-trust --twoxs  --trust\"><a rel=\"nofollow noopener\" target=\"_blank\" href=\"https:\/\/www.lanacion.com.ar\/tema\/the-trust-project-tid68036\/\" class=\"com-link --twoxs\">Conoc\u00e9 The Trust Project<\/a><\/section>\n<\/div>\n\n<p><em> &#8221; Fuentes www.lanacion.com.ar &#8221; <\/em><\/p>\n","protected":false},"excerpt":{"rendered":"<p>En los \u00faltimos meses el inter\u00e9s de los argentinos por irse de vacaciones a Miami y vacunarse fue en aumento. Tanto que hizo subir los precios de los asientos disponibles en el corto plazo por las restricciones que rigen sobre los vuelos. Pero en junio podr\u00edan agregarse de 3 a 6 vuelos semanales m\u00e1s de [&hellip;]<\/p>\n","protected":false},"author":4,"featured_media":122599,"comment_status":"open","ping_status":"closed","sticky":false,"template":"","format":"standard","meta":{"om_disable_all_campaigns":false,"jnews-multi-image_gallery":[],"jnews_single_post":[],"jnews_primary_category":[],"jnews_social_meta":[],"footnotes":""},"categories":[40],"tags":[],"class_list":["post-122598","post","type-post","status-publish","format-standard","has-post-thumbnail","hentry","category-industria"],"_links":{"self":[{"href":"https:\/\/dimensionturistica.com\/es\/wp-json\/wp\/v2\/posts\/122598","targetHints":{"allow":["GET"]}}],"collection":[{"href":"https:\/\/dimensionturistica.com\/es\/wp-json\/wp\/v2\/posts"}],"about":[{"href":"https:\/\/dimensionturistica.com\/es\/wp-json\/wp\/v2\/types\/post"}],"author":[{"embeddable":true,"href":"https:\/\/dimensionturistica.com\/es\/wp-json\/wp\/v2\/users\/4"}],"replies":[{"embeddable":true,"href":"https:\/\/dimensionturistica.com\/es\/wp-json\/wp\/v2\/comments?post=122598"}],"version-history":[{"count":0,"href":"https:\/\/dimensionturistica.com\/es\/wp-json\/wp\/v2\/posts\/122598\/revisions"}],"wp:featuredmedia":[{"embeddable":true,"href":"https:\/\/dimensionturistica.com\/es\/wp-json\/wp\/v2\/media\/122599"}],"wp:attachment":[{"href":"https:\/\/dimensionturistica.com\/es\/wp-json\/wp\/v2\/media?parent=122598"}],"wp:term":[{"taxonomy":"category","embeddable":true,"href":"https:\/\/dimensionturistica.com\/es\/wp-json\/wp\/v2\/categories?post=122598"},{"taxonomy":"post_tag","embeddable":true,"href":"https:\/\/dimensionturistica.com\/es\/wp-json\/wp\/v2\/tags?post=122598"}],"curies":[{"name":"wp","href":"https:\/\/api.w.org\/{rel}","templated":true}]}}