{"id":122560,"date":"2021-05-06T14:48:54","date_gmt":"2021-05-06T14:48:54","guid":{"rendered":"https:\/\/dimensionturistica.com\/es\/?p=122560"},"modified":"2021-05-06T14:48:54","modified_gmt":"2021-05-06T14:48:54","slug":"amlo-preve-acuerdo-con-kamala-harris-para-reabrir-la-frontera-con-eu","status":"publish","type":"post","link":"https:\/\/dimensionturistica.com\/es\/amlo-preve-acuerdo-con-kamala-harris-para-reabrir-la-frontera-con-eu\/","title":{"rendered":"AMLO prev\u00e9 acuerdo con Kamala Harris para reabrir la frontera con EU"},"content":{"rendered":"<p> <br \/>\n<\/p>\n<div>\n<p>El presidente Andr\u00e9s Manuel L\u00f3pez Obrador inform\u00f3 que en la pl\u00e1tica que tendr\u00e1 con la vicepresidenta de Estados Unidos, Kamala Harris, podr\u00eda haber un acuerdo para la reapertura de la frontera entre M\u00e9xico y Estados Unidos, para los viajes no esenciales.<\/p>\n<p>Las restricciones en el cruce terrestre entre ambos pa\u00edses iniciaron desde marzo de 2020, como medida preventiva para evitar la propagaci\u00f3n del COVID-19.<\/p>\n<p>La \u00faltima actualizaci\u00f3n fue a finales de abril, cuando se anunci\u00f3 que el cierre se extender\u00e1 hasta el pr\u00f3ximo 21 de mayo.<\/p>\n<p><a rel=\"nofollow noopener\" target=\"_blank\" href=\"https:\/\/www.animalpolitico.com\/2021\/04\/muro-pentagono-cancelan-construccion-frontera\/\"><em>Lee: Pent\u00e1gono cancela proyectos de construcci\u00f3n de muro en frontera<\/em><\/a><\/p>\n<p>En su conferencia matutina, el mandatario dijo que \u201chay condiciones inmejorables\u201d en cuanto a la relaci\u00f3n con EU y que es un buen momento para una posible reapertura por la disminuci\u00f3n de la pandemia en los dos pa\u00edses.<\/p>\n<p>Aclar\u00f3 que el tema central de la pl\u00e1tica ser\u00e1 el migratorio, pero no descarta que se llegue a un acuerdo sobre la frontera, al ser un tema de inter\u00e9s para ambas naciones.<\/p>\n<p>\u201cEs muy probable (un acuerdo), no tenemos diferencias de fondo en ese tema, ojal\u00e1 otros temas tuvieran la facilidad de ser tratados y resueltos como este (\u2026) necesitamos ya normalizar la situaci\u00f3n, es muy probable que se arregle pronto\u201d, dijo.<\/p>\n<p>En la \u00faltima ampliaci\u00f3n de la restricci\u00f3n, el gobierno de EU anunci\u00f3 que mantendr\u00eda la medida en toda su l\u00ednea fronteriza, mientras que M\u00e9xico dijo que los cruces no esenciales de EU hacia nuestro pa\u00eds solo ser\u00eda en estados con sem\u00e1foro epidemiol\u00f3gico rojo o naranja.<\/p>\n<p><a rel=\"nofollow noopener\" target=\"_blank\" href=\"https:\/\/coronavirus.gob.mx\/semaforo\/\">En el sem\u00e1foro de riesgo epid\u00e9mico correspondiente al periodo del 26 de abril al 9 de mayo<\/a>, solo el estado de Chihuahua est\u00e1 en sem\u00e1foro naranja. Baja California, Sonora, Tamaulipas y Nuevo Le\u00f3n est\u00e1n en amarillo, y Coahuila en verde.<\/p>\n<div class=\"ap_single_fondea_text\">Lo que hacemos en Animal Pol\u00edtico requiere de periodistas profesionales, trabajo en equipo, mantener di\u00e1logo con los lectores y algo muy importante: independencia. T\u00fa puedes ayudarnos a seguir. S\u00e9 parte del equipo.<br \/>\n<a rel=\"nofollow noopener\" target=\"_blank\" href=\"https:\/\/www.animalpolitico.com\/suscribete\">Suscr\u00edbete a Animal Pol\u00edtico<\/a>, recibe beneficios y apoya el periodismo libre.<\/p>\n<p><span style=\"font-weight: 600!important;\">#YoSoyAnimal<\/span><\/p>\n<\/div>\n<\/div>\n\n<p><em> &#8221; Fuentes www.animalpolitico.com &#8221; <\/em><\/p>\n","protected":false},"excerpt":{"rendered":"<p>El presidente Andr\u00e9s Manuel L\u00f3pez Obrador inform\u00f3 que en la pl\u00e1tica que tendr\u00e1 con la vicepresidenta de Estados Unidos, Kamala Harris, podr\u00eda haber un acuerdo para la reapertura de la frontera entre M\u00e9xico y Estados Unidos, para los viajes no esenciales. Las restricciones en el cruce terrestre entre ambos pa\u00edses iniciaron desde marzo de 2020, [&hellip;]<\/p>\n","protected":false},"author":4,"featured_media":122561,"comment_status":"open","ping_status":"closed","sticky":false,"template":"","format":"standard","meta":{"om_disable_all_campaigns":false,"jnews-multi-image_gallery":[],"jnews_single_post":[],"jnews_primary_category":[],"jnews_social_meta":[],"footnotes":""},"categories":[40],"tags":[],"class_list":["post-122560","post","type-post","status-publish","format-standard","has-post-thumbnail","hentry","category-industria"],"_links":{"self":[{"href":"https:\/\/dimensionturistica.com\/es\/wp-json\/wp\/v2\/posts\/122560","targetHints":{"allow":["GET"]}}],"collection":[{"href":"https:\/\/dimensionturistica.com\/es\/wp-json\/wp\/v2\/posts"}],"about":[{"href":"https:\/\/dimensionturistica.com\/es\/wp-json\/wp\/v2\/types\/post"}],"author":[{"embeddable":true,"href":"https:\/\/dimensionturistica.com\/es\/wp-json\/wp\/v2\/users\/4"}],"replies":[{"embeddable":true,"href":"https:\/\/dimensionturistica.com\/es\/wp-json\/wp\/v2\/comments?post=122560"}],"version-history":[{"count":0,"href":"https:\/\/dimensionturistica.com\/es\/wp-json\/wp\/v2\/posts\/122560\/revisions"}],"wp:featuredmedia":[{"embeddable":true,"href":"https:\/\/dimensionturistica.com\/es\/wp-json\/wp\/v2\/media\/122561"}],"wp:attachment":[{"href":"https:\/\/dimensionturistica.com\/es\/wp-json\/wp\/v2\/media?parent=122560"}],"wp:term":[{"taxonomy":"category","embeddable":true,"href":"https:\/\/dimensionturistica.com\/es\/wp-json\/wp\/v2\/categories?post=122560"},{"taxonomy":"post_tag","embeddable":true,"href":"https:\/\/dimensionturistica.com\/es\/wp-json\/wp\/v2\/tags?post=122560"}],"curies":[{"name":"wp","href":"https:\/\/api.w.org\/{rel}","templated":true}]}}