{"id":122551,"date":"2021-05-06T14:24:02","date_gmt":"2021-05-06T14:24:02","guid":{"rendered":"https:\/\/dimensionturistica.com\/es\/?p=122551"},"modified":"2021-05-06T14:24:02","modified_gmt":"2021-05-06T14:24:02","slug":"cuba-habla-de-vuelos-a-italia-y-holanda-desde-holguin","status":"publish","type":"post","link":"https:\/\/dimensionturistica.com\/es\/cuba-habla-de-vuelos-a-italia-y-holanda-desde-holguin\/","title":{"rendered":"Cuba habla de vuelos a Italia y Holanda desde Holgu\u00edn"},"content":{"rendered":"<p> <br \/>\n<\/p>\n<div itemprop=\"text\">\n<p>El Ministerio del Turismo (Mintur) en Cuba a prop\u00f3sito de un programa promocional del destino tur\u00edstico Holgu\u00edn adelant\u00f3 las intenciones de esta entidad para conectar el aeropuerto de dicha provincia con Italia y Holanda en Europa. <span id=\"more-25829\"\/><\/p>\n<p>Seg\u00fan Carlos \u00c1lvarez, comercial de la delegaci\u00f3n del Mintur all\u00ed, una de las intenciones de esos foros on-line es el de impulsar la llegada de clientes <strong>a partir de las conexiones a\u00e9reas del polo holguinero con Italia, Holanda<\/strong> y pa\u00edses de la regi\u00f3n centroamericana.<\/p>\n<p>Como parte de un amplio programa promocional para resaltar los valores hist\u00f3ricos, culturales y de naturaleza de sitios como el polo de Guardalavaca, se realizaron festivales n\u00e1uticos y otras actividades art\u00edsticas.<\/p>\n<p>Ya\u00edma Su\u00e1rez, subdelegada del Mintur en esa provincia oriental, destac\u00f3 el encuentro previsto por el Observatorio Tur\u00edstico de la provincia con representantes de Cuba en Europa y Am\u00e9rica. Este es el espacio propicio para incentivar los atractivos del destino. Dijo que como se conoce Holgu\u00edn resalta por la calidad de sus playas y amplia planta hotelera.<\/p>\n<p>\u00c1lvarez <a rel=\"nofollow noopener\" target=\"_blank\" href=\"https:\/\/www.prensa-latina.cu\/index.php?o=rn&amp;id=446678&amp;SEO=promueven-destino-turistico-en-el-oriente-de-cuba\">tambi\u00e9n inform\u00f3<\/a> de las inversiones y tareas de reparaci\u00f3n y mantenimiento en la crimson hotelera y extrahotelera del destino, entre ellas habitaciones del lodge Brisas Guardalavaca. En las cercan\u00edas ya se encuentra a punto de conclusi\u00f3n un nuevo Centro Internacional de Buceo. Este con \u00e9nfasis en el turismo ruso que debe ser el primero en arribar a esta zona del pa\u00eds.<\/p>\n<p>Mucha expectativa tuvo la entrada en explotaci\u00f3n del Resort Gran Muthu Almirante Seaside, primer resort de sol y playa del grupo Cubanac\u00e1n en el oriente de Cuba, categor\u00eda cinco estrellas y localizado en Guardalavaca, previsto a abrir el venidero, 1ro julio.<\/p>\n<p>El destino Holgu\u00edn es uno de los m\u00e1s integrales del archipi\u00e9lago cubano, donde confluyen experiencias de operaciones tur\u00edsticas de sol y playa, naturaleza, historia, cultura, entre otras actividades de gran aceptaci\u00f3n entre los turistas extranjeros y de todo el pa\u00eds.<\/p>\n<p>Durante varios d\u00edas la delegaci\u00f3n del Ministerio de Turismo (Mintur) all\u00ed y sus respectivas agencias de viaje, promocionan de manera digital, los diferentes servicios y bondades naturales y recreativas del mismo.<\/p>\n<p>Este jueves, es la \u00faltima jornada de la feria digital y se va a realizar un foro debate que permita a usuarios y clientes, nacionales e internacionales conocer las propuestas en el territorio holguinero y salir de algunas dudas.<\/p>\n<p>Siguiendo los canales de Mintur en el territorio, los interesados podr\u00e1n conocer e informarse sobre las propuestas vacacionales que se ofrecen dentro del turismo en el territorio holguinero.<\/p>\n<p>Entre ellas tambi\u00e9n destacan las instalaciones de campismo, con cuatro nuevas bases y el trabajo constructivo en otras cuatro para finalizar el a\u00f1o con un whole de 13 centros dedicados al disfrute de las familias cubanas.<\/p>\n<p>\u201cSe inserta la empresa de Campismo Popular Holgu\u00edn en el Observatorio Tur\u00edstico de la provincia. A consolidar nuestro destino\u201d, dijeron desde esa entidad estatal dedicada al turismo native.<\/p>\n<div class=\"code-block code-block-6\" style=\"margin: 8px 0; clear: both;\">\n<h3><em><b>Si te ha gustado, \u00a1comp\u00e1rtelo con tus amigos!<\/b><\/em><\/h3>\n<p><a rel=\"nofollow noopener\" target=\"_blank\" href=\"https:\/\/www.directoriocubano.info\/actualidad\/cuba-habla-de-vuelos-a-italia-y-holanda-desde-holguin\/#\" onclick=\"&#10;    window.open(&#10;      'https:\/\/www.facebook.com\/sharer\/sharer.php?u='+encodeURIComponent(location.href), &#10;      'facebook-share-dialog', &#10;      'width=626,height=436'); &#10;    return false;\"><button type=\"button\" class=\"btn btn-outline-primary\"><svg xmlns=\"http:\/\/www.w3.org\/2000\/svg\" width=\"16\" height=\"16\" fill=\"currentColor\" class=\"bi bi-facebook\" viewbox=\"0 0 16 16\">\n<path d=\"M16 8.049c0-4.446-3.582-8.05-8-8.05C3.58 0-.002 3.603-.002 8.05c0 4.017 2.926 7.347 6.75 7.951v-5.625h-2.03V8.05H6.75V6.275c0-2.017 1.195-3.131 3.022-3.131.876 0 1.791.157 1.791.157v1.98h-1.009c-.993 0-1.303.621-1.303 1.258v1.51h2.218l-.354 2.326H9.25V16c3.824-.604 6.75-3.934 6.75-7.951z\"\/>\n<\/svg> Compartir<\/button><br \/>\n<\/a><br \/>\n<a rel=\"nofollow noopener\" target=\"_blank\" href=\"https:\/\/www.directoriocubano.info\/actualidad\/cuba-habla-de-vuelos-a-italia-y-holanda-desde-holguin\/#\" onclick=\"&#10;    window.open(&#10;      'http:\/\/www.twitter.com\/share?url=\" return=\"\" false=\"\"><button type=\"button\" class=\"btn btn-outline-primary\"><svg xmlns=\"http:\/\/www.w3.org\/2000\/svg\" width=\"16\" height=\"16\" fill=\"currentColor\" class=\"bi bi-twitter\" viewbox=\"0 0 16 16\">\n<path d=\"M5.026 15c6.038 0 9.341-5.003 9.341-9.334 0-.14 0-.282-.006-.422A6.685 6.685 0 0 0 16 3.542a6.658 6.658 0 0 1-1.889.518 3.301 3.301 0 0 0 1.447-1.817 6.533 6.533 0 0 1-2.087.793A3.286 3.286 0 0 0 7.875 6.03a9.325 9.325 0 0 1-6.767-3.429 3.289 3.289 0 0 0 1.018 4.382A3.323 3.323 0 0 1 .64 6.575v.045a3.288 3.288 0 0 0 2.632 3.218 3.203 3.203 0 0 1-.865.115 3.23 3.23 0 0 1-.614-.057 3.283 3.283 0 0 0 3.067 2.277A6.588 6.588 0 0 1 .78 13.58a6.32 6.32 0 0 1-.78-.045A9.344 9.344 0 0 0 5.026 15z\"\/>\n<\/svg><\/button><\/a><br \/>\n<a rel=\"nofollow noopener\" target=\"_blank\" href=\"\/\/www.directoriocubano.info\/actualidad\/cuba-habla-de-vuelos-a-italia-y-holanda-desde-holguin\/\" data-action=\"share\/whatsapp\/share\"><button type=\"button\" class=\"btn btn-outline-success\"><svg xmlns=\"http:\/\/www.w3.org\/2000\/svg\" width=\"16\" height=\"16\" fill=\"currentColor\" class=\"bi bi-whatsapp\" viewbox=\"0 0 16 16\">\n<path d=\"M13.601 2.326A7.854 7.854 0 0 0 7.994 0C3.627 0 .068 3.558.064 7.926c0 1.399.366 2.76 1.057 3.965L0 16l4.204-1.102a7.933 7.933 0 0 0 3.79.965h.004c4.368 0 7.926-3.558 7.93-7.93A7.898 7.898 0 0 0 13.6 2.326zM7.994 14.521a6.573 6.573 0 0 1-3.356-.92l-.24-.144-2.494.654.666-2.433-.156-.251a6.56 6.56 0 0 1-1.007-3.505c0-3.626 2.957-6.584 6.591-6.584a6.56 6.56 0 0 1 4.66 1.931 6.557 6.557 0 0 1 1.928 4.66c-.004 3.639-2.961 6.592-6.592 6.592zm3.615-4.934c-.197-.099-1.17-.578-1.353-.646-.182-.065-.315-.099-.445.099-.133.197-.513.646-.627.775-.114.133-.232.148-.43.05-.197-.1-.836-.308-1.592-.985-.59-.525-.985-1.175-1.103-1.372-.114-.198-.011-.304.088-.403.087-.088.197-.232.296-.346.1-.114.133-.198.198-.33.065-.134.034-.248-.015-.347-.05-.099-.445-1.076-.612-1.47-.16-.389-.323-.335-.445-.34-.114-.007-.247-.007-.38-.007a.729.729 0 0 0-.529.247c-.182.198-.691.677-.691 1.654 0 .977.71 1.916.81 2.049.098.133 1.394 2.132 3.383 2.992.47.205.84.326 1.129.418.475.152.904.129 1.246.08.38-.058 1.171-.48 1.338-.943.164-.464.164-.86.114-.943-.049-.084-.182-.133-.38-.232z\"\/>\n<\/svg><\/button><\/a><br \/>\n<a rel=\"nofollow noopener\" target=\"_blank\" href=\"https:\/\/t.me\/share\/url?url=https:\/\/www.directoriocubano.info\/actualidad\/cuba-habla-de-vuelos-a-italia-y-holanda-desde-holguin\/&amp;text=Cuba habla de vuelos a Italia y Holanda desde Holgu\u00edn\"><button type=\"button\" class=\"btn btn-outline-info\"><svg xmlns=\"http:\/\/www.w3.org\/2000\/svg\" width=\"16\" height=\"16\" fill=\"currentColor\" class=\"bi bi-telegram\" viewbox=\"0 0 16 16\">\n<path d=\"M16 8A8 8 0 1 1 0 8a8 8 0 0 1 16 0zM8.287 5.906c-.778.324-2.334.994-4.666 2.01-.378.15-.577.298-.595.442-.03.243.275.339.69.47l.175.055c.408.133.958.288 1.243.294.26.006.549-.1.868-.32 2.179-1.471 3.304-2.214 3.374-2.23.05-.012.12-.026.166.016.047.041.042.12.037.141-.03.129-1.227 1.241-1.846 1.817-.193.18-.33.307-.358.336a8.154 8.154 0 0 1-.188.186c-.38.366-.664.64.015 1.088.327.216.589.393.85.571.284.194.568.387.936.629.093.06.183.125.27.187.331.236.63.448.997.414.214-.02.435-.22.547-.82.265-1.417.786-4.486.906-5.751a1.426 1.426 0 0 0-.013-.315.337.337 0 0 0-.114-.217.526.526 0 0 0-.31-.093c-.3.005-.763.166-2.984 1.09z\"\/>\n<\/svg><\/button><\/a><\/p>\n<p><iframe loading=\"lazy\" src=\"https:\/\/www.directoriocubano.info\/actualidad\/cuba-habla-de-vuelos-a-italia-y-holanda-desde-holguin\/about:blank\" width=\"340\" height=\"70\" style=\"border:none;overflow:hidden\" scrolling=\"no\" frameborder=\"0\" allowfullscreen=\"true\" allow=\"autoplay; clipboard-write; encrypted-media; picture-in-picture; web-share\" data-rocket-lazyload=\"fitvidscompatible\" data-lazy-src=\"https:\/\/www.facebook.com\/plugins\/page.php?href=https%3A%2F%2Fwww.facebook.com%2Fdirectoriocubano&amp;tabs&amp;width=340&amp;height=70&amp;small_header=true&amp;adapt_container_width=true&amp;hide_cover=true&amp;show_facepile=false&amp;appId=266840233980398\"><\/iframe><noscript><iframe loading=\"lazy\" src=\"https:\/\/www.facebook.com\/plugins\/page.php?href=https%3A%2F%2Fwww.facebook.com%2Fdirectoriocubano&amp;tabs&amp;width=340&amp;height=70&amp;small_header=true&amp;adapt_container_width=true&amp;hide_cover=true&amp;show_facepile=false&amp;appId=266840233980398\" width=\"340\" height=\"70\" style=\"border:none;overflow:hidden\" scrolling=\"no\" frameborder=\"0\" allowfullscreen=\"true\" allow=\"autoplay; clipboard-write; encrypted-media; picture-in-picture; web-share\"><\/iframe><\/noscript><br \/>\n<\/p>\n<\/div>\n<\/div>\n<p><script async src=\"\/\/platform.twitter.com\/widgets.js\" charset=\"utf-8\"><\/script><br \/>\n<br \/><\/p>\n<p><em> &#8221; Fuentes www.directoriocubano.info &#8221; <\/em><\/p>\n","protected":false},"excerpt":{"rendered":"<p>El Ministerio del Turismo (Mintur) en Cuba a prop\u00f3sito de un programa promocional del destino tur\u00edstico Holgu\u00edn adelant\u00f3 las intenciones de esta entidad para conectar el aeropuerto de dicha provincia con Italia y Holanda en Europa. Seg\u00fan Carlos \u00c1lvarez, comercial de la delegaci\u00f3n del Mintur all\u00ed, una de las intenciones de esos foros on-line es [&hellip;]<\/p>\n","protected":false},"author":4,"featured_media":0,"comment_status":"open","ping_status":"closed","sticky":false,"template":"","format":"standard","meta":{"om_disable_all_campaigns":false,"jnews-multi-image_gallery":[],"jnews_single_post":[],"jnews_primary_category":[],"jnews_social_meta":[],"footnotes":""},"categories":[40],"tags":[],"class_list":["post-122551","post","type-post","status-publish","format-standard","hentry","category-industria"],"_links":{"self":[{"href":"https:\/\/dimensionturistica.com\/es\/wp-json\/wp\/v2\/posts\/122551","targetHints":{"allow":["GET"]}}],"collection":[{"href":"https:\/\/dimensionturistica.com\/es\/wp-json\/wp\/v2\/posts"}],"about":[{"href":"https:\/\/dimensionturistica.com\/es\/wp-json\/wp\/v2\/types\/post"}],"author":[{"embeddable":true,"href":"https:\/\/dimensionturistica.com\/es\/wp-json\/wp\/v2\/users\/4"}],"replies":[{"embeddable":true,"href":"https:\/\/dimensionturistica.com\/es\/wp-json\/wp\/v2\/comments?post=122551"}],"version-history":[{"count":0,"href":"https:\/\/dimensionturistica.com\/es\/wp-json\/wp\/v2\/posts\/122551\/revisions"}],"wp:attachment":[{"href":"https:\/\/dimensionturistica.com\/es\/wp-json\/wp\/v2\/media?parent=122551"}],"wp:term":[{"taxonomy":"category","embeddable":true,"href":"https:\/\/dimensionturistica.com\/es\/wp-json\/wp\/v2\/categories?post=122551"},{"taxonomy":"post_tag","embeddable":true,"href":"https:\/\/dimensionturistica.com\/es\/wp-json\/wp\/v2\/tags?post=122551"}],"curies":[{"name":"wp","href":"https:\/\/api.w.org\/{rel}","templated":true}]}}