{"id":122519,"date":"2021-05-06T13:01:24","date_gmt":"2021-05-06T13:01:24","guid":{"rendered":"https:\/\/dimensionturistica.com\/es\/?p=122519"},"modified":"2021-05-06T13:01:25","modified_gmt":"2021-05-06T13:01:25","slug":"detienen-a-dos-hombres-que-viajaban-en-una-patera-cerca-de-canarias-con-32-migrantes-y-263-kilos-de-hachis","status":"publish","type":"post","link":"https:\/\/dimensionturistica.com\/es\/detienen-a-dos-hombres-que-viajaban-en-una-patera-cerca-de-canarias-con-32-migrantes-y-263-kilos-de-hachis\/","title":{"rendered":"Detienen a dos hombres que viajaban en una patera cerca de Canarias con 32 migrantes y 263 kilos de hach\u00eds"},"content":{"rendered":"<p> <br \/>\n<\/p>\n<div itemprop=\"text\">\n<figure class=\"wp-block-image size-large\"><img decoding=\"async\" loading=\"lazy\" width=\"1024\" height=\"576\" src=\"https:\/\/diariodeavisos.elespanol.com\/wp-content\/uploads\/2021\/05\/EuropaPress_3689420_hachis_intervenido_patera_llego_lanzarote-1024x576.jpg\" alt=\"\" class=\"wp-image-549698\" srcset=\"https:\/\/diariodeavisos.elespanol.com\/wp-content\/uploads\/2021\/05\/EuropaPress_3689420_hachis_intervenido_patera_llego_lanzarote-1024x576.jpg 1024w, https:\/\/diariodeavisos.elespanol.com\/wp-content\/uploads\/2021\/05\/EuropaPress_3689420_hachis_intervenido_patera_llego_lanzarote-300x169.jpg 300w, https:\/\/diariodeavisos.elespanol.com\/wp-content\/uploads\/2021\/05\/EuropaPress_3689420_hachis_intervenido_patera_llego_lanzarote-768x432.jpg 768w, https:\/\/diariodeavisos.elespanol.com\/wp-content\/uploads\/2021\/05\/EuropaPress_3689420_hachis_intervenido_patera_llego_lanzarote-123x70.jpg 123w, https:\/\/diariodeavisos.elespanol.com\/wp-content\/uploads\/2021\/05\/EuropaPress_3689420_hachis_intervenido_patera_llego_lanzarote-570x320.jpg 570w, https:\/\/diariodeavisos.elespanol.com\/wp-content\/uploads\/2021\/05\/EuropaPress_3689420_hachis_intervenido_patera_llego_lanzarote.jpg 1200w\" sizes=\"auto, (max-width: 1024px) 100vw, 1024px\"\/><figcaption>Hach\u00eds intervenido en la patera que lleg\u00f3 a Lanzarote POLIC\u00cdA NACIONAL Y GUARDIA CIVIL <\/figcaption><\/figure>\n<p>Agentes de la Polic\u00eda Nacional y de la Guardia Civil han detenido a dos hombres que viajaban el 1 de mayo en una patera que fue interceptada a unas tres millas de las costas de Lanzarote y en el que iban a bordo 32 inmigrantes, as\u00ed como 263 kilos de hach\u00eds.<\/p>\n<p>Los detenidos de la embarcaci\u00f3n, de seis metros de eslora, eran quienes presuntamente patroneaban la patera, por lo que fueron detenidos por un delito contra la libertad de los ciudadanos extranjeros, al tiempo que se les imputa, junto a otros dos hombres, un delito de tr\u00e1fico de drogas.<\/p>\n<p>Estas detenciones se produjeron despu\u00e9s de que en la madrugada del 1 de mayo, las Fuerzas y Cuerpos de Seguridad del Estado que vigilan en el mar territorial localizaran una patera, a unas tres millas del litoral de Lanzarote, que fue posteriormente rescatada por Salvamento Mar\u00edtimo y trasladada al puerto de Arrecife, seg\u00fan han informado Polic\u00eda Nacional y Guardia Civil en nota de prensa.<\/p>\n<p>Una vez en puerto, agentes de los dos cuerpos policiales pudieron comprobar que en el inside de la embarcaci\u00f3n remolcada viajaban un complete de 32 inmigrantes, de los que 22 eran hombres, cuatro mujeres y seis menores, quienes fueron inmediatamente atendidos por private de una organizaci\u00f3n no gubernamental, as\u00ed como constataron la presencia de un complete de 10 fardos con hach\u00eds que arrojaron un peso de 263 kilos.<\/p>\n<p>Tras estas averiguaciones, las pesquisas policiales permitieron identificar a dos de los viajeros como los presuntos encargados de patronear las embarcaciones, as\u00ed como de realizar viajes ilegales desde Marruecos hasta Espa\u00f1a, cobrando unos 2.000 euros por migrante.<\/p>\n<p>Los investigadores tambi\u00e9n conocieron su directa relaci\u00f3n, junto a otros dos ocupantes de la patera, con la droga intervenida en la misma, por lo que se les imputa tambi\u00e9n como presuntos autores de otro delito de tr\u00e1fico de drogas.<\/p>\n<p>Finalmente, instruido el correspondiente atestado policial, los detenidos y la droga intervenida han quedado a disposici\u00f3n de la Autoridad Judicial competente de Arrecife, quien decret\u00f3 el ingreso en prisi\u00f3n de todos ellos.<\/p>\n<p>La intervenci\u00f3n policial fue llevada a cabo por agentes de la Comisar\u00eda de la Polic\u00eda Nacional de Arrecife y de la Guardia Civil de Costa Teguise.<\/p>\n<\/div>\n<p><script async defer crossorigin=\"anonymous\" src=\"https:\/\/connect.facebook.net\/es_ES\/sdk.js#xfbml=1&#038;version=v9.0&#038;appId=170522456351149\" nonce=\"FcRb8Pgp\"><\/script><br \/>\n<br \/><\/p>\n<p><em> &#8221; Fuentes diariodeavisos.elespanol.com &#8221; <\/em><\/p>\n","protected":false},"excerpt":{"rendered":"<p>Hach\u00eds intervenido en la patera que lleg\u00f3 a Lanzarote POLIC\u00cdA NACIONAL Y GUARDIA CIVIL Agentes de la Polic\u00eda Nacional y de la Guardia Civil han detenido a dos hombres que viajaban el 1 de mayo en una patera que fue interceptada a unas tres millas de las costas de Lanzarote y en el que iban [&hellip;]<\/p>\n","protected":false},"author":4,"featured_media":122520,"comment_status":"open","ping_status":"closed","sticky":false,"template":"","format":"standard","meta":{"om_disable_all_campaigns":false,"jnews-multi-image_gallery":[],"jnews_single_post":[],"jnews_primary_category":[],"jnews_social_meta":[],"footnotes":""},"categories":[40],"tags":[],"class_list":["post-122519","post","type-post","status-publish","format-standard","has-post-thumbnail","hentry","category-industria"],"_links":{"self":[{"href":"https:\/\/dimensionturistica.com\/es\/wp-json\/wp\/v2\/posts\/122519","targetHints":{"allow":["GET"]}}],"collection":[{"href":"https:\/\/dimensionturistica.com\/es\/wp-json\/wp\/v2\/posts"}],"about":[{"href":"https:\/\/dimensionturistica.com\/es\/wp-json\/wp\/v2\/types\/post"}],"author":[{"embeddable":true,"href":"https:\/\/dimensionturistica.com\/es\/wp-json\/wp\/v2\/users\/4"}],"replies":[{"embeddable":true,"href":"https:\/\/dimensionturistica.com\/es\/wp-json\/wp\/v2\/comments?post=122519"}],"version-history":[{"count":0,"href":"https:\/\/dimensionturistica.com\/es\/wp-json\/wp\/v2\/posts\/122519\/revisions"}],"wp:featuredmedia":[{"embeddable":true,"href":"https:\/\/dimensionturistica.com\/es\/wp-json\/wp\/v2\/media\/122520"}],"wp:attachment":[{"href":"https:\/\/dimensionturistica.com\/es\/wp-json\/wp\/v2\/media?parent=122519"}],"wp:term":[{"taxonomy":"category","embeddable":true,"href":"https:\/\/dimensionturistica.com\/es\/wp-json\/wp\/v2\/categories?post=122519"},{"taxonomy":"post_tag","embeddable":true,"href":"https:\/\/dimensionturistica.com\/es\/wp-json\/wp\/v2\/tags?post=122519"}],"curies":[{"name":"wp","href":"https:\/\/api.w.org\/{rel}","templated":true}]}}