{"id":122487,"date":"2021-05-06T11:48:57","date_gmt":"2021-05-06T11:48:57","guid":{"rendered":"https:\/\/dimensionturistica.com\/es\/?p=122487"},"modified":"2021-05-06T11:48:58","modified_gmt":"2021-05-06T11:48:58","slug":"la-ue-anade-a-israel-a-la-lista-de-paises-susceptibles-de-levantar-las-restricciones-de-viaje","status":"publish","type":"post","link":"https:\/\/dimensionturistica.com\/es\/la-ue-anade-a-israel-a-la-lista-de-paises-susceptibles-de-levantar-las-restricciones-de-viaje\/","title":{"rendered":"La UE a\u00f1ade a Israel a la lista de pa\u00edses susceptibles de levantar las restricciones de viaje"},"content":{"rendered":"<p> <br \/>\n<\/p>\n<div>\n<div class=\"visual__image  image_container\"><img decoding=\"async\" alt=\"Pasajeros en el aeropuerto internacional de Ben Gurion, cerca de Tel Aviv, Israel. EFE\/EPA\/ABIR SULTAN\/Archivo&#13;&#10;\" height=\"4281\" width=\"6421\" src=\"https:\/\/www.infobae.com\/new-resizer\/6dL0XYTdNQeM4jepG-icmngnxfU=\/420x280\/filters:format(jpg):quality(85)\/cloudfront-us-east-1.images.arcpublishing.com\/infobae\/BL4ARWRB6RDO5OPFDSG64TJEXY.jpg\" srcset=\"https:\/\/www.infobae.com\/new-resizer\/6dL0XYTdNQeM4jepG-icmngnxfU=\/420x280\/filters:format(jpg):quality(85)\/cloudfront-us-east-1.images.arcpublishing.com\/infobae\/BL4ARWRB6RDO5OPFDSG64TJEXY.jpg 420w,https:\/\/www.infobae.com\/new-resizer\/mz6PDDkIUPFFZP_cOsQoxLS01t0=\/768x512\/filters:format(jpg):quality(85)\/cloudfront-us-east-1.images.arcpublishing.com\/infobae\/BL4ARWRB6RDO5OPFDSG64TJEXY.jpg 768w,https:\/\/www.infobae.com\/new-resizer\/yEs18AcDUstDtCcG59AetHZDLiA=\/992x661\/filters:format(jpg):quality(85)\/cloudfront-us-east-1.images.arcpublishing.com\/infobae\/BL4ARWRB6RDO5OPFDSG64TJEXY.jpg 992w,https:\/\/www.infobae.com\/new-resizer\/8UQ3UaQxiAoE3HA-1QvC6-RKN1Y=\/1200x800\/filters:format(jpg):quality(85)\/cloudfront-us-east-1.images.arcpublishing.com\/infobae\/BL4ARWRB6RDO5OPFDSG64TJEXY.jpg 1200w\" sizes=\"auto, (min-width: 800px) 50vw, 90vw\" loading=\"lazy\"\/><figcaption>Pasajeros en el aeropuerto internacional de Ben Gurion, cerca de Tel Aviv, Israel. EFE\/EPA\/ABIR SULTAN\/Archivo&#13;<br \/>\n<\/figcaption><\/div>\n<p class=\"paragraph\">Bruselas, 6 could (EFE).- El Consejo de la Uni\u00f3n Europea a\u00f1adi\u00f3 este jueves a Israel a la lista de pa\u00edses a los que los estados miembros deber\u00edan gradualmente levantar las restricciones sobre los viajes no esenciales, teniendo en cuenta la situaci\u00f3n epidemiol\u00f3gica y la respuesta a la pandemia de covid.<br \/>Israel se a\u00f1ade as\u00ed a Australia, Nueva Zelanda, Ruanda, Singapur, Corea del Sur, Tailandia y China (en el \u00faltimo caso, sujeto a una reciprocidad por parte de Pek\u00edn).<br \/>Las restricciones de viaje deber\u00eda tambi\u00e9n ser eliminadas de manera gradual en el caso de las regiones chinas de Hong Kong y Macao, sujetas tambi\u00e9n a reciprocidad, indic\u00f3 el Consejo.<br \/>La inclusi\u00f3n de Israel se produce tras una revisi\u00f3n, en relaci\u00f3n con la recomendaci\u00f3n de levantar de manera progresiva las restricciones temporales a los viajes a la UE no esenciales, indic\u00f3 el Consejo en un comunicado.<br \/>La lista se revisa cada dos semanas y, en caso necesario, se actualiza.<br \/>El Consejo record\u00f3 que los residentes en Andorra, M\u00f3naco, San Marino y el Vaticano deber\u00edan ser considerados residentes en la UE en relaci\u00f3n con estas recomendaciones sobre viajes.<br \/>Los criterios para determinar los terceros pa\u00edses para los que debe levantarse las restricciones se actualizaron el 2 de febrero de 2021 e incluyen la situaci\u00f3n epidemiol\u00f3gica y la respuesta basic al COVID-19, as\u00ed como la fiabilidad de la informaci\u00f3n y las fuentes de datos disponibles. <br \/>Los pa\u00edses asociados a Schengen (Islandia, Liechtenstein, Noruega, Suiza) tambi\u00e9n participan en esta recomendaci\u00f3n.<br \/>El pasado 3 de mayo la Comisi\u00f3n present\u00f3 una propuesta para flexibilizar a\u00fan m\u00e1s las restricciones actuales a los viajes no esenciales, en vista de la evoluci\u00f3n de la situaci\u00f3n epidemiol\u00f3gica y el progreso de las campa\u00f1as de vacunaci\u00f3n. <br \/>Entre otras cosas, la propuesta, actualmente en discusi\u00f3n entre los pa\u00edses, permite viajes no esenciales de personas vacunadas. <br \/>Al mismo tiempo, introduce un mecanismo de &#8220;interrupci\u00f3n de emergencia&#8221; para tratar de limitar la entrada de variantes de inter\u00e9s en la UE. <br \/>La recomendaci\u00f3n del Consejo no es un instrumento jur\u00eddicamente vinculante, las autoridades de los estados miembros siguen siendo responsables de aplicarlas o no.<\/p>\n<\/div>\n<p><script defer=\"\">!function(f,b,e,v,n,t,s) {if(f.fbq)return;n=f.fbq=function(){n.callMethod? n.callMethod.apply(n,arguments):n.queue.push(arguments)}; if(!f._fbq)f._fbq=n;n.push=n;n.loaded=!0;n.version='2.0'; n.queue=[];t=b.createElement(e);t.async=!0; t.src=v;s=b.getElementsByTagName(e)[0]; s.parentNode.insertBefore(t,s)}(window, document,'script', 'https:\/\/connect.facebook.net\/en_US\/fbevents.js'); fbq('init', '336383993555320'); fbq('track', 'PageView'); fbq('track', 'ViewContent');<\/script><br \/>\n<br \/><\/p>\n<p><em> &#8221; Fuentes www.infobae.com &#8221; <\/em><\/p>\n","protected":false},"excerpt":{"rendered":"<p>Pasajeros en el aeropuerto internacional de Ben Gurion, cerca de Tel Aviv, Israel. EFE\/EPA\/ABIR SULTAN\/Archivo&#13; Bruselas, 6 could (EFE).- El Consejo de la Uni\u00f3n Europea a\u00f1adi\u00f3 este jueves a Israel a la lista de pa\u00edses a los que los estados miembros deber\u00edan gradualmente levantar las restricciones sobre los viajes no esenciales, teniendo en cuenta la [&hellip;]<\/p>\n","protected":false},"author":4,"featured_media":122488,"comment_status":"open","ping_status":"closed","sticky":false,"template":"","format":"standard","meta":{"om_disable_all_campaigns":false,"jnews-multi-image_gallery":[],"jnews_single_post":[],"jnews_primary_category":[],"jnews_social_meta":[],"footnotes":""},"categories":[40],"tags":[],"class_list":["post-122487","post","type-post","status-publish","format-standard","has-post-thumbnail","hentry","category-industria"],"_links":{"self":[{"href":"https:\/\/dimensionturistica.com\/es\/wp-json\/wp\/v2\/posts\/122487","targetHints":{"allow":["GET"]}}],"collection":[{"href":"https:\/\/dimensionturistica.com\/es\/wp-json\/wp\/v2\/posts"}],"about":[{"href":"https:\/\/dimensionturistica.com\/es\/wp-json\/wp\/v2\/types\/post"}],"author":[{"embeddable":true,"href":"https:\/\/dimensionturistica.com\/es\/wp-json\/wp\/v2\/users\/4"}],"replies":[{"embeddable":true,"href":"https:\/\/dimensionturistica.com\/es\/wp-json\/wp\/v2\/comments?post=122487"}],"version-history":[{"count":0,"href":"https:\/\/dimensionturistica.com\/es\/wp-json\/wp\/v2\/posts\/122487\/revisions"}],"wp:featuredmedia":[{"embeddable":true,"href":"https:\/\/dimensionturistica.com\/es\/wp-json\/wp\/v2\/media\/122488"}],"wp:attachment":[{"href":"https:\/\/dimensionturistica.com\/es\/wp-json\/wp\/v2\/media?parent=122487"}],"wp:term":[{"taxonomy":"category","embeddable":true,"href":"https:\/\/dimensionturistica.com\/es\/wp-json\/wp\/v2\/categories?post=122487"},{"taxonomy":"post_tag","embeddable":true,"href":"https:\/\/dimensionturistica.com\/es\/wp-json\/wp\/v2\/tags?post=122487"}],"curies":[{"name":"wp","href":"https:\/\/api.w.org\/{rel}","templated":true}]}}