{"id":122432,"date":"2021-05-06T09:20:05","date_gmt":"2021-05-06T09:20:05","guid":{"rendered":"https:\/\/dimensionturistica.com\/es\/?p=122432"},"modified":"2021-05-06T09:20:05","modified_gmt":"2021-05-06T09:20:05","slug":"lammens-impulsa-pre-viaje-para-turismo-receptivo-internacional","status":"publish","type":"post","link":"https:\/\/dimensionturistica.com\/es\/lammens-impulsa-pre-viaje-para-turismo-receptivo-internacional\/","title":{"rendered":"Lammens impulsa Pre Viaje para turismo receptivo internacional"},"content":{"rendered":"<p> <br \/>\n<\/p>\n<div id=\"post-153465\">\n<p class=\"antetitulo\" style=\"margin-top: 10px;\">en el marco de encuentro del G20<\/p>\n<hr style=\"margin: 10px 0 3px\" \/>\n<p class=\"autor\" style=\"font-size: 12px; margin: 10px 0;\">R. R l Buenos Aires | 5 de  mayo de 2021 &#13;<br \/>\n\t <a rel=\"nofollow noopener\" target=\"_blank\" href=\"https:\/\/www.reportur.com\/agencias\/2021\/05\/05\/lammens-impulsa-previaje-turismo-receptivo-internacional\/#respond\" style=\"float:right; text-decoration: none; color:#000000\">&#13;<br \/>\n    <img decoding=\"async\" src=\"https:\/\/www.reportur.com\/wp-content\/themes\/reportur\/images\/comment.png\" align=\"absmiddle\" style=\"margin-right: 0;\" \/> Deja un comentario\t\t<\/a>&#13;\n\t\t<\/p>\n<hr style=\"margin: 3px 0 10px\" \/>\n<p class=\"relacionadosSingle\"><b>TEMAS RELACIONADOS: <a rel=\"nofollow noopener\" target=\"_blank\" href=\"https:\/\/www.reportur.com\/tag\/argentina\/\">Argentina<\/a>, <a rel=\"nofollow noopener\" target=\"_blank\" href=\"https:\/\/www.reportur.com\/tag\/china\/\">China<\/a>, <a rel=\"nofollow noopener\" target=\"_blank\" href=\"https:\/\/www.reportur.com\/tag\/fitur\/\">Fitur<\/a>, <a rel=\"nofollow noopener\" target=\"_blank\" href=\"https:\/\/www.reportur.com\/tag\/g20\/\">G20<\/a>, <a rel=\"nofollow noopener\" target=\"_blank\" href=\"https:\/\/www.reportur.com\/tag\/italia\/\">Italia<\/a>, <a rel=\"nofollow noopener\" target=\"_blank\" href=\"https:\/\/www.reportur.com\/tag\/madrid\/\">Madrid<\/a>, <a rel=\"nofollow noopener\" target=\"_blank\" href=\"https:\/\/www.reportur.com\/tag\/matias-lammnes\/\">Mat\u00ecas Lammnes<\/a>, <a rel=\"nofollow noopener\" target=\"_blank\" href=\"https:\/\/www.reportur.com\/tag\/previaje\/\">previaje<\/a><\/b><\/p>\n<hr style=\"margin-bottom: 15px;\" \/>\n<div class=\"post\">\n<p><img decoding=\"async\" class=\"aligncenter wp-image-153467 size-full\" src=\"https:\/\/www.reportur.com\/wp-content\/uploads\/2021\/05\/argen-e1620257918379.jpg\" alt=\"\" width=\"640\" height=\"427\" \/><\/p>\n<p>El ministro de\u00a0Turismo y Deportes de la Naci\u00f3n, Mat\u00edas Lammes particip\u00f3 de un encuentro del G20 liderado por Italia, cuyo debate se centr\u00f3 en el abordaje de la disaster sanitaria\u00a0y, a su vez, trazar un plan de trabajo com\u00fan para el mediano plazo.<\/p>\n<p>Durante el encuentro digital, Lammens repas\u00f3 las medidas de sostenimiento al sector durante la pandemia y mencion\u00f3 los planes a futuro\u00a0para fortalecer el turismo receptivo.<\/p>\n<p>\u201cA pesar de que las\u00a0fronteras\u00a0del pa\u00eds est\u00e9n cerradas al turismo extranjero, el funcionario anunci\u00f3 que tiene proyectos para las personas que lleguen del exterior.\u00a0\u201cVamos a motorizar un plan Pre Viaje Internacional, con fuertes beneficios para turistas que elijan viajar por Argentina\u201d, dijo aunque no dio m\u00e1s detalles.<\/p>\n<p>Ese af\u00e1n por el turismo receptivo ya period previo a la pandemia; es pos del desarrollo del mismo el ministerio en cuesti\u00f3n participar\u00e1 de FITUR en Madrid con una abultada delegaci\u00f3n y en estos d\u00edas ratifico acuerdos para impulsar el mercado chino cuando se levanten las restricciones de fronteras.<\/p>\n<p>\u201cLa pandemia cambi\u00f3 los h\u00e1bitos y demandas a la hora de viajar: tenemos una gran oportunidad de convertir a la Argentina en un destino mundial de turismo de\u00a0naturaleza, el segmento que m\u00e1s ha crecido en los \u00faltimos a\u00f1os\u201d, sostuvo el ministro en consonancia con el segmento que vienen privilegiando.<\/p>\n<p><!-- AddThis Advanced Settings above via filter on the_content --><!-- AddThis Advanced Settings below via filter on the_content --><!-- AddThis Advanced Settings generic via filter on the_content --><!-- AddThis Share Buttons above via filter on the_content --><!-- AddThis Share Buttons below via filter on the_content --><!-- AddThis Share Buttons generic via filter on the_content --><\/div>\n<hr class=\"noCss\" \/><\/div>\n\n<p><em> &#8221; Fuentes www.reportur.com &#8221; <\/em><\/p>\n","protected":false},"excerpt":{"rendered":"<p>en el marco de encuentro del G20 R. R l Buenos Aires | 5 de mayo de 2021 &#13; &#13; Deja un comentario &#13; TEMAS RELACIONADOS: Argentina, China, Fitur, G20, Italia, Madrid, Mat\u00ecas Lammnes, previaje El ministro de\u00a0Turismo y Deportes de la Naci\u00f3n, Mat\u00edas Lammes particip\u00f3 de un encuentro del G20 liderado por Italia, cuyo [&hellip;]<\/p>\n","protected":false},"author":4,"featured_media":122433,"comment_status":"open","ping_status":"closed","sticky":false,"template":"","format":"standard","meta":{"om_disable_all_campaigns":false,"jnews-multi-image_gallery":[],"jnews_single_post":[],"jnews_primary_category":[],"jnews_social_meta":[],"footnotes":""},"categories":[40],"tags":[],"class_list":["post-122432","post","type-post","status-publish","format-standard","has-post-thumbnail","hentry","category-industria"],"_links":{"self":[{"href":"https:\/\/dimensionturistica.com\/es\/wp-json\/wp\/v2\/posts\/122432","targetHints":{"allow":["GET"]}}],"collection":[{"href":"https:\/\/dimensionturistica.com\/es\/wp-json\/wp\/v2\/posts"}],"about":[{"href":"https:\/\/dimensionturistica.com\/es\/wp-json\/wp\/v2\/types\/post"}],"author":[{"embeddable":true,"href":"https:\/\/dimensionturistica.com\/es\/wp-json\/wp\/v2\/users\/4"}],"replies":[{"embeddable":true,"href":"https:\/\/dimensionturistica.com\/es\/wp-json\/wp\/v2\/comments?post=122432"}],"version-history":[{"count":0,"href":"https:\/\/dimensionturistica.com\/es\/wp-json\/wp\/v2\/posts\/122432\/revisions"}],"wp:featuredmedia":[{"embeddable":true,"href":"https:\/\/dimensionturistica.com\/es\/wp-json\/wp\/v2\/media\/122433"}],"wp:attachment":[{"href":"https:\/\/dimensionturistica.com\/es\/wp-json\/wp\/v2\/media?parent=122432"}],"wp:term":[{"taxonomy":"category","embeddable":true,"href":"https:\/\/dimensionturistica.com\/es\/wp-json\/wp\/v2\/categories?post=122432"},{"taxonomy":"post_tag","embeddable":true,"href":"https:\/\/dimensionturistica.com\/es\/wp-json\/wp\/v2\/tags?post=122432"}],"curies":[{"name":"wp","href":"https:\/\/api.w.org\/{rel}","templated":true}]}}