{"id":122337,"date":"2021-05-06T04:40:39","date_gmt":"2021-05-06T04:40:39","guid":{"rendered":"https:\/\/dimensionturistica.com\/es\/?p=122337"},"modified":"2021-05-06T04:40:39","modified_gmt":"2021-05-06T04:40:39","slug":"holguin-y-sus-productos-turisticos-en-feria-virtual","status":"publish","type":"post","link":"https:\/\/dimensionturistica.com\/es\/holguin-y-sus-productos-turisticos-en-feria-virtual\/","title":{"rendered":"Holgu\u00edn y sus productos tur\u00edsticos en feria virtual"},"content":{"rendered":"<p> <br \/>\n<\/p>\n<div property=\"schema:text\">\n<p><span><span><span><span lang=\"ES-TRAD\" xml:lang=\"ES-TRAD\"><span>Durante varios d\u00edas la delegaci\u00f3n del <strong>Ministerio de Turismo (Mintur)<\/strong> en la oriental provincia cubana de <strong>Holgu\u00edn<\/strong>, y sus respectivas agencias de viaje, estar\u00e1n promocionando de manera digital, los diferentes servicios y bondades naturales y recreativas de ese destino, siguiendo los canales de la mencionada entidad en redes sociales.<\/span><\/span><\/span><\/span><\/span><\/p>\n<p><span><span><span><span lang=\"ES-TRAD\" xml:lang=\"ES-TRAD\"><span>Este jueves, \u00faltima jornada de la <strong>feria digital<\/strong>, el programa de actividades comprende la realizaci\u00f3n de un foro debate que permita a usuarios y clientes, nacionales e internacionales, asiduos a las instalaciones vacacionales de la provincia, o con inter\u00e9s de conocer las propuestas en el territorio holguinero, evacuar algunas dudas.<\/span><\/span><\/span><\/span><\/span><\/p>\n<p><span><span><span><span lang=\"ES-TRAD\" xml:lang=\"ES-TRAD\"><span>Una gran fiesta n\u00e1utica en la <strong>playa de Guardalavaca<\/strong>, fue la protagonista de las acciones del d\u00eda anterior (mi\u00e9rcoles), a la vez que devino escenario para exponer las ofertas de la <strong>Marlin <\/strong>en Holgu\u00edn: medios motorizados y no motorizados a disposici\u00f3n de los clientes, y el desarrollo de un encuentro en el que destacaron diferentes elementos distintivos de la cultura tradicional cubana como la m\u00fasica, el baile y sus elaboraciones gastron\u00f3micas.<\/span><\/span><\/span><\/span><\/span><\/p>\n<p><span><span><span><span lang=\"ES-TRAD\" xml:lang=\"ES-TRAD\"><span>Igualmente se promocionaron las instalaciones situadas en los <strong>polos tur\u00edsticos<\/strong> de <strong>Pesquero<\/strong> y Guardalavaca, en los cuales se destacan entre los productos m\u00e1s novedosos de esta \u00faltima etapa en la provincia el Resort Gran Muthu Almirante Seaside, de categor\u00eda cinco estrellas, cuya apertura est\u00e1 prevista para el pr\u00f3ximo primero de julio.<\/span><\/span><\/span><\/span><\/span><\/p>\n<p><span><span><span><span lang=\"ES-TRAD\" xml:lang=\"ES-TRAD\"><span>Previo a ello, Carlos \u00c1lvarez, especialista comercial del <strong>Mintur <\/strong>en la provincia, explic\u00f3 a la prensa cubana que esperan que este encuentro on-line les permita fortalecer el v\u00ednculo con los clientes, a trav\u00e9s de la exposici\u00f3n de sus productos tur\u00edsticos, renovados y desarrollados durante el tiempo de pausa impuesto al sector por la pandemia de la COVID-19, iniciado en marzo de 2020. <\/span><\/span><\/span><\/span><\/span><\/p>\n<p><span><span><span><span lang=\"ES-TRAD\" xml:lang=\"ES-TRAD\"><span>Siguiendo los canales de <strong>Mintur <\/strong>en el territorio, los interesados podr\u00e1n conocer e informarse sobre las propuestas vacacionales que se ofrecen dentro del turismo en el territorio holguinero, y entre ellas destacan las instalaciones de campismo en sus 40 a\u00f1os, el crecimiento de la capacidad habitacional de la provincia actualmente (con cuatro nuevas bases), y el trabajo constructivo en otras cuatro para finalizar el a\u00f1o con un whole de 13 centros dedicados al disfrute de las familias en contacto con la naturaleza, seg\u00fan refiere una nota publicada por ACN.<\/span><\/span><\/span><\/span><\/span><\/p>\n<p><img decoding=\"async\" alt=\"CAmpismo Popular en Holgu\u00edn\" data-entity-type=\"file\" data-entity-uuid=\"4852e01c-6ba9-4c57-ac6d-f6a490c3e057\" src=\"https:\/\/www.excelenciascuba.com\/sites\/default\/files\/inline-images\/xCAmpismo,P20Popular,P20en,P20Holgu,PC3,PADn.jpg.pagespeed.ic.lp7GpXvQ2r.jpg\" class=\"align-center\" data-pagespeed-url-hash=\"3901445358\" onload=\"pagespeed.CriticalImages.checkImageForCriticality(this);\"\/><\/p>\n<p><span><span><span><span lang=\"ES-TRAD\" xml:lang=\"ES-TRAD\"><span>Finalmente cabe destacar que la situaci\u00f3n epidemiol\u00f3gica ocasionada por la COVID-19 determin\u00f3 que el Ministerio cubano de Turismo decidiera posponer nuevamente la edici\u00f3n 40 de FITCuba, y entre tanto se aprovechan las plataformas digitales para promocionar los diferentes destinos cubanos.<\/span><\/span><\/span><\/span><\/span><\/p>\n<\/div>\n\n<p><em> &#8221; Fuentes www.excelenciascuba.com &#8221; <\/em><\/p>\n","protected":false},"excerpt":{"rendered":"<p>Durante varios d\u00edas la delegaci\u00f3n del Ministerio de Turismo (Mintur) en la oriental provincia cubana de Holgu\u00edn, y sus respectivas agencias de viaje, estar\u00e1n promocionando de manera digital, los diferentes servicios y bondades naturales y recreativas de ese destino, siguiendo los canales de la mencionada entidad en redes sociales. Este jueves, \u00faltima jornada de la [&hellip;]<\/p>\n","protected":false},"author":4,"featured_media":0,"comment_status":"open","ping_status":"closed","sticky":false,"template":"","format":"standard","meta":{"om_disable_all_campaigns":false,"jnews-multi-image_gallery":[],"jnews_single_post":[],"jnews_primary_category":[],"jnews_social_meta":[],"footnotes":""},"categories":[40],"tags":[],"class_list":["post-122337","post","type-post","status-publish","format-standard","hentry","category-industria"],"_links":{"self":[{"href":"https:\/\/dimensionturistica.com\/es\/wp-json\/wp\/v2\/posts\/122337","targetHints":{"allow":["GET"]}}],"collection":[{"href":"https:\/\/dimensionturistica.com\/es\/wp-json\/wp\/v2\/posts"}],"about":[{"href":"https:\/\/dimensionturistica.com\/es\/wp-json\/wp\/v2\/types\/post"}],"author":[{"embeddable":true,"href":"https:\/\/dimensionturistica.com\/es\/wp-json\/wp\/v2\/users\/4"}],"replies":[{"embeddable":true,"href":"https:\/\/dimensionturistica.com\/es\/wp-json\/wp\/v2\/comments?post=122337"}],"version-history":[{"count":0,"href":"https:\/\/dimensionturistica.com\/es\/wp-json\/wp\/v2\/posts\/122337\/revisions"}],"wp:attachment":[{"href":"https:\/\/dimensionturistica.com\/es\/wp-json\/wp\/v2\/media?parent=122337"}],"wp:term":[{"taxonomy":"category","embeddable":true,"href":"https:\/\/dimensionturistica.com\/es\/wp-json\/wp\/v2\/categories?post=122337"},{"taxonomy":"post_tag","embeddable":true,"href":"https:\/\/dimensionturistica.com\/es\/wp-json\/wp\/v2\/tags?post=122337"}],"curies":[{"name":"wp","href":"https:\/\/api.w.org\/{rel}","templated":true}]}}