{"id":122331,"date":"2021-05-06T04:26:23","date_gmt":"2021-05-06T04:26:23","guid":{"rendered":"https:\/\/dimensionturistica.com\/es\/?p=122331"},"modified":"2021-05-06T04:26:23","modified_gmt":"2021-05-06T04:26:23","slug":"como-encontrar-a-los-actores-de-los-mejores-personajes-de-las-series-espanolas","status":"publish","type":"post","link":"https:\/\/dimensionturistica.com\/es\/como-encontrar-a-los-actores-de-los-mejores-personajes-de-las-series-espanolas\/","title":{"rendered":"C\u00f3mo encontrar a los actores de los mejores personajes de las series espa\u00f1olas"},"content":{"rendered":"<p> <br \/>\n<\/p>\n<div id=\"article-body-content\" data-action=\"toggle\" data-status=\"on\">\n<section class=\"rel-news\" data-mrf-recirculation=\"noticias-relacionadas-noticia\">\n<h4>Noticias relacionadas<\/h4>\n<\/section>\n<p id=\"paragraph_1\">No se entiende la televisi\u00f3n espa\u00f1ola de los \u00faltimos 15 a\u00f1os sin la labor de <a rel=\"nofollow noopener\" target=\"_blank\" href=\"https:\/\/www.elespanol.com\/series\/entrevistas\/20210421\/directoras-casting-escogen-actores-series-peliculas-espanolas\/575193831_0.html\"><strong>Eva Leira<\/strong> y <strong>Yolanda Serrano<\/strong><\/a>, las directoras de casting que han encontrado al qui\u00e9n es qui\u00e9n de nuestra ficci\u00f3n m\u00e1s reciente. Despu\u00e9s de forjarse en el cine con <strong>Montxo Armend\u00e1riz, Alberto Rodr\u00edguez, Manuel Mart\u00edn Cuenca<\/strong> y<strong> Daniel S\u00e1nchez Ar\u00e9valo<\/strong>, estas amigas y socias en Leira y Serrano Casting se estrenaron en la televisi\u00f3n con <em>Tirando a dar<\/em>, una serie de <strong>Telecinco<\/strong> sobre los trabajadores de una oficina de seguros ficticia. Desde entonces, han participado en una treintena de collection espa\u00f1olas, incluyendo <em><strong><a rel=\"nofollow noopener\" target=\"_blank\" href=\"https:\/\/www.elespanol.com\/series\/criticas\/20200918\/serie-patria-critica-hbo-estreno-capitulos-polemicas-maravilla-mejores\/521698090_0.html\">Patria<\/a><\/strong><\/em>,\u00a0<em><strong><a rel=\"nofollow noopener\" target=\"_blank\" href=\"https:\/\/www.elespanol.com\/series\/criticas\/20200330\/veneno-maravillosa-javis-iconica-transexual-conquisto-espana\/478702416_0.html\">Veneno<\/a><\/strong><\/em>,<strong><em> La casa de papel<\/em> <\/strong>y <strong><em>El tiempo entre costuras<\/em><\/strong>. Casi nada.\u00a0<\/p>\n<p id=\"paragraph_2\">Desde la oficina madrile\u00f1a en la que sucede la magia, hablamos en una ma\u00f1ana de abril con unas incansables directoras de casting. Solo en el mes anterior han estrenado <a rel=\"nofollow noopener\" target=\"_blank\" href=\"https:\/\/www.elespanol.com\/series\/criticas\/20210315\/critica-sky-rojo-formula-papel-agota-cansa\/565943908_0.html\">Sky Rojo<\/a>\u00a0para <strong>Netflix<\/strong>, <em><a rel=\"nofollow noopener\" target=\"_blank\" href=\"https:\/\/www.elespanol.com\/series\/criticas\/20210326\/critica-templanza-amazon-adecuadamente-fantastica-leonor-watling\/568444911_0.html\">La templanza<\/a><\/em>\u00a0para <strong>Amazon Prime Video<\/strong> y <em><a rel=\"nofollow noopener\" target=\"_blank\" href=\"https:\/\/www.elespanol.com\/series\/entrevistas\/20210325\/elena-rivera-ojala-podamos-remover-alba-concienciemos\/568444005_0.html\">Alba<\/a><\/em>\u00a0en <strong>ATRESplayer PREMIUM<\/strong>. Hasta su llegada, el \u00fanico colega conocido en nuestra industria por encontrar actores hab\u00eda sido el veterano <strong>Luis San Narciso<\/strong>, un hist\u00f3rico de las collection de Globomedia que hab\u00eda dado al salto con nombres como <strong>Almod\u00f3var<\/strong> y <strong>Amen\u00e1bar<\/strong>, a qui\u00e9n sugiri\u00f3 sabiamente que <strong>Bel\u00e9n Rueda<\/strong> podr\u00eda dar el salto al cine y ser la pareja rom\u00e1ntica de<strong> Javier Bardem<\/strong> que buscaba en <em>Mar adentro<\/em>. A\u00f1os m\u00e1s tarde, sus sucesoras repetir\u00edan con esos directores tambi\u00e9n.\u00a0<\/p>\n<p id=\"paragraph_3\">En la \u00faltima d\u00e9cada, Serrano y Leira se han convertido en<strong> un referente absoluto en el audiovisual en espa\u00f1ol, tanto en cine como en televisi\u00f3n<\/strong>. Junto a ellas repasamos los or\u00edgenes de algunos de sus hallazgos para la peque\u00f1a pantalla. A continuaci\u00f3n, reconstruimos las confesiones de un equipo que, tras 15 a\u00f1os trabajando juntas, a menudo se terminan las frases de la otra.\u00a0\u00a0<\/p>\n<h3 class=\"content__summary-title\">&#8216;Veneno&#8217;: Veneno por Isabel Torres, Daniel Santiago, Jedet<\/h3>\n<div class=\"article-media \" itemscope=\"\" itemtype=\"http:\/\/schema.org\/ImageObject\">\n<p><img decoding=\"async\" loading=\"lazy\" data-imgm=\"true\" src=\"https:\/\/s1.eestatic.com\/2021\/05\/05\/actualidad\/578954101_184185154_1024x576.jpg\" srcset=\"https:\/\/s1.eestatic.com\/2021\/05\/05\/actualidad\/578954101_184185157_320x180.jpg 320w, https:\/\/s1.eestatic.com\/2021\/05\/05\/actualidad\/578954101_184185156_640x360.jpg 640w, https:\/\/s1.eestatic.com\/2021\/05\/05\/actualidad\/578954101_184185155_864x486.jpg 864w, https:\/\/s1.eestatic.com\/2021\/05\/05\/actualidad\/578954101_184185154_1024x576.jpg 1024w, https:\/\/s1.eestatic.com\/2021\/05\/05\/actualidad\/578954101_184185153_1706x960.jpg 1706w\" sizes=\"auto, (max-width: 479px) 100vw, (max-width: 1023px) 80vw, 40vw\" width=\"320\" height=\"180\" alt=\"Las tres 'Veneno' de los Javis.\"\/><\/p>\n<div class=\"article-media__caption\">\n<p>\n                    <span class=\"article-media__caption-description\"><br \/>\n                                    Las tres &#8216;Veneno&#8217; de los Javis.<br \/>\n                            <\/span><\/p>\n<p>                    <span class=\"article-media__caption-provider\">ATRESplayer PREMIUM<\/span><\/p>\n<\/div><\/div>\n<p id=\"paragraph_4\"><strong>Eva Leira<\/strong>: <em>Veneno<\/em> fue una maravilla de proyecto. Como te puedes imaginar, &#8220;actrices trans&#8221; implica salir a la calle a encontrar mujeres trans. Actrices hab\u00eda muy pocas. Fue todo un proceso.\u00a0<\/p>\n<p id=\"paragraph_5\"><strong>Yolanda Serrano<\/strong>: Fue uno de esos trabajos que personalmente te cambian. Es la suerte de esta profesi\u00f3n: tienes acceso a historias y personas que no conocer\u00edas si no nos dedic\u00e1ramos a esto. Fue igual que cuando hicimos <em>Celda 211<\/em> y fuimos a la c\u00e1rcel para hacer pruebas con presos. En <em>Veneno<\/em> conocimos a mujeres maravillosas. El proceso es muy largo, tienes que ganarte mucho su confianza y escuchar c\u00f3mo cuentan sus historias. Tienes que hacer muchas pruebas para estar seguras.\u00a0<\/p>\n<p id=\"paragraph_6\"><strong>Leira<\/strong>: Fue un proceso de entrevistas incre\u00edble. No s\u00e9 la cantidad de mujeres trans que nos contaron sus historias. Hab\u00eda gente fant\u00e1stica que no pudo estar en la serie y a la que nos gustar\u00eda hacerle otra. Eran incre\u00edbles, divertidas y excepcionales a pesar de contar historias tristes. Esta experiencia nos dej\u00f3 claro que vamos a mejor.\u00a0<\/p>\n<p id=\"paragraph_7\"><strong>Serrano<\/strong>: Cuando baj\u00e1bamos la edad del perfil, nos encontr\u00e1bamos m\u00e1s candidatas. Las mujeres mayores han vivido verdaderos dramas y muchas de ellas no han podido salir del mundo de la prostituci\u00f3n, pero con las m\u00e1s j\u00f3venes ve\u00edas que hab\u00eda m\u00e1s luz y esperanza. Hay mucho camino por hacer, pero nosotras tenemos mucha esperanza en las j\u00f3venes trans. <strong>Mira Daniela Santiago<\/strong>.\u00a0<\/p>\n<p id=\"paragraph_8\"><strong>Leira<\/strong>: Daniela es incre\u00edble. La encontramos en M\u00e1laga antes de hacerle las pruebas aqu\u00ed en Madrid. Yolanda le dej\u00f3 dinero para irse a comprar ropa. Se vino de Holanda en ch\u00e1ndal y no se trajo nada. Tuvimos que llevarla de compras para la prueba y todo. <strong>Isabel Torres<\/strong> fue excepcional. Hizo una prueba conmovedora. A<strong> Lola Rodr\u00edguez<\/strong> la conoc\u00edamos desde hace tiempo por proyecto que al remaining no sali\u00f3. Con <em>Veneno<\/em>, la llamamos y estaba haciendo un Erasmus en Lisboa.\u00a0<\/p>\n<p id=\"paragraph_9\"><strong>Serrano<\/strong>: Cambi\u00f3 su vida de un d\u00eda para otro. Te da mucha responsabilidad porque estaba estudiando en Lisboa en la universidad y le cambiamos la vida. Le dijimos: \u2018esto va para adelante\u2019. Ella lo tuvo claro.\u00a0<\/p>\n<p id=\"paragraph_10\"><strong>Leira<\/strong>: A <strong>Javier Calvo<\/strong> lo conoc\u00edamos del casting de<em> F\u00edsica o Qu\u00edmica<\/em> cuando ten\u00eda 15 a\u00f1os. Ellos son unas m\u00e1quinas. Tienen un talento y una visi\u00f3n&#8230; Period un proyecto muy dif\u00edcil, pero es imposible no subirse al tren con ellos. Fue un regalo.\u00a0<\/p>\n<h3 class=\"content__summary-title\">&#8216;F\u00edsica o Qu\u00edmica&#8217;: la primera generaci\u00f3n\u00a0<\/h3>\n<div class=\"article-media \" itemscope=\"\" itemtype=\"http:\/\/schema.org\/ImageObject\">\n<p><img decoding=\"async\" loading=\"lazy\" data-imgm=\"true\" src=\"https:\/\/s1.eestatic.com\/2021\/05\/05\/actualidad\/578954241_184189364_1024x576.jpg\" srcset=\"https:\/\/s1.eestatic.com\/2021\/05\/05\/actualidad\/578954241_184189367_320x180.jpg 320w, https:\/\/s1.eestatic.com\/2021\/05\/05\/actualidad\/578954241_184189366_640x360.jpg 640w, https:\/\/s1.eestatic.com\/2021\/05\/05\/actualidad\/578954241_184189365_864x486.jpg 864w, https:\/\/s1.eestatic.com\/2021\/05\/05\/actualidad\/578954241_184189364_1024x576.jpg 1024w, https:\/\/s1.eestatic.com\/2021\/05\/05\/actualidad\/578954241_184189363_1706x960.jpg 1706w\" sizes=\"auto, (max-width: 479px) 100vw, (max-width: 1023px) 80vw, 40vw\" width=\"320\" height=\"180\" alt=\"La primera generacio\u0301n de 'Fi\u0301sica o Qui\u0301mica'.\"\/><\/p>\n<div class=\"article-media__caption\">\n<p>\n                    <span class=\"article-media__caption-description\"><br \/>\n                                    La primera generacio\u0301n de &#8216;Fi\u0301sica o Qui\u0301mica&#8217;.<br \/>\n                            <\/span><\/p>\n<p>                    <span class=\"article-media__caption-provider\">Atresmedia<\/span><\/p>\n<\/div><\/div>\n<p id=\"paragraph_11\"><strong>Leira<\/strong>: Nosotras ven\u00edamos de hacer una pel\u00edcula de adolescentes: <em>7 v\u00edrgenes<\/em>, de <strong>Alberto Rodr\u00edguez<\/strong>. Hab\u00edamos hecho un casting de adolescentes brutal. M\u00e1s de tres mil adolescentes en Sevilla. Como ven\u00edamos de esa experiencia dijimos: &#8220;ya sabemos c\u00f3mo se hace&#8221;. Meses despu\u00e9s, los chicos nos vinieron a ver. Faltaban tres d\u00edas antes del estreno. Hab\u00edamos hecho much\u00edsimas pruebas con ellos. A la semana siguiente no pod\u00edan andar por la calle. Eso es lo que pas\u00f3.\u00a0<\/p>\n<p id=\"paragraph_12\"><strong>Serrano<\/strong>: Les cambi\u00f3 la vida. La siguiente vez que viajamos en el AVE y vimos todas las revistas, nos les encontramos en todas partes. Hab\u00edan conectado.\u00a0<\/p>\n<p id=\"paragraph_13\"><strong>Leira<\/strong>: Nunca sabes lo que va a pasar, pero F\u00edsica o Qu\u00edmica period un proyecto muy especial. El guion de <strong>Carlos Montero<\/strong> period muy distinto a lo que se estaba haciendo.\u00a0<\/p>\n<p id=\"paragraph_14\"><strong>Serrano<\/strong>: Nosotras planteamos que los actores tuvieran la edad actual y eso period complicado. Period mucho riesgo trabajar con chavales de 15 y 16 a\u00f1os. <strong>Angy<\/strong>, la \u00fanica conocida del grupo, period tambi\u00e9n una novata. Solo hab\u00eda cantado en <em>Issue X<\/em>, que fue donde la vimos. No hab\u00eda hecho nunca nada de interpretaci\u00f3n. La descubrimos en la remaining del programa y flipamos.\u00a0<\/p>\n<p id=\"paragraph_15\"><strong>Leira<\/strong>: <em>F\u00edsica o Qu\u00edmica<\/em> es un recuerdo absolutamente maravilloso. Period una serie donde \u00e9ramos todos jovenc\u00edsimos. La fuerza del guion, de esos chicos que empezaban&#8230; fuimos unas inconscientes. No lo pensamos y sali\u00f3 bien.\u00a0<\/p>\n<p id=\"paragraph_16\"><strong>Serrano<\/strong>: Ahora no podr\u00eda hacerse una serie as\u00ed de la forma que lo hicimos. Con <em>\u00c9lite<\/em> \u00edbamos a un perfil de m\u00e1s edad. Nos pidieron que fueran m\u00e1s mayores que en <em>F\u00edsica o Qu\u00edmica<\/em>.\u00a0<\/p>\n<h3 class=\"content__summary-title\">&#8216;Patria&#8217;: Bittori, Elena Irureta<\/h3>\n<div class=\"article-media \" itemscope=\"\" itemtype=\"http:\/\/schema.org\/ImageObject\">\n<p><img decoding=\"async\" loading=\"lazy\" data-imgm=\"true\" src=\"https:\/\/s1.eestatic.com\/2021\/05\/05\/actualidad\/578954245_184189490_1024x576.jpg\" srcset=\"https:\/\/s1.eestatic.com\/2021\/05\/05\/actualidad\/578954245_184189493_320x180.jpg 320w, https:\/\/s1.eestatic.com\/2021\/05\/05\/actualidad\/578954245_184189492_640x360.jpg 640w, https:\/\/s1.eestatic.com\/2021\/05\/05\/actualidad\/578954245_184189491_864x486.jpg 864w, https:\/\/s1.eestatic.com\/2021\/05\/05\/actualidad\/578954245_184189490_1024x576.jpg 1024w, https:\/\/s1.eestatic.com\/2021\/05\/05\/actualidad\/578954245_184189489_1706x960.jpg 1706w\" sizes=\"auto, (max-width: 479px) 100vw, (max-width: 1023px) 80vw, 40vw\" width=\"320\" height=\"180\" alt=\"Elena Irureta en 'Patria'.\"\/><\/p>\n<div class=\"article-media__caption\">\n<p>\n                    <span class=\"article-media__caption-description\"><br \/>\n                                    Elena Irureta en &#8216;Patria&#8217;.<br \/>\n                            <\/span><\/p>\n<p>                    <span class=\"article-media__caption-provider\">HBO<\/span><\/p>\n<\/div><\/div>\n<p id=\"paragraph_17\"><strong>Leira<\/strong>: Uff, es que <em>Patria<\/em>&#8230; <em>Patria<\/em> no ser\u00eda <em>Patria<\/em> sin el entusiasmo de <strong>Aitor Gabilondo<\/strong>. \u00c9l period el alma de la serie. Desde el minuto 1 fue claro en lo que buscaba.\u00a0<\/p>\n<p id=\"paragraph_18\"><strong>Serrano<\/strong>: En todos los grandes proyectos tiene que haber un capit\u00e1n de barco. Si no lo hay, es muy dif\u00edcil que sea un gran proyecto.\u00a0<\/p>\n<p id=\"paragraph_19\"><strong>Leira<\/strong>: Aitor tom\u00f3 una decisi\u00f3n muy valiente: que todo el reparto fuera vascos. Nos sentamos en una mesa, nos lo dijo y est\u00e1bamos dentro: all\u00e1 que vamos. Nos son\u00f3 a m\u00fasica celestial, porque ya ve\u00edas por d\u00f3nde iba a ir el proyecto. \u00c9l siempre hab\u00eda so\u00f1ado con que Bittori fuera <strong>Elena Irureta<\/strong>. Elena hizo una prueba en esta habitaci\u00f3n.<\/p>\n<p id=\"paragraph_20\"><strong>Serrano<\/strong>: Se trajo ropa de su madre y todo. Elena se dej\u00f3 la vida. Vino con un nivel de generosidad brutal. Ella quer\u00eda hacer esto.\u00a0<\/p>\n<p id=\"paragraph_21\"><strong>Leira<\/strong>: Uno de los tesoros que tenemos guardados es esa prueba de Elena.\u00a0<\/p>\n<h3 class=\"content__summary-title\">&#8216;La casa de papel&#8217;: El profesor, \u00c1lvaro Morte<\/h3>\n<div class=\"article-media \" itemscope=\"\" itemtype=\"http:\/\/schema.org\/ImageObject\">\n<p><img decoding=\"async\" loading=\"lazy\" data-imgm=\"true\" src=\"https:\/\/s1.eestatic.com\/2021\/05\/05\/actualidad\/578954246_184189521_1024x576.jpg\" srcset=\"https:\/\/s1.eestatic.com\/2021\/05\/05\/actualidad\/578954246_184189524_320x180.jpg 320w, https:\/\/s1.eestatic.com\/2021\/05\/05\/actualidad\/578954246_184189523_640x360.jpg 640w, https:\/\/s1.eestatic.com\/2021\/05\/05\/actualidad\/578954246_184189522_864x486.jpg 864w, https:\/\/s1.eestatic.com\/2021\/05\/05\/actualidad\/578954246_184189521_1024x576.jpg 1024w, https:\/\/s1.eestatic.com\/2021\/05\/05\/actualidad\/578954246_184189520_1706x960.jpg 1706w\" sizes=\"auto, (max-width: 479px) 100vw, (max-width: 1023px) 80vw, 40vw\" width=\"320\" height=\"180\" alt=\"A\u0301lvaro Morte en 'La casa de papel'.\"\/><\/p>\n<div class=\"article-media__caption\">\n<p>\n                    <span class=\"article-media__caption-description\"><br \/>\n                                    A\u0301lvaro Morte en &#8216;La casa de papel&#8217;.<br \/>\n                            <\/span><\/p>\n<p>                    <span class=\"article-media__caption-provider\">Netflix<\/span><\/p>\n<\/div><\/div>\n<p id=\"paragraph_22\"><strong>Serrano<\/strong>: <strong>\u00c1lex Pina<\/strong> es otro capit\u00e1n. Nosotras no le conoc\u00edamos cuando nos llam\u00f3 para hacer <em>La casa de papel<\/em>.\u00a0<\/p>\n<p id=\"paragraph_23\"><strong>Leira<\/strong>: \u00c1lex tuvo la visi\u00f3n clara de que no le importaba si eran conocidos o no. Nos pidi\u00f3 los mejores.<strong> \u00c1lvaro Morte<\/strong> hizo las pruebas para otro personaje y empezamos a experimentar con \u00e9l. Le atormentamos una barbaridad porque hizo unas 4500 pruebas. No he visto otra cosa igual.\u00a0<\/p>\n<p id=\"paragraph_24\"><strong>Serrano<\/strong>: \u00c1lvaro period una concept muy distinta al personaje que ten\u00edamos cuando empezamos. Se lo tuvo que currar mucho. Luego yo creo que hubo mucha generosidad por todas partes.\u00a0<\/p>\n<p id=\"paragraph_25\"><strong>Leira<\/strong>: Tambi\u00e9n fue importante en el proceso <strong>Sonia Mart\u00ednez<\/strong>, entonces jefa de ficci\u00f3n en <strong>Antena 3<\/strong>. Quitando a <strong>\u00darsula Corber\u00f3, Alba Flores<\/strong> y <strong>Paco Tous<\/strong>, hab\u00eda mucha gente nueva.\u00a0 Fue un trabajo precioso con mucha libertad creativa. \u00c1lex es un capit\u00e1n de barco brutal, muy entusiasta. Le brillan los ojos cuando ve algo que le gusta. Fue uno de esos casos donde todo funciona.\u00a0<\/p>\n<h3 class=\"content__summary-title\">&#8216;La Unidad&#8217;: Marcos, Michel Noher<\/h3>\n<div class=\"article-media \" itemscope=\"\" itemtype=\"http:\/\/schema.org\/ImageObject\">\n<p><img decoding=\"async\" loading=\"lazy\" data-imgm=\"true\" src=\"https:\/\/s1.eestatic.com\/2021\/05\/05\/actualidad\/578954248_184189606_1024x576.jpg\" srcset=\"https:\/\/s1.eestatic.com\/2021\/05\/05\/actualidad\/578954248_184189609_320x180.jpg 320w, https:\/\/s1.eestatic.com\/2021\/05\/05\/actualidad\/578954248_184189608_640x360.jpg 640w, https:\/\/s1.eestatic.com\/2021\/05\/05\/actualidad\/578954248_184189607_864x486.jpg 864w, https:\/\/s1.eestatic.com\/2021\/05\/05\/actualidad\/578954248_184189606_1024x576.jpg 1024w, https:\/\/s1.eestatic.com\/2021\/05\/05\/actualidad\/578954248_184189605_1706x960.jpg 1706w\" sizes=\"auto, (max-width: 479px) 100vw, (max-width: 1023px) 80vw, 40vw\" width=\"320\" height=\"180\" alt=\"Michel Noher en el rodaje de 'La Unidad'.\"\/><\/p>\n<div class=\"article-media__caption\">\n<p>\n                    <span class=\"article-media__caption-description\"><br \/>\n                                    Michel Noher en el rodaje de &#8216;La Unidad&#8217;.<br \/>\n                            <\/span><\/p>\n<p>                    <span class=\"article-media__caption-provider\">Movistar+<\/span><\/p>\n<\/div><\/div>\n<p id=\"paragraph_26\"><strong>Leira<\/strong>: Las cosas de la vida\u2026 <strong>Michel Noher<\/strong> ven\u00eda a hacer la promoci\u00f3n de una pel\u00edcula. Una amiga m\u00eda que le representaba me dijo que iba a estar en Espa\u00f1a. El mismo d\u00eda que vino a la premi\u00e8re, le colocamos la prueba. \u00c9l no entend\u00eda nada. Flip\u00f3 en colores. Tuvimos que llamar a la polic\u00eda para comprobar si el personaje de Marcos pod\u00eda ser argentino. Quer\u00edamos estar seguras antes de ir a Movistar+ a defender la propuesta.\u00a0<\/p>\n<p id=\"paragraph_27\"><strong>Serrano<\/strong>: Nos dieron el OK, pero tuvimos que justificarlo. Si \u00e9l ten\u00eda padres espa\u00f1oles que se hab\u00edan ido a Argentina y \u00e9l ten\u00eda doble pasaporte, no hab\u00eda ning\u00fan problema porque no hubiera nacido aqu\u00ed. Sab\u00edamos que nos iban a poner ese pero, nosotras tambi\u00e9n lo pensamos al principio. La prueba period maravillosa y no hubo dudas.\u00a0<\/p>\n<h3 class=\"content__summary-title\">&#8216;Toy Boy&#8217;: Hugo, Jes\u00fas Mosquera<\/h3>\n<div class=\"article-media \" itemscope=\"\" itemtype=\"http:\/\/schema.org\/ImageObject\">\n<p><img decoding=\"async\" loading=\"lazy\" data-imgm=\"true\" src=\"https:\/\/s1.eestatic.com\/2021\/05\/05\/actualidad\/578954249_184189639_1024x576.jpg\" srcset=\"https:\/\/s1.eestatic.com\/2021\/05\/05\/actualidad\/578954249_184189642_320x180.jpg 320w, https:\/\/s1.eestatic.com\/2021\/05\/05\/actualidad\/578954249_184189641_640x360.jpg 640w, https:\/\/s1.eestatic.com\/2021\/05\/05\/actualidad\/578954249_184189640_864x486.jpg 864w, https:\/\/s1.eestatic.com\/2021\/05\/05\/actualidad\/578954249_184189639_1024x576.jpg 1024w, https:\/\/s1.eestatic.com\/2021\/05\/05\/actualidad\/578954249_184189638_1706x960.jpg 1706w\" sizes=\"auto, (max-width: 479px) 100vw, (max-width: 1023px) 80vw, 40vw\" width=\"320\" height=\"180\" alt=\"Jesu\u0301s Mosquera en 'Toy Boy'.\"\/><\/p>\n<div class=\"article-media__caption\">\n<p>\n                    <span class=\"article-media__caption-description\"><br \/>\n                                    Jesu\u0301s Mosquera en &#8216;Toy Boy&#8217;.<br \/>\n                            <\/span><\/p>\n<p>                    <span class=\"article-media__caption-provider\">Antena 3<\/span><\/p>\n<\/div><\/div>\n<p id=\"paragraph_28\"><strong>Leira<\/strong>: Desde que nos contaron el proyecto pensamos que<em> Toy Boy<\/em> ten\u00eda much\u00edsimo potencial y que pod\u00eda viajar mucho.<\/p>\n<p id=\"paragraph_29\"><strong>Serrano<\/strong>: El problema es que no hab\u00eda actores para un proyecto as\u00ed. La serie ten\u00eda un perfil muy claro y exig\u00eda un nivel de exposici\u00f3n f\u00edsica, de baile&#8230; Hicimos un casting, muy, muy de calle.\u00a0<\/p>\n<p id=\"paragraph_30\"><strong>Leire<\/strong>: Yo no he visto algo igual que la disciplina a la que fueron sometidos los cuatro chavales [<strong>Jes\u00fas Mosquera, Carlo Costanza Flores, Raudel Ra\u00fal Martiato<\/strong> y <strong>Jos\u00e9 de la Torre<\/strong>, cuatro actores no profesionales que fueron escogidos por <strong>Atresmedia<\/strong> para liderar el proyecto]. Fue alucinante. Trabajaron como leones. Ensayaron, bailaron&#8230; Jes\u00fas no sab\u00eda dar un paso de baile antes de hacer la serie. Period un palo de escoba que se quedaba en la barra bebiendo un gintonic. Period un futbolista. Fueron todos muy valientes y currantes.\u00a0<\/p>\n<h3 class=\"content__summary-title\">&#8216;Mar de pl\u00e1stico&#8217;: Fernando Rueda, Patrick Criado<\/h3>\n<div class=\"article-media \" itemscope=\"\" itemtype=\"http:\/\/schema.org\/ImageObject\">\n<p><img decoding=\"async\" loading=\"lazy\" data-imgm=\"true\" src=\"https:\/\/s1.eestatic.com\/2021\/05\/05\/actualidad\/578954250_184189668_1024x576.jpg\" srcset=\"https:\/\/s1.eestatic.com\/2021\/05\/05\/actualidad\/578954250_184189671_320x180.jpg 320w, https:\/\/s1.eestatic.com\/2021\/05\/05\/actualidad\/578954250_184189670_640x360.jpg 640w, https:\/\/s1.eestatic.com\/2021\/05\/05\/actualidad\/578954250_184189669_864x486.jpg 864w, https:\/\/s1.eestatic.com\/2021\/05\/05\/actualidad\/578954250_184189668_1024x576.jpg 1024w, https:\/\/s1.eestatic.com\/2021\/05\/05\/actualidad\/578954250_184189667_1706x960.jpg 1706w\" sizes=\"auto, (max-width: 479px) 100vw, (max-width: 1023px) 80vw, 40vw\" width=\"320\" height=\"180\" alt=\"Patrick Criado en 'Mar de pla\u0301stico'.\"\/><\/p>\n<div class=\"article-media__caption\">\n<p>\n                    <span class=\"article-media__caption-description\"><br \/>\n                                    Patrick Criado en &#8216;Mar de pla\u0301stico&#8217;.<br \/>\n                            <\/span><\/p>\n<p>                    <span class=\"article-media__caption-provider\">Antena 3<\/span><\/p>\n<\/div><\/div>\n<p id=\"paragraph_31\"><strong>Serrano<\/strong>: A <strong>Patrick Criado<\/strong> le queremos much\u00edsimo. Sab\u00edamos desde el principio que ese personaje iba a ser un buen tomate en la segunda temporada, as\u00ed que ten\u00eda que tener un rango muy grande.\u00a0<\/p>\n<p id=\"paragraph_32\"><strong>Leira<\/strong>: Con Patrick ya hab\u00edamos trabajado antes y ten\u00edamos una relaci\u00f3n fant\u00e1stica con \u00e9l. Fue muy bonito ver c\u00f3mo abrazaba la oscuridad que ten\u00eda dentro y aplicaba el giro de su personaje. Como es un actorazo, fue con todo. Ese acento que usa en la serie no es el suyo. Mira la carrera que est\u00e1 teniendo. Obviamente es un grande. M<em>ar<\/em> de pl\u00e1stico fue un casting muy divertido.\u00a0<\/p>\n<h3 class=\"content__summary-title\">&#8216;All\u00ed abajo&#8217;: I\u00f1aki, Jon Plazaola<\/h3>\n<div class=\"article-media \" itemscope=\"\" itemtype=\"http:\/\/schema.org\/ImageObject\">\n<p><img decoding=\"async\" loading=\"lazy\" data-imgm=\"true\" src=\"https:\/\/s1.eestatic.com\/2021\/05\/05\/actualidad\/578954251_184189697_1024x576.jpg\" srcset=\"https:\/\/s1.eestatic.com\/2021\/05\/05\/actualidad\/578954251_184189700_320x180.jpg 320w, https:\/\/s1.eestatic.com\/2021\/05\/05\/actualidad\/578954251_184189699_640x360.jpg 640w, https:\/\/s1.eestatic.com\/2021\/05\/05\/actualidad\/578954251_184189698_864x486.jpg 864w, https:\/\/s1.eestatic.com\/2021\/05\/05\/actualidad\/578954251_184189697_1024x576.jpg 1024w, https:\/\/s1.eestatic.com\/2021\/05\/05\/actualidad\/578954251_184189696_1706x960.jpg 1706w\" sizes=\"auto, (max-width: 479px) 100vw, (max-width: 1023px) 80vw, 40vw\" width=\"320\" height=\"180\" alt=\"Jon Plazaola y Mari\u0301a Leo\u0301n en 'Alli\u0301 abajo'.\"\/><\/p>\n<div class=\"article-media__caption\">\n<p>\n                    <span class=\"article-media__caption-description\"><br \/>\n                                    Jon Plazaola y Mari\u0301a Leo\u0301n en &#8216;Alli\u0301 abajo&#8217;.<br \/>\n                            <\/span><\/p>\n<p>                    <span class=\"article-media__caption-provider\">Antena 3<\/span><\/p>\n<\/div><\/div>\n<p id=\"paragraph_33\"><strong>Leira<\/strong>: Probamos a todos los actores habidos y por haber. Nos lo pasamos fenomenal cuando de repente nos mandan a <strong>Jon Plazaola<\/strong>,\u00a0un tipo que es medio monologuista, medio presentador&#8230;\u00a0<\/p>\n<p id=\"paragraph_34\"><strong>Serrano<\/strong>: Fue un proceso muy divertido. Son esos casos que tienes que probar a la gente. Aunque sea alguien desconocido y no haya hecho nada antes&#8230; Jon ni siquiera period conocido en su propia tierra. Cuando le probamos con<strong> Mar\u00eda Le\u00f3n<\/strong> y vimos c\u00f3mo funcionaban, lo supimos. Generalmente no solemos tener que pelear. Cuando lo ves, lo ves.\u00a0<\/p>\n<p id=\"paragraph_35\"><strong>Leira<\/strong>: Aprovechamos una visita al F<strong>estival de San Sebasti\u00e1n<\/strong> para hacer la b\u00fasqueda de los actores de la cuadrilla. Hicimos una prueba con<strong> \u00d3scar Terol<\/strong>, <strong>Gorka Aguinagalde<\/strong> e<strong> Iker Galartza<\/strong> y metimos a Jon con ellos. No pod\u00edamos grabar de la risa que nos daba. Las pruebas de los cuatro eran incre\u00edbles. Estuvimos con ellos en un bar antes de hacer la prueba y antes de grabar ten\u00edamos la certeza de que eran las personas adecuadas. Ya lo est\u00e1bamos viendo.\u00a0<\/p>\n<p id=\"paragraph_36\"><strong>Leira<\/strong>: Fue una de esas pruebas memorables. Y encima Jon es un t\u00edo maj\u00edsimo.\u00a0<\/p>\n<h3 class=\"content__summary-title\">&#8216;La templanza&#8217;: Mauro, Rafael Nova<\/h3>\n<div class=\"article-media \" itemscope=\"\" itemtype=\"http:\/\/schema.org\/ImageObject\">\n<p><img decoding=\"async\" loading=\"lazy\" data-imgm=\"true\" src=\"https:\/\/s1.eestatic.com\/2021\/05\/05\/actualidad\/578954253_184189755_1024x576.jpg\" srcset=\"https:\/\/s1.eestatic.com\/2021\/05\/05\/actualidad\/578954253_184189758_320x180.jpg 320w, https:\/\/s1.eestatic.com\/2021\/05\/05\/actualidad\/578954253_184189757_640x360.jpg 640w, https:\/\/s1.eestatic.com\/2021\/05\/05\/actualidad\/578954253_184189756_864x486.jpg 864w, https:\/\/s1.eestatic.com\/2021\/05\/05\/actualidad\/578954253_184189755_1024x576.jpg 1024w, https:\/\/s1.eestatic.com\/2021\/05\/05\/actualidad\/578954253_184189754_1706x960.jpg 1706w\" sizes=\"auto, (max-width: 479px) 100vw, (max-width: 1023px) 80vw, 40vw\" width=\"320\" height=\"180\" alt=\"Rafael Novoa en 'La templanza'.\"\/><\/p>\n<div class=\"article-media__caption\">\n<p>\n                    <span class=\"article-media__caption-description\"><br \/>\n                                    Rafael Novoa en &#8216;La templanza&#8217;.<br \/>\n                            <\/span><\/p>\n<p>                    <span class=\"article-media__caption-provider\">Amazon Prime Video<\/span><\/p>\n<\/div><\/div>\n<p id=\"paragraph_37\"><strong>Leira<\/strong>: La templanza nos permiti\u00f3 ir a M\u00e9xico. Fue lo m\u00e1s divertido del mundo. Cuando las \u00f3rdenes que te dan son: vete y busca un chulazo latinoamericano donde sea. Estuvimos en Miami, Colombia, M\u00e9xico&#8230; <strong>Rafael Novoa<\/strong> apareci\u00f3 en Colombia. Fue un reto muy bonito. Las novelas tienen un imaginario muy concreto. Cuando la gente lee un libro visualiza su propia adaptaci\u00f3n. Nuestro trabajo es que eso se acerque en la medida de lo posible a lo que tanta gente ha so\u00f1ado. Recuerdo leer en Twitter reacciones de <em>La templanza<\/em>. Hab\u00eda gente que dec\u00eda: &#8220;Sol y Mauro son justo como los imagin\u00e9\u201d. Para nosotras no existe mayor regalo.\u00a0<\/p>\n<p id=\"paragraph_38\"><strong>Serrano<\/strong>: Eso nos pas\u00f3 tambi\u00e9n en <em>El tiempo entre costuras<\/em> cuando <strong>Mar\u00eda Due\u00f1as<\/strong> nos dio las gracias. Se encontr\u00f3 en la serie los personajes que hab\u00eda creado. El verano que est\u00e1bamos buscando los actores de esa serie te encontrabas a todo el mundo leyendo el libro cuando ibas a la piscina. Tienes mucha responsabilidad y te debes a mucha gente.\u00a0<\/p>\n<p id=\"paragraph_39\"><strong>Leira<\/strong>: Es un reto. No puedes cargarte ese imaginario. La gente ha vivido esa historia durante ese tiempo. Rafael nos mand\u00f3 unas pruebas muy curiosas. Ten\u00eda una cosa muy varonil. Ten\u00eda algo tambi\u00e9n muy p\u00edcaro y l\u00fadico que ten\u00eda en el personaje que encajaba muy bien con la parte m\u00e1s trepidante que tiene esa historia.\u00a0<\/p>\n<h3 class=\"content__summary-title\">&#8216;Sky Rojo&#8217;: Wendy (Lali Exp\u00f3sito) y Gina (Yany Prado)\u00a0<\/h3>\n<div class=\"article-media \" itemscope=\"\" itemtype=\"http:\/\/schema.org\/ImageObject\">\n<p><img decoding=\"async\" loading=\"lazy\" data-imgm=\"true\" src=\"https:\/\/s1.eestatic.com\/2021\/05\/05\/actualidad\/578954254_184189784_1024x576.jpg\" srcset=\"https:\/\/s1.eestatic.com\/2021\/05\/05\/actualidad\/578954254_184189787_320x180.jpg 320w, https:\/\/s1.eestatic.com\/2021\/05\/05\/actualidad\/578954254_184189786_640x360.jpg 640w, https:\/\/s1.eestatic.com\/2021\/05\/05\/actualidad\/578954254_184189785_864x486.jpg 864w, https:\/\/s1.eestatic.com\/2021\/05\/05\/actualidad\/578954254_184189784_1024x576.jpg 1024w, https:\/\/s1.eestatic.com\/2021\/05\/05\/actualidad\/578954254_184189783_1706x960.jpg 1706w\" sizes=\"auto, (max-width: 479px) 100vw, (max-width: 1023px) 80vw, 40vw\" width=\"320\" height=\"180\" alt=\"Yany Prado y Lalo Expo\u0301sito en 'Sky Rojo'.\"\/><\/p>\n<div class=\"article-media__caption\">\n<p>\n                    <span class=\"article-media__caption-description\"><br \/>\n                                    Yany Prado y Lalo Expo\u0301sito en &#8216;Sky Rojo&#8217;.<br \/>\n                            <\/span><\/p>\n<p>                    <span class=\"article-media__caption-provider\">Netflix<\/span><\/p>\n<\/div><\/div>\n<p id=\"paragraph_40\"><strong>Leira:<\/strong> Colombia, Madrid, Argentina&#8230; Hicimos much\u00edsimas pruebas. Encontrar gente al otro lado del mundo es algo muy emocionante. En el caso de <strong>Yany Prado<\/strong>, period una chica cubana que viv\u00eda en M\u00e9xico. Nos cost\u00f3 much\u00edsimo traerla por culpa de los visados.\u00a0<\/p>\n<p id=\"paragraph_41\"><strong>Serrano:<\/strong> Estuvimos hasta el \u00faltimo momento peleando, tanto nosotras como <strong>\u00c1lex Pina<\/strong>. Fue un l\u00edo de papeles brutal.\u00a0<\/p>\n<p id=\"paragraph_42\"><strong>Leira<\/strong>: <strong>Lali Exp\u00f3sito<\/strong> pas\u00f3 por Espa\u00f1a en mitad de una gira y la pillamos con el lazo. Es muy bonito ese momento de buscar. Las actrices como Yany te recuerdan que hay much\u00edsima gente ah\u00ed fuera esperando a ser descubiertas. A lo mejor no nos llegan sus productos porque son muy locales, pero son estupendos.\u00a0<\/p>\n<p id=\"paragraph_43\"><strong>Serrano<\/strong>: Nosotras ya tenemos clar\u00edsimo que las ficciones viajan al mundo, por lo que los castings tienen que ser m\u00e1s ambiciosos en ese sentido. Trabajas para que conecten con todo el mundo. En eso ha cambiado mucho la industria. Tienes que abrirte mucho.\u00a0<\/p>\n<h3 class=\"content__summary-title\">&#8216;Alba&#8217;: Bruno, Eric Masip<\/h3>\n<div class=\"article-media \" itemscope=\"\" itemtype=\"http:\/\/schema.org\/ImageObject\">\n<p><img decoding=\"async\" loading=\"lazy\" data-imgm=\"true\" src=\"https:\/\/s1.eestatic.com\/2021\/05\/05\/actualidad\/578954256_184189842_1024x576.jpg\" srcset=\"https:\/\/s1.eestatic.com\/2021\/05\/05\/actualidad\/578954256_184189845_320x180.jpg 320w, https:\/\/s1.eestatic.com\/2021\/05\/05\/actualidad\/578954256_184189844_640x360.jpg 640w, https:\/\/s1.eestatic.com\/2021\/05\/05\/actualidad\/578954256_184189843_864x486.jpg 864w, https:\/\/s1.eestatic.com\/2021\/05\/05\/actualidad\/578954256_184189842_1024x576.jpg 1024w, https:\/\/s1.eestatic.com\/2021\/05\/05\/actualidad\/578954256_184189841_1706x960.jpg 1706w\" sizes=\"auto, (max-width: 479px) 100vw, (max-width: 1023px) 80vw, 40vw\" width=\"320\" height=\"180\" alt=\"Eric Masip en 'Alba'.\"\/><\/p>\n<div class=\"article-media__caption\">\n<p>\n                    <span class=\"article-media__caption-description\"><br \/>\n                                    Eric Masip en &#8216;Alba&#8217;.<br \/>\n                            <\/span><\/p>\n<p>                    <span class=\"article-media__caption-provider\">ATRESplayer PREMIUM<\/span><\/p>\n<\/div><\/div>\n<p id=\"paragraph_44\"><strong>Leira<\/strong>: <a rel=\"nofollow noopener\" target=\"_blank\" href=\"https:\/\/www.elespanol.com\/bluper\/20210328\/alba-remake-fatmagul-adaptado-atresmedia-historia-original\/568944233_0.html\"><em>Alba<\/em><\/a> period una responsabilidad. Nos daba mucha angustia el proyecto y lo importante que es. <strong>Elena Rivero<\/strong> ten\u00eda el dolor del personaje en los ojos. Es una actriz excepcional. Con<strong> Eric Masip<\/strong> ya hab\u00edamos trabajado en <em>Veneno<\/em>. Tiene una cosa muy confortable, como de buen t\u00edo, de buen novio&#8230; de alguien noble que tambi\u00e9n lo ten\u00eda en <em>Veneno<\/em>. Representaba ese ultimate de alguien que te pod\u00eda haber hecho feliz. En ese contexto tan espantoso del que habla <em>Alba<\/em> period importante que \u00e9l tuviera un buen asidero, que fuera alguien sin dobleces y que no hubiera que explicar nada para entender que es un buen t\u00edo. Eric ten\u00eda exactamente eso.\u00a0\u00a0<\/p>\n<h3 class=\"content__summary-title\"><strong>&#8216;La fortuna&#8217;: \u00c1lex, \u00c1lvaro Mel<\/strong><\/h3>\n<div class=\"article-media \" itemscope=\"\" itemtype=\"http:\/\/schema.org\/ImageObject\">\n<p><img decoding=\"async\" loading=\"lazy\" data-imgm=\"true\" src=\"https:\/\/s1.eestatic.com\/2021\/05\/05\/actualidad\/578954258_184189900_1024x576.jpg\" srcset=\"https:\/\/s1.eestatic.com\/2021\/05\/05\/actualidad\/578954258_184189903_320x180.jpg 320w, https:\/\/s1.eestatic.com\/2021\/05\/05\/actualidad\/578954258_184189902_640x360.jpg 640w, https:\/\/s1.eestatic.com\/2021\/05\/05\/actualidad\/578954258_184189901_864x486.jpg 864w, https:\/\/s1.eestatic.com\/2021\/05\/05\/actualidad\/578954258_184189900_1024x576.jpg 1024w, https:\/\/s1.eestatic.com\/2021\/05\/05\/actualidad\/578954258_184189899_1706x960.jpg 1706w\" sizes=\"auto, (max-width: 479px) 100vw, (max-width: 1023px) 80vw, 40vw\" width=\"320\" height=\"180\" alt=\"A\u0301lvaro Mel, junto a su director  (Alejandro Amen\u00e1bar) y su compa\u00f1era de reparto (Ana Polvorosa) en 'La fortuna'.\"\/><\/p>\n<div class=\"article-media__caption\">\n<p>\n                    <span class=\"article-media__caption-description\"><br \/>\n                                    A\u0301lvaro Mel, junto a su director  (Alejandro Amen\u00e1bar) y su compa\u00f1era de reparto (Ana Polvorosa) en &#8216;La fortuna&#8217;.<br \/>\n                            <\/span><\/p>\n<p>                    <span class=\"article-media__caption-provider\">Movistar+<\/span><\/p>\n<\/div><\/div>\n<p id=\"paragraph_46\"><strong>Leira<\/strong>: La fortuna va a ser una locura. Conocimos a <strong>\u00c1lvaro Mel<\/strong> cuando hicimos el casting de la primera temporada de\u00a0<em>\u00c9lite<\/em>. Lo intentamos mucho entonces, pero no lleg\u00f3 a entrar. No encajaba del todo en ninguno de los personajes. Despu\u00e9s le cogimos para hacer un papel de reparto en <em>La otra mirada<\/em>.\u00a0<\/p>\n<p id=\"paragraph_47\"><strong>Serrano<\/strong>: Es una parte muy importante del trabajo. A lo mejor no te llevas un personaje pero, si has hecho un buen trabajo, vamos a seguir llam\u00e1ndote porque sabes que es una cuesti\u00f3n de tiempo y de ganar seguridad.\u00a0<\/p>\n<p id=\"paragraph_48\"><strong>Leira<\/strong>: \u00c1lvaro hizo unas pruebas maravillosas y <strong>Alejandro Amen\u00e1bar<\/strong> estaba muy a favor de obra. La fortuna va a ser una cosa muy importante.<\/p>\n<p id=\"paragraph_49\"><strong>Tambi\u00e9n te puede interesar&#8230;<\/strong><\/p>\n<p id=\"paragraph_50\">\u2022<em> <a rel=\"nofollow noopener\" target=\"_blank\" href=\"https:\/\/www.elespanol.com\/series\/plataformas\/20210503\/mejores-series-espanolas-siglo-xxi-ver-netflix-movistar-amazon-hbo-rtve\/578442629_0.html\">Las mejores series espa\u00f1olas del siglo XXI<\/a>\u00a0<\/em><\/p>\n<p id=\"paragraph_51\"><em>\u2022 <a rel=\"nofollow noopener\" target=\"_blank\" href=\"https:\/\/www.elespanol.com\/series\/reportajes\/20210102\/todas-series-espanolas-preparando-canales-plataformas-veremos\/542446578_0.html\">Todas las series espa\u00f1olas que est\u00e1n preparando los canales y plataformas, y veremos en 2021<\/a><\/em><\/p>\n<p id=\"paragraph_52\"><em>\u2022\u00a0<a rel=\"nofollow noopener\" target=\"_blank\" href=\"https:\/\/www.elespanol.com\/series\/reportajes\/20201215\/gran-series-espanolas-creadores-explican-claves-fenomeno\/543445972_0.html\">El gran a\u00f1o de las series espa\u00f1olas: los creadores explican las claves del fen\u00f3meno<\/a><br \/><\/em><\/p>\n<\/p><\/div>\n\n<p><em> &#8221; Fuentes www.elespanol.com &#8221; <\/em><\/p>\n","protected":false},"excerpt":{"rendered":"<p>Noticias relacionadas No se entiende la televisi\u00f3n espa\u00f1ola de los \u00faltimos 15 a\u00f1os sin la labor de Eva Leira y Yolanda Serrano, las directoras de casting que han encontrado al qui\u00e9n es qui\u00e9n de nuestra ficci\u00f3n m\u00e1s reciente. Despu\u00e9s de forjarse en el cine con Montxo Armend\u00e1riz, Alberto Rodr\u00edguez, Manuel Mart\u00edn Cuenca y Daniel S\u00e1nchez [&hellip;]<\/p>\n","protected":false},"author":4,"featured_media":122332,"comment_status":"open","ping_status":"closed","sticky":false,"template":"","format":"standard","meta":{"om_disable_all_campaigns":false,"jnews-multi-image_gallery":[],"jnews_single_post":[],"jnews_primary_category":[],"jnews_social_meta":[],"footnotes":""},"categories":[39],"tags":[23275,736,2410,15660],"class_list":["post-122331","post","type-post","status-publish","format-standard","has-post-thumbnail","hentry","category-viajes","tag-actores","tag-reportajes","tag-series","tag-series-espanolas"],"_links":{"self":[{"href":"https:\/\/dimensionturistica.com\/es\/wp-json\/wp\/v2\/posts\/122331","targetHints":{"allow":["GET"]}}],"collection":[{"href":"https:\/\/dimensionturistica.com\/es\/wp-json\/wp\/v2\/posts"}],"about":[{"href":"https:\/\/dimensionturistica.com\/es\/wp-json\/wp\/v2\/types\/post"}],"author":[{"embeddable":true,"href":"https:\/\/dimensionturistica.com\/es\/wp-json\/wp\/v2\/users\/4"}],"replies":[{"embeddable":true,"href":"https:\/\/dimensionturistica.com\/es\/wp-json\/wp\/v2\/comments?post=122331"}],"version-history":[{"count":0,"href":"https:\/\/dimensionturistica.com\/es\/wp-json\/wp\/v2\/posts\/122331\/revisions"}],"wp:featuredmedia":[{"embeddable":true,"href":"https:\/\/dimensionturistica.com\/es\/wp-json\/wp\/v2\/media\/122332"}],"wp:attachment":[{"href":"https:\/\/dimensionturistica.com\/es\/wp-json\/wp\/v2\/media?parent=122331"}],"wp:term":[{"taxonomy":"category","embeddable":true,"href":"https:\/\/dimensionturistica.com\/es\/wp-json\/wp\/v2\/categories?post=122331"},{"taxonomy":"post_tag","embeddable":true,"href":"https:\/\/dimensionturistica.com\/es\/wp-json\/wp\/v2\/tags?post=122331"}],"curies":[{"name":"wp","href":"https:\/\/api.w.org\/{rel}","templated":true}]}}