{"id":122285,"date":"2021-05-06T02:36:44","date_gmt":"2021-05-06T02:36:44","guid":{"rendered":"https:\/\/dimensionturistica.com\/es\/?p=122285"},"modified":"2021-05-06T02:36:44","modified_gmt":"2021-05-06T02:36:44","slug":"una-migrante-menor-de-edad-perdio-la-pierna-al-tratar-de-abordar-un-ferrocarril-en-veracruz","status":"publish","type":"post","link":"https:\/\/dimensionturistica.com\/es\/una-migrante-menor-de-edad-perdio-la-pierna-al-tratar-de-abordar-un-ferrocarril-en-veracruz\/","title":{"rendered":"Una migrante menor de edad perdi\u00f3 la pierna al tratar de abordar un ferrocarril en Veracruz"},"content":{"rendered":"<p> <br \/>\n<\/p>\n<div>\n<div class=\"visual__image  image_container\"><img decoding=\"async\" alt=\"Una menor de edad y migrante centroamericana, perdi\u00f3 una pierna despu\u00e9s de que tratara de abordar un tren (Foto: EFE\/ Miguel Sierra)\" height=\"2000\" width=\"3000\" src=\"https:\/\/www.infobae.com\/new-resizer\/b2dE6J1J35IAmCD9Gg2ZZj8k36M=\/420x280\/filters:format(jpg):quality(85)\/cloudfront-us-east-1.images.arcpublishing.com\/infobae\/FUBXWM7NYNA6JAGJXVSBNQ2VWQ.jpg\" srcset=\"https:\/\/www.infobae.com\/new-resizer\/b2dE6J1J35IAmCD9Gg2ZZj8k36M=\/420x280\/filters:format(jpg):quality(85)\/cloudfront-us-east-1.images.arcpublishing.com\/infobae\/FUBXWM7NYNA6JAGJXVSBNQ2VWQ.jpg 420w,https:\/\/www.infobae.com\/new-resizer\/vqlsmSNZRWTCPzmjoIM9SF2bUtw=\/768x512\/filters:format(jpg):quality(85)\/cloudfront-us-east-1.images.arcpublishing.com\/infobae\/FUBXWM7NYNA6JAGJXVSBNQ2VWQ.jpg 768w,https:\/\/www.infobae.com\/new-resizer\/SgiQyO0A9pUg6Sk6gAzHmyeYRBk=\/992x661\/filters:format(jpg):quality(85)\/cloudfront-us-east-1.images.arcpublishing.com\/infobae\/FUBXWM7NYNA6JAGJXVSBNQ2VWQ.jpg 992w,https:\/\/www.infobae.com\/new-resizer\/S2abwdhqW9Aha-UExCrVthQjFhw=\/1200x800\/filters:format(jpg):quality(85)\/cloudfront-us-east-1.images.arcpublishing.com\/infobae\/FUBXWM7NYNA6JAGJXVSBNQ2VWQ.jpg 1200w\" sizes=\"auto, (min-width: 800px) 50vw, 90vw\" loading=\"lazy\"\/><figcaption>Una menor de edad y migrante centroamericana, perdi\u00f3 una pierna despu\u00e9s de que tratara de abordar un tren (Foto: EFE\/ Miguel Sierra)<\/figcaption><\/div>\n<p class=\"paragraph\">En Coatzacoalcos, en el estado de Veracruz, <b>una menor de edad y migrante centroamericana, perdi\u00f3 una pierna despu\u00e9s de que tratara de abordar un tren<\/b>.<\/p>\n<p class=\"paragraph\">De acuerdo con lo que las autoridades dieron a conocer, la adolescente trat\u00f3 de subir al vag\u00f3n de un ferrocarril. No obstante, <b>se resbal\u00f3 y cay\u00f3 debajo de las ruedas del tren, lo que ocasion\u00f3 que le cortara la pierna<\/b>.<\/p>\n<p class=\"paragraph\">Elementos de la Cruz Roja pudieron llegar al lugar y le brindaron primeros auxilios, mientras la transportaban de emergencia al Hospital Regional Valent\u00edn G\u00f3mez Far\u00edas. La joven fue<b> reportada con un estado de salud grave<\/b>.<\/p>\n<p class=\"paragraph\">Por otra parte, polic\u00edas municipales, estatales y elementos de la Guardia Nacional, llegaron al lugar del accidente, el cual fue acordonado mientras la menor period atendida por los param\u00e9dicos. Por otra parte, <b>no se sabe si la joven iba acompa\u00f1ada de alguien m\u00e1s o si viajaba sola<\/b>.<\/p>\n<div class=\"visual__image  image_container\"><img decoding=\"async\" alt=\"La joven fue reportada como grave (Foto: Cuartoscuro)\" height=\"1280\" width=\"853\" src=\"https:\/\/www.infobae.com\/new-resizer\/g5kvkEHBD7wtd2WBAPHq9l6ulh8=\/420x630\/filters:format(jpg):quality(85)\/cloudfront-us-east-1.images.arcpublishing.com\/infobae\/G3QUVYVRNZALNCT6KO3JD555XU.jpeg\" srcset=\"https:\/\/www.infobae.com\/new-resizer\/g5kvkEHBD7wtd2WBAPHq9l6ulh8=\/420x630\/filters:format(jpg):quality(85)\/cloudfront-us-east-1.images.arcpublishing.com\/infobae\/G3QUVYVRNZALNCT6KO3JD555XU.jpeg 420w,https:\/\/www.infobae.com\/new-resizer\/onmggIbe_WFA9iV9tbLSA5q8bSc=\/768x1152\/filters:format(jpg):quality(85)\/cloudfront-us-east-1.images.arcpublishing.com\/infobae\/G3QUVYVRNZALNCT6KO3JD555XU.jpeg 768w,https:\/\/www.infobae.com\/new-resizer\/-DUz1wQkL-nII0Tdja82dpC1OFI=\/992x1488\/filters:format(jpg):quality(85)\/cloudfront-us-east-1.images.arcpublishing.com\/infobae\/G3QUVYVRNZALNCT6KO3JD555XU.jpeg 992w,https:\/\/www.infobae.com\/new-resizer\/2hkByN9MKZVqbphChFgtNXieLNQ=\/1200x1800\/filters:format(jpg):quality(85)\/cloudfront-us-east-1.images.arcpublishing.com\/infobae\/G3QUVYVRNZALNCT6KO3JD555XU.jpeg 1200w\" sizes=\"auto, (min-width: 800px) 50vw, 90vw\" loading=\"lazy\"\/><figcaption>La joven fue reportada como grave (Foto: Cuartoscuro)<\/figcaption><\/div>\n<p class=\"paragraph\">Este caso es solamente uno de los ejemplos de los riesgos que los migrantes corren al tratar de huir de su propio pa\u00eds y llegar a Estados Unidos. Otro de los riesgos fue <b>advertido por Amnist\u00eda Internacional a principios del mes pasado<\/b>.<\/p>\n<p class=\"paragraph\">La organizaci\u00f3n internacional repar\u00f3 en la militarizaci\u00f3n del pa\u00eds, el uso excesivo de la fuerza por parte de soldados, as\u00ed como de agentes de la Guardia Nacional. El presidente ha reiterado que en su administraci\u00f3n los castrenses ya no violan las garant\u00edas individuales pese a que, registra Amnist\u00eda Internacional, mantiene un <b>despliegue de m\u00e1s efectivos de las Fuerzas Armadas en Seguridad P\u00fablica que aquellos dispuestos con los dos ex presidentes anteriores, Enrique Pe\u00f1a Nieto y Felipe Calder\u00f3n. Los integrantes del Ej\u00e9rcito apoyar\u00e1n en esa tarea hasta marzo de 2024.<\/b><\/p>\n<p class=\"paragraph\">Sobre los riesgos de emplear a private de las Fuerzas Armadas, el reporte repar\u00f3 en tres casos. Uno de ellos fue la detenci\u00f3n de migrantes en enero del a\u00f1o pasado por parte de la Guardia Nacional, corporaci\u00f3n que emple\u00f3 gases lacrim\u00f3genos en la frontera sur. Para marzo, los agentes arrastraron y golpearon a extranjeros que protestaron en un centro de detenci\u00f3n en Tapachula, Chiapas.<\/p>\n<p class=\"paragraph\">Ese mismo mes, un guatemalteco solicitante de asilo perdi\u00f3 la vida despu\u00e9s de que se incendiara el centro de reclusi\u00f3n donde estaba y del cual hab\u00eda exigido ser liberado junto con m\u00e1s migrantes.<\/p>\n<div class=\"visual__image  image_container\"><img decoding=\"async\" alt=\"Los migrantes corren el riesgo de ser abusados (Foto: Efe)\" height=\"1079\" width=\"1920\" src=\"https:\/\/www.infobae.com\/new-resizer\/2i6q28lsHtLgKvrMu8uB_gAXDsg=\/420x236\/filters:format(jpg):quality(85)\/cloudfront-us-east-1.images.arcpublishing.com\/infobae\/726KQ752MVFC7FGVWMQFIJESF4.jpg\" srcset=\"https:\/\/www.infobae.com\/new-resizer\/2i6q28lsHtLgKvrMu8uB_gAXDsg=\/420x236\/filters:format(jpg):quality(85)\/cloudfront-us-east-1.images.arcpublishing.com\/infobae\/726KQ752MVFC7FGVWMQFIJESF4.jpg 420w,https:\/\/www.infobae.com\/new-resizer\/xXvXwx1pR3PK8PrLcSmUysG5h88=\/768x432\/filters:format(jpg):quality(85)\/cloudfront-us-east-1.images.arcpublishing.com\/infobae\/726KQ752MVFC7FGVWMQFIJESF4.jpg 768w,https:\/\/www.infobae.com\/new-resizer\/N3DSoVH0APJ35vXC_ZW-X43g-9Y=\/992x558\/filters:format(jpg):quality(85)\/cloudfront-us-east-1.images.arcpublishing.com\/infobae\/726KQ752MVFC7FGVWMQFIJESF4.jpg 992w,https:\/\/www.infobae.com\/new-resizer\/qcQEQP3hqHVTxZQTP70puuc4Z0A=\/1200x675\/filters:format(jpg):quality(85)\/cloudfront-us-east-1.images.arcpublishing.com\/infobae\/726KQ752MVFC7FGVWMQFIJESF4.jpg 1200w\" sizes=\"auto, (min-width: 800px) 50vw, 90vw\" loading=\"lazy\"\/><figcaption>Los migrantes corren el riesgo de ser abusados (Foto: Efe)<\/figcaption><\/div>\n<p class=\"paragraph\">\u201cLa Comisi\u00f3n Mexicana de Ayuda a Refugiados recibi\u00f3 41,227 solicitudes de asilo en 2020, frente a las 70,427 de 2019. <b>El n\u00famero m\u00e1s elevado de personas solicitantes de asilo proced\u00eda de Honduras, seguido de Hait\u00ed, Cuba y El Salvador.<\/b> Las autoridades migratorias detuvieron a 87 mil 260 personas migrantes irregulares, entre ellas m\u00e1s de 11 mil menores de edad, y deportaron a 53 mil 891 personas, lo que representaba una disminuci\u00f3n respecto a 2019\u201d.<\/p>\n<p class=\"paragraph\">Un juez de la ciudad de M\u00e9xico resolvi\u00f3 que todas las personas detenidas por migraci\u00f3n deb\u00edan ser liberadas por el peligro de la pandemia de COVID-19, pero las autoridades no cumplieron con tal sentencia y privaron a los extranjeros de su derecho a la libertad como de la salud.<\/p>\n<p class=\"paragraph\"><b>SEGUIR LEYENDO:<\/b><\/p>\n<div class=\"text-element\"><a rel=\"nofollow noopener\" target=\"_blank\" href=\"https:\/\/www.infobae.com\/america\/the-new-york-times\/2021\/04\/07\/un-accidente-en-el-desierto-de-california-como-murieron-trece-personas-en-un-vehiculo-repleto-de-migrantes\/\">Un accidente en el desierto de California: c\u00f3mo murieron trece personas en un veh\u00edculo repleto de migrantes<\/a><\/div>\n<div class=\"text-element\"><a rel=\"nofollow noopener\" target=\"_blank\" href=\"https:\/\/www.infobae.com\/america\/eeuu\/2021\/05\/03\/el-gobierno-de-estados-unidos-comienza-a-reunir-a-las-familias-migrantes-separadas\/\">El gobierno de Estados Unidos comienza a reunir a las familias migrantes separadas<\/a><\/div>\n<div class=\"text-element\"><a rel=\"nofollow noopener\" target=\"_blank\" href=\"https:\/\/www.infobae.com\/america\/mexico\/2021\/04\/06\/derechos-humanos-violencia-contra-las-mujeres-y-libertad-de-expresion-los-senalamientos-de-amnistia-internacional-a-lopez-obrador\/\">Derechos humanos, violencia contra las mujeres y libertad de expresi\u00f3n: los se\u00f1alamientos de Amnist\u00eda Internacional a L\u00f3pez Obrador<\/a><\/div>\n<div class=\"text-element\"><a rel=\"nofollow noopener\" target=\"_blank\" href=\"https:\/\/www.infobae.com\/america\/mexico\/2021\/04\/19\/el-migrante-es-un-ser-extraordinario-amlo-reitero-que-pedira-a-biden-visas-de-trabajo-para-centroamericanos\/\">\u201cEl migrante es un ser extraordinario\u201d: AMLO reiter\u00f3 que pedir\u00e1 a Biden visas de trabajo para centroamericanos<\/a><\/div>\n<\/div>\n<p><script defer=\"\">!function(f,b,e,v,n,t,s) {if(f.fbq)return;n=f.fbq=function(){n.callMethod? n.callMethod.apply(n,arguments):n.queue.push(arguments)}; if(!f._fbq)f._fbq=n;n.push=n;n.loaded=!0;n.version='2.0'; n.queue=[];t=b.createElement(e);t.async=!0; t.src=v;s=b.getElementsByTagName(e)[0]; s.parentNode.insertBefore(t,s)}(window, document,'script', 'https:\/\/connect.facebook.net\/en_US\/fbevents.js'); fbq('init', '336383993555320'); fbq('track', 'PageView'); fbq('track', 'ViewContent');<\/script><br \/>\n<br \/><\/p>\n<p><em> &#8221; Fuentes www.infobae.com &#8221; <\/em><\/p>\n","protected":false},"excerpt":{"rendered":"<p>Una menor de edad y migrante centroamericana, perdi\u00f3 una pierna despu\u00e9s de que tratara de abordar un tren (Foto: EFE\/ Miguel Sierra) En Coatzacoalcos, en el estado de Veracruz, una menor de edad y migrante centroamericana, perdi\u00f3 una pierna despu\u00e9s de que tratara de abordar un tren. De acuerdo con lo que las autoridades dieron [&hellip;]<\/p>\n","protected":false},"author":4,"featured_media":122286,"comment_status":"open","ping_status":"closed","sticky":false,"template":"","format":"standard","meta":{"om_disable_all_campaigns":false,"jnews-multi-image_gallery":[],"jnews_single_post":[],"jnews_primary_category":[],"jnews_social_meta":[],"footnotes":""},"categories":[40],"tags":[],"class_list":["post-122285","post","type-post","status-publish","format-standard","has-post-thumbnail","hentry","category-industria"],"_links":{"self":[{"href":"https:\/\/dimensionturistica.com\/es\/wp-json\/wp\/v2\/posts\/122285","targetHints":{"allow":["GET"]}}],"collection":[{"href":"https:\/\/dimensionturistica.com\/es\/wp-json\/wp\/v2\/posts"}],"about":[{"href":"https:\/\/dimensionturistica.com\/es\/wp-json\/wp\/v2\/types\/post"}],"author":[{"embeddable":true,"href":"https:\/\/dimensionturistica.com\/es\/wp-json\/wp\/v2\/users\/4"}],"replies":[{"embeddable":true,"href":"https:\/\/dimensionturistica.com\/es\/wp-json\/wp\/v2\/comments?post=122285"}],"version-history":[{"count":0,"href":"https:\/\/dimensionturistica.com\/es\/wp-json\/wp\/v2\/posts\/122285\/revisions"}],"wp:featuredmedia":[{"embeddable":true,"href":"https:\/\/dimensionturistica.com\/es\/wp-json\/wp\/v2\/media\/122286"}],"wp:attachment":[{"href":"https:\/\/dimensionturistica.com\/es\/wp-json\/wp\/v2\/media?parent=122285"}],"wp:term":[{"taxonomy":"category","embeddable":true,"href":"https:\/\/dimensionturistica.com\/es\/wp-json\/wp\/v2\/categories?post=122285"},{"taxonomy":"post_tag","embeddable":true,"href":"https:\/\/dimensionturistica.com\/es\/wp-json\/wp\/v2\/tags?post=122285"}],"curies":[{"name":"wp","href":"https:\/\/api.w.org\/{rel}","templated":true}]}}