{"id":122270,"date":"2021-05-06T01:14:20","date_gmt":"2021-05-06T01:14:20","guid":{"rendered":"https:\/\/dimensionturistica.com\/es\/?p=122270"},"modified":"2021-05-06T01:14:20","modified_gmt":"2021-05-06T01:14:20","slug":"salud-registra-434-muertes-mas-por-covid-aplican-161-mil-vacunas","status":"publish","type":"post","link":"https:\/\/dimensionturistica.com\/es\/salud-registra-434-muertes-mas-por-covid-aplican-161-mil-vacunas\/","title":{"rendered":"Salud registra 434 muertes m\u00e1s por COVID; aplican 161 mil vacunas"},"content":{"rendered":"<p> <br \/>\n<\/p>\n<div>\n<p>Autoridades de Salud registraron 434 muertes m\u00e1s por COVID-19, por lo que reconocen, hasta ahora, 215 mil 547 defunciones por la enfermedad.<\/p>\n<p>Tambi\u00e9n document\u00f3 3,592 casos, por lo que acumulan 2 millones 333 mil 126 personas que han enfermado por el virus, desde el inicio de la epidemia.<\/p>\n<p>Sin embargo, estiman que 23 mil 462 (menos del 1%) son casos activos de COVID por presentar s\u00edntomas en los \u00faltimos 14 d\u00edas.<\/p>\n<p>La estimaci\u00f3n de casos sospechosos, entre las semanas 14 y 15 del a\u00f1o, es 21% menos.<\/p>\n<p>En <a rel=\"nofollow noopener\" target=\"_blank\" href=\"https:\/\/www.youtube.com\/watch?v=UBANh-c--T4\">conferencia de prensa<\/a>, se asegur\u00f3 que la ocupaci\u00f3n hospitalaria se ha reducido un 79%, respecto al pico m\u00e1ximo de la segunda ola, presentado en enero pasado.<\/p>\n<h2><strong>Aplican m\u00e1s de 161 mil 711 vacunas contra COVID<\/strong><\/h2>\n<p>De las 16 millones 687 mil 189 vacunas que se han aplicado, 6 millones 96 mil 954 corresponden a esquemas completos<\/p>\n<p>Este 26 de abril, se aplicaron al menos 161 mil 711 dosis.<\/p>\n<div class=\"apcvv\">\n<p>\n<span>Gr\u00e1ficos<\/span>\n<\/p>\n<div class=\"apcvv_graphs\">\n<div class=\"apcvv_graphs_graph\" id=\"apcvv1\">\n<div class=\"apcvv_graphs_graph_title\">\n<div>\n<span>Casos y fallecimientos<\/span><\/p>\n<p>de <strong>COVID-19<\/strong> en M\u00e9xico<\/p>\n<\/div>\n<\/div>\n<div class=\"apcvv_graphs_graph_container\">\n<div class=\"apcvv_graphs_graph_container_bigdes\">\n<p>\nInformaci\u00f3n actualizada a las <span id=\"apcvv_graph_1_bdd\"\/> con el Comunicado T\u00e9cnico de la Secretar\u00eda de Salud.\n<\/p>\n<\/div>\n<p><canvas id=\"apcvv_graph_1\"\/><\/p>\n<p>\n<strong>Datos desde el 27 de febrero del 2020<\/strong>, cuando se confirm\u00f3 el primer caso en el pa\u00eds.\n<\/p>\n<p>\n<strong>Nota:<\/strong> el 5 de octubre de 2020, la Secretar\u00eda de Salud ajust\u00f3 los datos acumulados hasta ese momento y sum\u00f3 al registro 2 mil 789 decesos m\u00e1s, respecto al d\u00eda anterior. Se trata de los casos por &#8220;asociaci\u00f3n epidemiol\u00f3gica&#8221;, es decir, aquellos confirmados no por prueba de laboratorio, pero con Enfermedad Respiratoria Viral que tuvieron contacto con un caso\/defunci\u00f3n confirmada.\n<\/p>\n<p>\n<strong>FUENTE:<\/strong> Secretar\u00eda de Salud\n<\/p>\n<\/div>\n<\/div>\n<div class=\"apcvv_graphs_graph\" id=\"apcvv5\">\n<div class=\"apcvv_graphs_graph_title\">\n<div>\n<span>Nuevos casos<\/span><\/p>\n<p>de <strong>COVID-19<\/strong> en M\u00e9xico<\/p>\n<\/div>\n<\/div>\n<div class=\"apcvv_graphs_graph_container\">\n<div class=\"apcvv_graphs_graph_container_bigdes\">\n<p>\nInformaci\u00f3n actualizada a las <span id=\"apcvv_graph_5_bdd\"\/> con el Comunicado T\u00e9cnico de la Secretar\u00eda de Salud.\n<\/p>\n<\/div>\n<p><canvas id=\"apcvv_graph_5\"\/><\/p>\n<p>\n<strong>Datos desde el 27 de febrero del 2020<\/strong>, cuando se confirm\u00f3 el primer caso en el pa\u00eds.\n<\/p>\n<p>\n<strong>Nota:<\/strong> el 5 de octubre de 2020, la Secretar\u00eda de Salud ajust\u00f3 los datos acumulados hasta ese momento y sum\u00f3 al registro 2 mil 789 decesos m\u00e1s, respecto al d\u00eda anterior. Se trata de los casos por &#8220;asociaci\u00f3n epidemiol\u00f3gica&#8221;, es decir, aquellos confirmados no por prueba de laboratorio, pero con Enfermedad Respiratoria Viral que tuvieron contacto con un caso\/defunci\u00f3n confirmada.\n<\/p>\n<p>\n<strong>FUENTE:<\/strong> Secretar\u00eda de Salud\n<\/p>\n<\/div>\n<\/div>\n<div class=\"apcvv_graphs_graph\" id=\"apcvv3\">\n<div class=\"apcvv_graphs_graph_title\">\n<div style=\"border-color: red\">\n<span style=\"color: white\">Defunciones confirmadas<\/span><\/p>\n<p>por <strong>COVID-19<\/strong> en M\u00e9xico<\/p>\n<\/div>\n<\/div>\n<div class=\"apcvv_graphs_graph_container\">\n<div class=\"apcvv_graphs_graph_container_bigdes\">\n<p>\nInformaci\u00f3n actualizada a las <span id=\"apcvv_graph_3_bdd\"\/> con el Comunicado T\u00e9cnico de la Secretar\u00eda de Salud.\n<\/p>\n<\/div>\n<p><canvas id=\"apcvv_graph_3\"\/><\/p>\n<div class=\"apcvv_graphs_graph_container_f1\">\n<strong>*<\/strong>No corresponden al d\u00eda en que ocurrieron, sino al d\u00eda en que se sumaron al registro whole de muertes. <\/p>\n<p><strong>Datos desde el 27 de febrero del 2020<\/strong>, cuando se confirm\u00f3 el primer caso de COVID-19 en el pa\u00eds.\n<\/p>\n<\/div>\n<p>\n<strong>Nota:<\/strong> el 5 de octubre de 2020, la Secretar\u00eda de Salud ajust\u00f3 los datos acumulados hasta ese momento y sum\u00f3 al registro 2 mil 789 decesos m\u00e1s, respecto al d\u00eda anterior. Se trata de los casos por &#8220;asociaci\u00f3n epidemiol\u00f3gica&#8221;, es decir, aquellos confirmados no por prueba de laboratorio, pero con Enfermedad Respiratoria Viral que tuvieron contacto con un caso\/defunci\u00f3n confirmada.\n<\/p>\n<p>\n<strong>FUENTE:<\/strong> Secretar\u00eda de Salud\n<\/p>\n<\/div>\n<\/div>\n<div class=\"apcvv_graphs_graph\" id=\"apcvv6\">\n<div class=\"apcvv_graphs_graph_title\">\n<div>\n<span>Relaci\u00f3n de casos<\/span><\/p>\n<p>de <strong>COVID-19<\/strong> en M\u00e9xico<\/p>\n<\/div>\n<\/div>\n<div class=\"apcvv_graphs_graph_container\">\n<div class=\"apcvv_graphs_graph_container_bigdes\">\n<p>\nInformaci\u00f3n actualizada a las <span id=\"apcvv_graph_6_bdd\"\/> con el Comunicado T\u00e9cnico de la Secretar\u00eda de Salud.\n<\/p>\n<\/div>\n<p><canvas id=\"apcvv_graph_6\"\/><\/p>\n<p>\n<strong>Datos desde el 27 de febrero del 2020<\/strong>, cuando se confirm\u00f3 el primer caso en el pa\u00eds.\n<\/p>\n<p>\n<strong>Nota:<\/strong> el 5 de octubre de 2020, la Secretar\u00eda de Salud ajust\u00f3 los datos acumulados hasta ese momento y sum\u00f3 al registro 2 mil 789 decesos m\u00e1s, respecto al d\u00eda anterior. Se trata de los casos por &#8220;asociaci\u00f3n epidemiol\u00f3gica&#8221;, es decir, aquellos confirmados no por prueba de laboratorio, pero con Enfermedad Respiratoria Viral que tuvieron contacto con un caso\/defunci\u00f3n confirmada.\n<\/p>\n<p>\n<strong>FUENTE:<\/strong> Secretar\u00eda de Salud\n<\/p>\n<\/div>\n<\/div>\n<div class=\"apcvv_graphs_graph\" id=\"apcvv4\">\n<div class=\"apcvv_graphs_graph_title\">\n<div style=\"border-color: rgb(29, 128, 245)\">\n<span style=\"color: white\">Aumento porcentual diario<\/span><\/p>\n<p>de <strong>casos confirmados<\/strong><\/p>\n<\/div>\n<\/div>\n<div class=\"apcvv_graphs_graph_container\">\n<div class=\"apcvv_graphs_graph_container_bigdes\">\n<p>\nInformaci\u00f3n actualizada a las <span id=\"apcvv_graph_4_bdd\"\/> con el Comunicado T\u00e9cnico de la Secretar\u00eda de Salud.\n<\/p>\n<\/div>\n<p><canvas id=\"apcvv_graph_4\"\/><\/p>\n<div class=\"apcvv_graphs_graph_container_ciphers\">\n<div class=\"apcvv_graphs_graph_container_ciphers_c\" style=\"background-color: rgb(29, 128, 245)\">\n<p>\nAumento de\n<\/p>\n<p>\nrespecto al d\u00eda anterior\n<\/p>\n<\/div>\n<\/div>\n<p>\nEste gr\u00e1fico muestra <strong>la aceleraci\u00f3n de la curva epidemiol\u00f3gica<\/strong> desde el 1 de marzo.\n<\/p>\n<p>\nEl primer caso confirmado en el pa\u00eds fue el <strong>27 de febrero del 2020<\/strong>.\n<\/p>\n<p>\n<strong>Nota:<\/strong> el 5 de octubre de 2020, la Secretar\u00eda de Salud ajust\u00f3 los datos acumulados hasta ese momento y sum\u00f3 al registro 2 mil 789 decesos m\u00e1s, respecto al d\u00eda anterior. Se trata de los casos por &#8220;asociaci\u00f3n epidemiol\u00f3gica&#8221;, es decir, aquellos confirmados no por prueba de laboratorio, pero con Enfermedad Respiratoria Viral que tuvieron contacto con un caso\/defunci\u00f3n confirmada.\n<\/p>\n<p>\n<strong>FUENTE:<\/strong> Secretar\u00eda de Salud\n<\/p>\n<\/div>\n<\/div>\n<\/div>\n<\/div>\n<p><span style=\"font-weight: 400;\">Salud registra 434 muertes m\u00e1s por COVID; aplican 161 mil vacunas\u00a0<\/span><\/p>\n<p>\u00a0<\/p>\n<div class=\"ap_single_fondea_text\">Lo que hacemos en Animal Pol\u00edtico requiere de periodistas profesionales, trabajo en equipo, mantener di\u00e1logo con los lectores y algo muy importante: independencia. T\u00fa puedes ayudarnos a seguir. S\u00e9 parte del equipo.<br \/>\n<a rel=\"nofollow noopener\" target=\"_blank\" href=\"https:\/\/www.animalpolitico.com\/suscribete\">Suscr\u00edbete a Animal Pol\u00edtico<\/a>, recibe beneficios y apoya el periodismo libre.<\/p>\n<p><span style=\"font-weight: 600!important;\">#YoSoyAnimal<\/span><\/p>\n<\/div>\n<\/div>\n\n<p><em> &#8221; Fuentes www.animalpolitico.com &#8221; <\/em><\/p>\n","protected":false},"excerpt":{"rendered":"<p>Autoridades de Salud registraron 434 muertes m\u00e1s por COVID-19, por lo que reconocen, hasta ahora, 215 mil 547 defunciones por la enfermedad. Tambi\u00e9n document\u00f3 3,592 casos, por lo que acumulan 2 millones 333 mil 126 personas que han enfermado por el virus, desde el inicio de la epidemia. Sin embargo, estiman que 23 mil 462 [&hellip;]<\/p>\n","protected":false},"author":4,"featured_media":122271,"comment_status":"open","ping_status":"closed","sticky":false,"template":"","format":"standard","meta":{"om_disable_all_campaigns":false,"jnews-multi-image_gallery":[],"jnews_single_post":[],"jnews_primary_category":[],"jnews_social_meta":[],"footnotes":""},"categories":[40],"tags":[],"class_list":["post-122270","post","type-post","status-publish","format-standard","has-post-thumbnail","hentry","category-industria"],"_links":{"self":[{"href":"https:\/\/dimensionturistica.com\/es\/wp-json\/wp\/v2\/posts\/122270","targetHints":{"allow":["GET"]}}],"collection":[{"href":"https:\/\/dimensionturistica.com\/es\/wp-json\/wp\/v2\/posts"}],"about":[{"href":"https:\/\/dimensionturistica.com\/es\/wp-json\/wp\/v2\/types\/post"}],"author":[{"embeddable":true,"href":"https:\/\/dimensionturistica.com\/es\/wp-json\/wp\/v2\/users\/4"}],"replies":[{"embeddable":true,"href":"https:\/\/dimensionturistica.com\/es\/wp-json\/wp\/v2\/comments?post=122270"}],"version-history":[{"count":0,"href":"https:\/\/dimensionturistica.com\/es\/wp-json\/wp\/v2\/posts\/122270\/revisions"}],"wp:featuredmedia":[{"embeddable":true,"href":"https:\/\/dimensionturistica.com\/es\/wp-json\/wp\/v2\/media\/122271"}],"wp:attachment":[{"href":"https:\/\/dimensionturistica.com\/es\/wp-json\/wp\/v2\/media?parent=122270"}],"wp:term":[{"taxonomy":"category","embeddable":true,"href":"https:\/\/dimensionturistica.com\/es\/wp-json\/wp\/v2\/categories?post=122270"},{"taxonomy":"post_tag","embeddable":true,"href":"https:\/\/dimensionturistica.com\/es\/wp-json\/wp\/v2\/tags?post=122270"}],"curies":[{"name":"wp","href":"https:\/\/api.w.org\/{rel}","templated":true}]}}