{"id":122229,"date":"2021-05-05T23:43:53","date_gmt":"2021-05-05T23:43:53","guid":{"rendered":"https:\/\/dimensionturistica.com\/es\/?p=122229"},"modified":"2021-05-05T23:43:53","modified_gmt":"2021-05-05T23:43:53","slug":"neuquinos-ya-planifican-viajes-a-miami-para-vacunarse","status":"publish","type":"post","link":"https:\/\/dimensionturistica.com\/es\/neuquinos-ya-planifican-viajes-a-miami-para-vacunarse\/","title":{"rendered":"neuquinos ya planifican viajes a Miami para vacunarse"},"content":{"rendered":"<p> <br \/>\n<\/p>\n<div id=\"\">\n<p>Si bien muchos habitantes de la ciudad organizaron viajes por su cuenta para sacar provecho de este beneficio, otros buscaron informaci\u00f3n a trav\u00e9s de las agencias de viajes. En Olano Viajes y Turismo, por ejemplo, ya organizaron una salida para un contingente de 16 personas que despegar\u00e1n en las pr\u00f3ximas semanas.<\/p>\n<\/div>\n<div id=\"\">\n<p>Claudio Carrasco, uno de los agentes de Olano, cont\u00f3 a<strong> LM Neuqu\u00e9n<\/strong> que vendieron el paquete a tres familias neuquinas. En whole, los viajeros permanecen 5 d\u00edas en ese pa\u00eds del norte, por lo que s\u00f3lo recibir\u00e1n la primera dosis de la vacuna contra el Covid-19. Adem\u00e1s del paso por el centro de vacunaci\u00f3n, tambi\u00e9n planean actividades tur\u00edsticas.<\/p>\n<\/div>\n<div id=\"\">\n<p>&#8220;Van por la vacuna pero todos lo combinan con turismo y algunos aprovechan a visitar los parques de Disney por la cercan\u00eda&#8221;, dijo el agente y agreg\u00f3 que, a partir de la demanda, desde esta empresa se est\u00e1 organizando una nueva salida grupal para junio. &#8220;Estamos esperando respuesta la aerol\u00ednea para confirmar el viaje&#8221;, dijo sobre esta nueva salida, que ser\u00e1 grupal para generar ahorros para cada familia.<\/p>\n<p>Seg\u00fan aclar\u00f3, <strong>son muchos los neuquinos que consultan en esa y otras agencias por la posibilidad de viajar a Miami a vacunarse. <\/strong>El crecimiento de la demanda gener\u00f3 grandes incrementos en los pasajes a\u00e9reos, con valores que se triplicaron a partir del anuncio de la vacunaci\u00f3n.<\/p>\n<div contenteditable=\"false\" class=\"embed_cont type_imagen\" id=\"723087-Libre-1255849054_wrap\">\n<p> vacunacion miami covid <span onclick=\"parent.parent.TinyMCETdcuerpo.preview_embed('723087-Libre-1255849054')\" class=\"embed_colapse less\" id=\"723087-Libre-1255849054_colapse\"\/>  <span onclick=\"parent.parent.TinyMCETdcuerpo.delete_embed('723087-Libre-1255849054')\" class=\"embed_delete less\" id=\"723087-Libre-1255849054_delete\"\/><\/p>\n<div id=\"723087-Libre-1255849054_content\" class=\"embed_content\"><img decoding=\"async\" src=\"https:\/\/media.lmneuquen.com\/p\/8b5a2c5ac8e3c893d80907b3fbcb4596\/adjuntos\/195\/imagenes\/006\/147\/0006147292\/vacunacion-miami-covid.png?0000-00-00-00-00-00\" alt=\"\" width=\"770\" height=\"435\" id=\"723087-Libre-1255849054_embed\"\/><\/div><\/div>\n<p>&#8220;Antes se consegu\u00edan pasajes de entre 700 y 900 d\u00f3lares, pero hoy no bajan de los 2200 o 2500 d\u00f3lares&#8221;, afirm\u00f3 Carrasco. Ante esa realidad, muchas personas que ten\u00edan previsto hacer el viaje desistieron de la concept, por lo que se redujo la cantidad de consultas en las agencias de turismo. En ese sentido, el valor de los pasajes es el principal componente que encarece el precio de los paquetes tur\u00edsticos.<\/p>\n<h4>Qu\u00e9 incluye cada paquete tur\u00edstico<\/h4>\n<p>Los paquetes que se consiguen ahora para vacunarse en Miami cuestan entre 3000 y 3500 d\u00f3lares por pasajero. Incluyen los tickets a\u00e9reos para viajar desde Neuqu\u00e9n hasta Buenos y de all\u00ed a Miami, as\u00ed como los dos tramos de regreso. Tambi\u00e9n los traslados de Aeroparque a Ezeiza y los viajes desde el aeropuerto norteamericano hacia el lodge. Por \u00faltimo, el paquete incluye cinco noches de alojamiento en un lodge ubicado en la zona de South Seashore.<\/p>\n<p>Para ingresar a Miami es necesario presentar un examen de tipo PCR con resultado negativo en el mostrador de la aerol\u00ednea, tanto al salir como a la hora de ingresar a Estados Unidos. Para el regreso hay que cumplir el mismo procedimiento para garantizar la ausencia del virus. Por otro lado, es necesario contar con pasaporte y una visa vigente para ingresar en Estados Unidos. Finalmente, tambi\u00e9n se exige cumplir con un aislamiento de 14 d\u00edas en Argentina despu\u00e9s de haber estado en el extranjero.<\/p>\n<div contenteditable=\"false\" class=\"embed_cont type_imagen\" id=\"723096-Libre-243983281_wrap\">\n<p> vacunacion-miami 01.jpg <span onclick=\"parent.parent.TinyMCETdcuerpo.preview_embed('723096-Libre-243983281')\" class=\"embed_colapse less\" id=\"723096-Libre-243983281_colapse\"\/>  <span onclick=\"parent.parent.TinyMCETdcuerpo.delete_embed('723096-Libre-243983281')\" class=\"embed_delete less\" id=\"723096-Libre-243983281_delete\"\/><\/p>\n<div id=\"723096-Libre-243983281_content\" class=\"embed_content\"><img decoding=\"async\" src=\"https:\/\/media.lmneuquen.com\/p\/5f6f7e950ca6f1bdd20734ab439204ed\/adjuntos\/195\/imagenes\/006\/147\/0006147412\/vacunacion-miami-01jpg.jpg?0000-00-00-00-00-00\" alt=\"\" width=\"770\" height=\"435\" id=\"723096-Libre-243983281_embed\"\/><\/div><\/div>\n<p>Desde la agencia Olano buscan alternativas para generar paquetes accesibles a aquellos que quieren vacunarse en Miami. Por eso, ya iniciaron conversaciones con las aerol\u00edneas para conseguir precios atractivos en los vuelos y as\u00ed permitir que m\u00e1s neuquinos visiten esa ciudad norteamericana. Para la salida grupal de junio ya cuentan con viajeros interesados.<\/p>\n<\/p><\/div>\n<p><script async defer crossorigin=\"anonymous\" src=\"https:\/\/connect.facebook.net\/es_ES\/sdk.js\"><\/script><br \/>\n<br \/><\/p>\n<p><em> &#8221; Fuentes www.lmneuquen.com &#8221; <\/em><\/p>\n","protected":false},"excerpt":{"rendered":"<p>Si bien muchos habitantes de la ciudad organizaron viajes por su cuenta para sacar provecho de este beneficio, otros buscaron informaci\u00f3n a trav\u00e9s de las agencias de viajes. En Olano Viajes y Turismo, por ejemplo, ya organizaron una salida para un contingente de 16 personas que despegar\u00e1n en las pr\u00f3ximas semanas. Claudio Carrasco, uno de [&hellip;]<\/p>\n","protected":false},"author":4,"featured_media":122230,"comment_status":"open","ping_status":"closed","sticky":false,"template":"","format":"standard","meta":{"om_disable_all_campaigns":false,"jnews-multi-image_gallery":[],"jnews_single_post":[],"jnews_primary_category":[],"jnews_social_meta":[],"footnotes":""},"categories":[40],"tags":[],"class_list":["post-122229","post","type-post","status-publish","format-standard","has-post-thumbnail","hentry","category-industria"],"_links":{"self":[{"href":"https:\/\/dimensionturistica.com\/es\/wp-json\/wp\/v2\/posts\/122229","targetHints":{"allow":["GET"]}}],"collection":[{"href":"https:\/\/dimensionturistica.com\/es\/wp-json\/wp\/v2\/posts"}],"about":[{"href":"https:\/\/dimensionturistica.com\/es\/wp-json\/wp\/v2\/types\/post"}],"author":[{"embeddable":true,"href":"https:\/\/dimensionturistica.com\/es\/wp-json\/wp\/v2\/users\/4"}],"replies":[{"embeddable":true,"href":"https:\/\/dimensionturistica.com\/es\/wp-json\/wp\/v2\/comments?post=122229"}],"version-history":[{"count":0,"href":"https:\/\/dimensionturistica.com\/es\/wp-json\/wp\/v2\/posts\/122229\/revisions"}],"wp:featuredmedia":[{"embeddable":true,"href":"https:\/\/dimensionturistica.com\/es\/wp-json\/wp\/v2\/media\/122230"}],"wp:attachment":[{"href":"https:\/\/dimensionturistica.com\/es\/wp-json\/wp\/v2\/media?parent=122229"}],"wp:term":[{"taxonomy":"category","embeddable":true,"href":"https:\/\/dimensionturistica.com\/es\/wp-json\/wp\/v2\/categories?post=122229"},{"taxonomy":"post_tag","embeddable":true,"href":"https:\/\/dimensionturistica.com\/es\/wp-json\/wp\/v2\/tags?post=122229"}],"curies":[{"name":"wp","href":"https:\/\/api.w.org\/{rel}","templated":true}]}}