{"id":122196,"date":"2021-05-05T22:47:19","date_gmt":"2021-05-05T22:47:19","guid":{"rendered":"https:\/\/dimensionturistica.com\/es\/?p=122196"},"modified":"2021-05-05T22:47:19","modified_gmt":"2021-05-05T22:47:19","slug":"la-programacion-turistica-de-alcazar-en-mayo-gira-en-torno-a-la-celebracion-del-dia-internacional-de-los-museos-lanza-digital","status":"publish","type":"post","link":"https:\/\/dimensionturistica.com\/es\/la-programacion-turistica-de-alcazar-en-mayo-gira-en-torno-a-la-celebracion-del-dia-internacional-de-los-museos-lanza-digital\/","title":{"rendered":"La programaci\u00f3n tur\u00edstica de Alc\u00e1zar en mayo gira en torno a la celebraci\u00f3n del D\u00eda Internacional de los Museos &#8211; Lanza Digital"},"content":{"rendered":"<p> <br \/>\n<\/p>\n<div>\n<div class=\"opening\">\n<figure class=\"opening-figure\"><figcaption>\n<h2>B\u00e1rbara S\u00e1nchez-Mateos<\/h2>\n<\/figcaption><\/figure>\n<ol class=\"social-share\">\n<li>\n\t\t\t\t<button class=\"facebook\" data-type=\"sharer\" data-subtype=\"facebook\"><span>Compartir en fb<\/span><\/button>\t<\/li>\n<li>\n\t\t\t\t<button class=\"twitter\" data-type=\"sharer\" data-subtype=\"twitter\"><span>Compartir en twitter<\/span><\/button>\t<\/li>\n<li>\n\t\t\t\t<button class=\"mail\" data-type=\"sharer\" data-subtype=\"mail\"><span>Compartir en mail<\/span><\/button>\t<\/li>\n<li class=\"whatsapp-share\">\n\t\t\t\t<button class=\"whatsapp\" data-type=\"sharer\" data-subtype=\"whatsapp\"><span>Compartir en whatsapp<\/span><\/button>\t<\/li>\n<\/ol><\/div>\n<p class=\"summary\">La semana del 18 de mayo, las visitas a los museos ser\u00e1n gratuitas. La principal novedad de la programaci\u00f3n son las rutas en bicicleta por el casco urbano<\/p>\n<p>La concejala de Turismo de Alc\u00e1zar de San Juan, B\u00e1rbara S\u00e1nchez-Mateos ha presentado en rueda de prensa la programaci\u00f3n de visitas y rutas correspondiente al mes de mayo que girar\u00e1 en torno a los museos p\u00fablicos y privados de la ciudad coincidiendo con la celebraci\u00f3n del D\u00eda de los Museos el pr\u00f3ximo 18 de mayo.<\/p>\n<p>Cobra cada mes m\u00e1s protagonismo la oferta de actividades dirigidas a las familias \u201cdebido a que el perfil del turista que visita Alc\u00e1zar est\u00e1 cambiando y nos visitan cada vez m\u00e1s familias con ni\u00f1os peque\u00f1os\u201d, apuntaba S\u00e1nchez-Mateos. Por este motivo, la oferta se adapta a la demanda y se han organizado actividades espec\u00edficas para ni\u00f1os como la\u00a0 Gymkhana Acquainted \u201cDescubre los museos\u201d en la ma\u00f1ana del s\u00e1bado 15 de mayo. Al completarla, se entragar\u00e1\u00a0 merchandising de la ciudad.<\/p>\n<p>Para conmemorar el D\u00eda de los Museos el martes 18 de mayo, se ha preparado una visita al Museo Municipal y visitas guiadas al reci\u00e9n inaugurado Museo del Traje Manchego, situado en la antigua oficina de Turismo. El horario es de 12:00h a 13:00h en horario de ma\u00f1ana y de 19:00h a 20:00h en horario de tarde. Adem\u00e1s durante esa semana, las visitas a todos los recursos muse\u00edsticos ser\u00e1n gratuitos \u201cporque queremos invitar a los visitantes a que conozcan nuestra ciudad y nuestros vecinos tambi\u00e9n conozcan el patrimonio\u201d.<\/p>\n<p>Se han programado visitas a los cuatro museos p\u00fablicos de la ciudad de manera particular person y por grupos (Museo Municipal, Casa del Hidalgo FORMMA y el Conjunto Palacial) y a los museos privados, (Centro de Interpretaci\u00f3n del Vino del Consejo Regulador La Mancha, Museo del Ferrocarril, Museo del Traje Manchego, Museo Jos\u00e9 Luis Samper y Fundaci\u00f3n Isidro Parra). Dirigido a los m\u00e1s peque\u00f1os, la Fundaci\u00f3n Isidro Parra ha preparado una visita guiada\u00a0 a la Exposici\u00f3n de Insectos Veros\u00edmiles e Inveros\u00edmiles. Ser\u00e1 el domingo 9 de mayor, a las 12:00h.<\/p>\n<p>En la programaci\u00f3n tur\u00edstica del mes de mayo se da continuidad a la Ruta de Gald\u00f3s y se incluyen las visitas al Yacimiento Arqueol\u00f3gico de Pi\u00e9drola y al Cerro de los Molinos, con moliendas mensuales. La Ruta de Misterios y Leyendas ser\u00e1 en mayo nocturna \u201cproporcionando otra perspectiva al visitante\u201d se\u00f1alaba la concejala de Turismo. El precio es de 10 euros e incluye merchandising a los asistentes<\/p>\n<p>Como novedad habr\u00e1 dos rutas en bicicleta por el caso urbano aprovechando el servicio municipal de pr\u00e9stamo de bicicletas, BiciAlc\u00e1zar. Ser\u00e1n los d\u00edas 8 y 28 de mayo a las 18:00h..<\/p>\n<p>B\u00e1rbara S\u00e1nchez-Mateos espera una buena aceptaci\u00f3n a la propuesta tur\u00edstica de mayo al igual que lo han tenido las programaciones de meses anteriores, ya que se agotaron las plazas ofertadas e incluso con lista de espera algunas de las actividades programadas. \u00a0\u201cLa programaci\u00f3n de primavera ha dado sus frutos aunque no nos conformamos y queremos seguir creciendo. Queremos que los agentes tur\u00edsticos implicados como hoteles o agencias de viajes se beneficien de la programaci\u00f3n tur\u00edstica que pone en marcha el Ayuntamiento de Alc\u00e1zar de San Juan\u201d. En este sentido, la responsable municipal de Turismo apuntaba que tienen a su disposici\u00f3n estas rutas para que las soliciten.<\/p>\n<p>En definitiva, se\u00f1alaba S\u00e1nchez-Mateos, es una gran apuesta para incentivar el turismo entorno a los museos. Durante todos los meses la concejal\u00eda de Turismo \u00a0programa una variada oferta basada en una tem\u00e1tica concreta; marzo se dedic\u00f3 a la perspectiva de g\u00e9nero y abril se centr\u00f3 en el turismo literario y patrimonial.<\/p>\n<p>\u00a0<\/p>\n<p>\u00a0<\/p>\n<p>\u00a0<\/p>\n<p>\t<!-- Agency Orquidea - 1 x 1 --><\/p>\n<aside class=\"aside-bottom\">\n<h2>Temas relacionados<\/h2>\n<\/aside>\n<\/div>\n\n<p><em> &#8221; Fuentes www.lanzadigital.com &#8221; <\/em><\/p>\n","protected":false},"excerpt":{"rendered":"<p>B\u00e1rbara S\u00e1nchez-Mateos Compartir en fb Compartir en twitter Compartir en mail Compartir en whatsapp La semana del 18 de mayo, las visitas a los museos ser\u00e1n gratuitas. La principal novedad de la programaci\u00f3n son las rutas en bicicleta por el casco urbano La concejala de Turismo de Alc\u00e1zar de San Juan, B\u00e1rbara S\u00e1nchez-Mateos ha presentado [&hellip;]<\/p>\n","protected":false},"author":4,"featured_media":122197,"comment_status":"open","ping_status":"closed","sticky":false,"template":"","format":"standard","meta":{"om_disable_all_campaigns":false,"jnews-multi-image_gallery":[],"jnews_single_post":[],"jnews_primary_category":[],"jnews_social_meta":[],"footnotes":""},"categories":[40],"tags":[],"class_list":["post-122196","post","type-post","status-publish","format-standard","has-post-thumbnail","hentry","category-industria"],"_links":{"self":[{"href":"https:\/\/dimensionturistica.com\/es\/wp-json\/wp\/v2\/posts\/122196","targetHints":{"allow":["GET"]}}],"collection":[{"href":"https:\/\/dimensionturistica.com\/es\/wp-json\/wp\/v2\/posts"}],"about":[{"href":"https:\/\/dimensionturistica.com\/es\/wp-json\/wp\/v2\/types\/post"}],"author":[{"embeddable":true,"href":"https:\/\/dimensionturistica.com\/es\/wp-json\/wp\/v2\/users\/4"}],"replies":[{"embeddable":true,"href":"https:\/\/dimensionturistica.com\/es\/wp-json\/wp\/v2\/comments?post=122196"}],"version-history":[{"count":0,"href":"https:\/\/dimensionturistica.com\/es\/wp-json\/wp\/v2\/posts\/122196\/revisions"}],"wp:featuredmedia":[{"embeddable":true,"href":"https:\/\/dimensionturistica.com\/es\/wp-json\/wp\/v2\/media\/122197"}],"wp:attachment":[{"href":"https:\/\/dimensionturistica.com\/es\/wp-json\/wp\/v2\/media?parent=122196"}],"wp:term":[{"taxonomy":"category","embeddable":true,"href":"https:\/\/dimensionturistica.com\/es\/wp-json\/wp\/v2\/categories?post=122196"},{"taxonomy":"post_tag","embeddable":true,"href":"https:\/\/dimensionturistica.com\/es\/wp-json\/wp\/v2\/tags?post=122196"}],"curies":[{"name":"wp","href":"https:\/\/api.w.org\/{rel}","templated":true}]}}