{"id":122186,"date":"2021-05-05T22:31:01","date_gmt":"2021-05-05T22:31:01","guid":{"rendered":"https:\/\/dimensionturistica.com\/es\/?p=122186"},"modified":"2021-05-05T22:31:01","modified_gmt":"2021-05-05T22:31:01","slug":"vicepresidenta-de-eeuu-fija-para-el-7-y-8-de-junio-viaje-a-mexico-y-guatemala","status":"publish","type":"post","link":"https:\/\/dimensionturistica.com\/es\/vicepresidenta-de-eeuu-fija-para-el-7-y-8-de-junio-viaje-a-mexico-y-guatemala\/","title":{"rendered":"Vicepresidenta de EEUU fija para el 7 y 8 de junio viaje a M\u00e9xico y Guatemala"},"content":{"rendered":"<p> <br \/>\n<\/p>\n<div>\n<p class=\"paragraph\">La vicepresidenta de Estados Unidos, Kamala Harris, adelant\u00f3 este mi\u00e9rcoles a periodistas que su viaje ya anunciado a M\u00e9xico y Guatemala -su primer desplazamiento internacional- se concretar\u00e1 el 7 y 8 de junio.<\/p>\n<p class=\"paragraph\">&#8220;Actualmente el plan es que vaya a M\u00e9xico y Guatemala el 7 y 8 de junio&#8221;, indic\u00f3 Harris, quien dijo que esperaba con ansias este viaje que se produce despu\u00e9s de varias reuniones de trabajo virtuales con los mandatarios de ambos pa\u00edses.<\/p>\n<p class=\"paragraph\">El presidente estadounidense, Joe Biden, encomend\u00f3 a Harris atender la creciente llegada de migrantes del Tri\u00e1ngulo Norte (Honduras, Guatemala y El Salvador) a la frontera entre su pa\u00eds y M\u00e9xico, enfoc\u00e1ndose en abordar las causas de ra\u00edz del \u00e9xodo masivo.<\/p>\n<p><span data-error=\"No dfp-path found.\"\/><\/p>\n<p class=\"paragraph\">Harris dijo que va a sostener una segunda reuni\u00f3n digital con el presidente de M\u00e9xico, Andr\u00e9s Manuel L\u00f3pez Obrador, esta semana.<\/p>\n<p class=\"paragraph\">La vicepresidenta se\u00f1al\u00f3 adem\u00e1s que est\u00e1 hablando con empresas sobre inversiones en la regi\u00f3n, como parte de una estrategia para prevenir que los migrantes abandonen sus pa\u00edses.<\/p>\n<p class=\"paragraph\">En respuesta a las cr\u00edticas por la situaci\u00f3n en la frontera -donde las detenciones de indocumentados alcanzaron un pico en 15 a\u00f1os en marzo- Harris respondi\u00f3 que si los desaf\u00edos que hay fueran &#8220;f\u00e1ciles&#8221; ya se habr\u00edan resuelto hace tiempo.<\/p>\n<p><span data-error=\"No dfp-path found.\"\/><\/p>\n<p class=\"paragraph\">&#8220;El trabajo que hacemos no se evidenciar\u00e1 de la noche a la ma\u00f1ana. Va a requerir una estrategia a largo plazo&#8221;, indic\u00f3.<\/p>\n<p class=\"paragraph\">Con respecto a la situaci\u00f3n en El Salvador, despu\u00e9s de que el martes Harris criticara la destituci\u00f3n de magistrados y se\u00f1alara que Estados Unidos &#8220;debe responder&#8221;, la alta funcionaria dijo este mi\u00e9rcoles que todav\u00eda est\u00e1n &#8220;considerando las opciones&#8221;.<\/p>\n<p><span data-error=\"No dfp-path found.\"\/><\/p>\n<p class=\"paragraph\">&#8220;Pero cuando miro cu\u00e1les son los desaf\u00edos que vienen desde el Tri\u00e1ngulo Norte, tenemos que considerar a El Salvador&#8221;, explic\u00f3.<\/p>\n<p class=\"paragraph\">an\/mls<\/p>\n<\/div>\n<p><script defer=\"\">!function(f,b,e,v,n,t,s) {if(f.fbq)return;n=f.fbq=function(){n.callMethod? n.callMethod.apply(n,arguments):n.queue.push(arguments)}; if(!f._fbq)f._fbq=n;n.push=n;n.loaded=!0;n.version='2.0'; n.queue=[];t=b.createElement(e);t.async=!0; t.src=v;s=b.getElementsByTagName(e)[0]; s.parentNode.insertBefore(t,s)}(window, document,'script', 'https:\/\/connect.facebook.net\/en_US\/fbevents.js'); fbq('init', '336383993555320'); fbq('track', 'PageView'); fbq('track', 'ViewContent');<\/script><br \/>\n<br \/><\/p>\n<p><em> &#8221; Fuentes www.infobae.com &#8221; <\/em><\/p>\n","protected":false},"excerpt":{"rendered":"<p>La vicepresidenta de Estados Unidos, Kamala Harris, adelant\u00f3 este mi\u00e9rcoles a periodistas que su viaje ya anunciado a M\u00e9xico y Guatemala -su primer desplazamiento internacional- se concretar\u00e1 el 7 y 8 de junio. &#8220;Actualmente el plan es que vaya a M\u00e9xico y Guatemala el 7 y 8 de junio&#8221;, indic\u00f3 Harris, quien dijo que esperaba [&hellip;]<\/p>\n","protected":false},"author":4,"featured_media":120974,"comment_status":"open","ping_status":"closed","sticky":false,"template":"","format":"standard","meta":{"om_disable_all_campaigns":false,"jnews-multi-image_gallery":[],"jnews_single_post":[],"jnews_primary_category":[],"jnews_social_meta":[],"footnotes":""},"categories":[40],"tags":[],"class_list":["post-122186","post","type-post","status-publish","format-standard","has-post-thumbnail","hentry","category-industria"],"_links":{"self":[{"href":"https:\/\/dimensionturistica.com\/es\/wp-json\/wp\/v2\/posts\/122186","targetHints":{"allow":["GET"]}}],"collection":[{"href":"https:\/\/dimensionturistica.com\/es\/wp-json\/wp\/v2\/posts"}],"about":[{"href":"https:\/\/dimensionturistica.com\/es\/wp-json\/wp\/v2\/types\/post"}],"author":[{"embeddable":true,"href":"https:\/\/dimensionturistica.com\/es\/wp-json\/wp\/v2\/users\/4"}],"replies":[{"embeddable":true,"href":"https:\/\/dimensionturistica.com\/es\/wp-json\/wp\/v2\/comments?post=122186"}],"version-history":[{"count":0,"href":"https:\/\/dimensionturistica.com\/es\/wp-json\/wp\/v2\/posts\/122186\/revisions"}],"wp:featuredmedia":[{"embeddable":true,"href":"https:\/\/dimensionturistica.com\/es\/wp-json\/wp\/v2\/media\/120974"}],"wp:attachment":[{"href":"https:\/\/dimensionturistica.com\/es\/wp-json\/wp\/v2\/media?parent=122186"}],"wp:term":[{"taxonomy":"category","embeddable":true,"href":"https:\/\/dimensionturistica.com\/es\/wp-json\/wp\/v2\/categories?post=122186"},{"taxonomy":"post_tag","embeddable":true,"href":"https:\/\/dimensionturistica.com\/es\/wp-json\/wp\/v2\/tags?post=122186"}],"curies":[{"name":"wp","href":"https:\/\/api.w.org\/{rel}","templated":true}]}}