{"id":122183,"date":"2021-05-05T22:24:57","date_gmt":"2021-05-05T22:24:57","guid":{"rendered":"https:\/\/dimensionturistica.com\/es\/?p=122183"},"modified":"2021-05-05T22:24:57","modified_gmt":"2021-05-05T22:24:57","slug":"11-millones-para-fomentar-los-viajes-entre-islas","status":"publish","type":"post","link":"https:\/\/dimensionturistica.com\/es\/11-millones-para-fomentar-los-viajes-entre-islas\/","title":{"rendered":"1\u20191 millones para fomentar los viajes entre islas"},"content":{"rendered":"<p> <br \/>\n<\/p>\n<div id=\"\">\n<p><img decoding=\"async\" itemprop=\"image\" src=\"https:\/\/www.lancelotdigital.com\/images\/2021\/05\/YAIZA.jpeg\"\/><\/p>\n<p>&#13;<\/p>\n<p><strong>La consejera de Turismo, Yaiza Castilla, asegura que las aerol\u00edneas est\u00e1n revisando al alza sus programaciones con Canarias a partir de mes de octubre<\/strong><\/p>\n<p>&#13;<br \/>\n &#13;<\/p>\n<p>\u00a0<\/p>\n<p>&#13;<\/p>\n<li class=\"texto\"><i class=\"fa fa-file-text-o\"\/>Lancelot Digital<\/li>\n<p>\u00a0&#13;<\/p>\n<p>\u00a0<\/p>\n<p>&#13;<\/p>\n<p>La Consejer\u00eda de Turismo, Industria y Comercio del Gobierno de Canarias realizar\u00e1 este a\u00f1o una inversi\u00f3n sin precedentes destinada a impulsar el turismo inside canario, un segmento al que destinar\u00e1 un presupuesto hist\u00f3rico de m\u00e1s de 1,1 millones de euros a trav\u00e9s de la empresa p\u00fablica Promotur Turismo de Islas Canarias. As\u00ed lo anunci\u00f3 esta ma\u00f1ana en comisi\u00f3n parlamentaria la consejera responsable del \u00e1rea, Yaiza Castilla, que explic\u00f3 que esta importante partida econ\u00f3mica &#8220;refleja la apuesta por un segmento que se pretende consolidar en los pr\u00f3ximos a\u00f1os&#8221;.<\/p>\n<p>&#13;<\/p>\n<p>\u00a0<\/p>\n<p>&#13;<\/p>\n<p>Castilla record\u00f3 que en esta \u00e9poca marcada por la pandemia, con las restricciones de movilidad todav\u00eda vigentes no s\u00f3lo en el territorio nacional, sino tambi\u00e9n en nuestros principales pa\u00edses emisores, &#8220;el turismo interior ha resultado esencial para aportar algo de alivio al sector tur\u00edstico&#8221;.<\/p>\n<p>&#13;<\/p>\n<p>\u00a0<\/p>\n<p>&#13;<\/p>\n<p>El a\u00f1o pasado, 757.729 residentes se alojaron en establecimientos tur\u00edsticos reglados de las Islas, un 55,8% menos que en 2019, siendo el mercado que menos cay\u00f3 en ese a\u00f1o. Adem\u00e1s, en el primer trimestre de 2021, 162.371 canarios pernoctaron en un lodge o apartamento del Archipi\u00e9lago, con una ca\u00edda m\u00e1s atenuada del 25,8%.<\/p>\n<p>&#13;<\/p>\n<p>\u00a0<\/p>\n<p>&#13;<\/p>\n<p>&#8220;Durante 2021 estamos llevando a cabo un plan de acci\u00f3n para estimular al segmento del turismo interno debido al papel que puede jugar en esta vuelta a la normalidad tur\u00edstica y en un contexto en el que el cliente apostar\u00e1 por viajes cercanos y confiables, as\u00ed como por el disfrute de sus vacaciones en un entorno conocido y sanitariamente seguro&#8221;, argument\u00f3 Castilla.<\/p>\n<p>&#13;<\/p>\n<p>\u00a0<\/p>\n<p>&#13;<\/p>\n<p>En Semana Santa, Promotur Turismo de Islas Canarias llev\u00f3 a cabo una campa\u00f1a de publicidad para impulsar la demanda de turismo interno con el eslogan &#8216;Pasi\u00f3n por tus Islas&#8217;. &#8220;Fue la primera parte de una estrategia que se incrementar\u00e1 presupuestariamente para fomentar los viajes dentro del Archipi\u00e9lago en la temporada de verano, pico de consumo tur\u00edstico para el residente canario&#8221;, afirm\u00f3 la consejera.<\/p>\n<p>&#13;<\/p>\n<p>\u00a0<\/p>\n<p>&#13;<\/p>\n<p>Entre las actuaciones se incluye el desarrollo de contenidos especializados para el p\u00fablico residente, fundamentalmente audiovisuales (fotograf\u00edas y v\u00eddeos). Esta iniciativa supone una completa novedad ya que este segmento tur\u00edstico siempre hab\u00eda sido abordado con contenidos gen\u00e9ricos de sol y playa de la marca Islas Canarias, a los que ahora se suman contenidos espec\u00edficos dise\u00f1ados en un registro publicitario m\u00e1s af\u00edn al cliente canario.<\/p>\n<p>&#13;<\/p>\n<p>\u00a0<\/p>\n<p>&#13;<\/p>\n<p>&#8220;Adem\u00e1s, completaremos la estrategia con actuaciones de &#8216;cobranding&#8217; con grandes marcas relevantes para el mercado canario, anunciantes afines al cliente potencial residente que amplifiquen los objetivos de la campa\u00f1a de verano, as\u00ed como acciones de activaci\u00f3n en las que se involucrar\u00e1 a diversos &#8216;influencers'&#8221;, concluy\u00f3 Castilla.<\/p>\n<p>&#13;<\/p>\n<p>\u00a0<\/p>\n<p>&#13;<\/p>\n<h2><span style=\"font-size: 12pt;\">La conectividad, al alza<\/span><\/h2>\n<p>&#13;<\/p>\n<p>\u00a0<\/p>\n<p>&#13;<\/p>\n<p>Durante la comisi\u00f3n parlamentaria, la consejera de Turismo tambi\u00e9n abord\u00f3 las medidas que se est\u00e1n tomando para garantizar la conectividad a\u00e9rea de cara al verano. &#8220;Los pron\u00f3sticos de las aerol\u00edneas cambian continuamente porque, aunque la vacunaci\u00f3n est\u00e1 ayudando, sin lugar a duda, el ritmo no es el que todos desear\u00edamos; adem\u00e1s, persisten muchas dudas en torno al virus, m\u00e1s a\u00fan ante nuevas mutaciones&#8221;, reconoci\u00f3 Castilla.<\/p>\n<p>&#13;<\/p>\n<p>\u00a0<\/p>\n<p>&#13;<\/p>\n<p>Con este panorama cargado de incertidumbre, &#8220;las compa\u00f1\u00edas a\u00e9reas recortan sus capacidades semana a semana para las operaciones m\u00e1s inmediatas y no se atreven a tocar las de m\u00e1s all\u00e1 de un mes y medio&#8221;, asegur\u00f3 la consejera. Ejemplo de ello es la constante revisi\u00f3n a la baja de las programaciones de las aerol\u00edneas para la temporada estival.<\/p>\n<p>&#13;<\/p>\n<p>\u00a0<\/p>\n<p>&#13;<\/p>\n<p>&#8220;Seguimos sin tener claro qu\u00e9 es lo que pasar\u00e1 este verano. El 1 de febrero figuraban 8,8 millones de plazas con Canarias para el periodo entre abril y octubre, mientras que a fecha de hoy hay para esos mismos meses hay 7,2 millones de asientos ofertados para venir a las Islas, una programaci\u00f3n todav\u00eda muy elevada, pues es un 72,4% de lo operado en 2019&#8221;, explic\u00f3 Castilla.<\/p>\n<p>&#13;<\/p>\n<p>\u00a0<\/p>\n<p>&#13;<\/p>\n<p>Mejores perspectivas hay de cara a la temporada de invierno, pues la consejera anunci\u00f3 que las aerol\u00edneas est\u00e1n revisando al alza las programaciones a partir de octubre, coincidiendo con la thought predominante de que a partir de ese mes ya existir\u00e1 un claro management de la pandemia y de la inmunidad de grupo.<\/p>\n<p>&#13;<\/p>\n<p>\u00a0<\/p>\n<p>&#13;<\/p>\n<p>\u00a0\t\t<\/p>\n<p>\t&#13;<\/p>\n<p>\u00a0<\/p>\n<p>&#13;<\/p>\n<p>De hecho, para diciembre ya hay anotada una oferta de casi 1,4 millones de plazas a\u00e9reas regulares desde la Pen\u00ednsula y el extranjero, 300.000 m\u00e1s que las que se anunciaron en su d\u00eda. Una oferta que, adem\u00e1s, est\u00e1 cerca de los casi 1,6 millones asientos regulares operados en el mismo mes de 2019.<\/p>\n<p>&#13;<\/p>\n<p>\u00a0<\/p>\n<p>&#13;<\/p>\n<p>\u00a0<\/p>\n<p>&#13;<\/p>\n<p>\u00a0<\/p>\n<p>&#13;<\/p>\n<p>&#8220;Previsiones de las compa\u00f1\u00edas a\u00e9reas al margen, nosotros seguimos incentivando la conectividad a\u00e9rea con los instrumentos que tenemos a nuestro alcance: el plan de incentivos a la conectividad a\u00e9rea, cuya segunda convocatoria se har\u00e1 p\u00fablica en breve por valor de 2,15 millones de euros con posibilidad de ampliaci\u00f3n, as\u00ed como acciones de &#8216;comarketing&#8217; con aerol\u00edneas y turoperadores con el objetivo com\u00fan de estimular la demanda hacia Canarias&#8221;, concluy\u00f3 la consejera.<\/p>\n<p>&#13;<\/p>\n<p>\u00a0<\/p>\n<p>&#13;<\/p>\n<p>\u00a0<\/p>\n<\/p><\/div>\n<p><script src=\"https:\/\/connect.facebook.net\/es_ES\/all.js#xfbml=1\" type=\"text\/javascript\"><\/script><script type=\"text\/javascript\">\n\/\/<![CDATA[\n   \twindow.fbAsyncInit = function() {\n\t\tFB.init({ appId: '171342606239806', \n\t\t\tstatus: true, \n\t\t\tcookie: true,\n\t\t\txfbml: true,\n\t\t\toauth: true\n\t\t});\n   \t\t    \n\t  \t\t};\n    \/\/      \n    jQuery(window).load(function() {\n    \t(function(){\n    \t\tif(!document.getElementById('fb-root')) {\n    \t\t\tvar root = document.createElement('div');\n    \t\t\troot.id = 'fb-root';\n    \t\t\tdocument.getElementById('gkfb-root').appendChild(root);\n    \t\t\tvar e = document.createElement('script');\n    \t\t\te.src = document.location.protocol + '\/\/connect.facebook.net\/es_ES\/all.js';\n    \t\t\te.async = true;\n    \t\t\tdocument.getElementById('fb-root').appendChild(e);\n    \t\t}  \n    \t})();\n    });\n    \/\/]]>\n<\/script><br \/>\n<br \/><\/p>\n<p><em> &#8221; Fuentes www.lancelotdigital.com &#8221; <\/em><\/p>\n","protected":false},"excerpt":{"rendered":"<p>&#13; La consejera de Turismo, Yaiza Castilla, asegura que las aerol\u00edneas est\u00e1n revisando al alza sus programaciones con Canarias a partir de mes de octubre &#13; &#13; \u00a0 &#13; Lancelot Digital \u00a0&#13; \u00a0 &#13; La Consejer\u00eda de Turismo, Industria y Comercio del Gobierno de Canarias realizar\u00e1 este a\u00f1o una inversi\u00f3n sin precedentes destinada a impulsar [&hellip;]<\/p>\n","protected":false},"author":4,"featured_media":122184,"comment_status":"open","ping_status":"closed","sticky":false,"template":"","format":"standard","meta":{"om_disable_all_campaigns":false,"jnews-multi-image_gallery":[],"jnews_single_post":[],"jnews_primary_category":[],"jnews_social_meta":[],"footnotes":""},"categories":[39],"tags":[946],"class_list":["post-122183","post","type-post","status-publish","format-standard","has-post-thumbnail","hentry","category-viajes","tag-lancelot-digital-noticias-lanzarote-diario-digital-periodico-canarias-sucesos-deportes-cultura-vida-social-opinion-semanario-revista"],"_links":{"self":[{"href":"https:\/\/dimensionturistica.com\/es\/wp-json\/wp\/v2\/posts\/122183","targetHints":{"allow":["GET"]}}],"collection":[{"href":"https:\/\/dimensionturistica.com\/es\/wp-json\/wp\/v2\/posts"}],"about":[{"href":"https:\/\/dimensionturistica.com\/es\/wp-json\/wp\/v2\/types\/post"}],"author":[{"embeddable":true,"href":"https:\/\/dimensionturistica.com\/es\/wp-json\/wp\/v2\/users\/4"}],"replies":[{"embeddable":true,"href":"https:\/\/dimensionturistica.com\/es\/wp-json\/wp\/v2\/comments?post=122183"}],"version-history":[{"count":0,"href":"https:\/\/dimensionturistica.com\/es\/wp-json\/wp\/v2\/posts\/122183\/revisions"}],"wp:featuredmedia":[{"embeddable":true,"href":"https:\/\/dimensionturistica.com\/es\/wp-json\/wp\/v2\/media\/122184"}],"wp:attachment":[{"href":"https:\/\/dimensionturistica.com\/es\/wp-json\/wp\/v2\/media?parent=122183"}],"wp:term":[{"taxonomy":"category","embeddable":true,"href":"https:\/\/dimensionturistica.com\/es\/wp-json\/wp\/v2\/categories?post=122183"},{"taxonomy":"post_tag","embeddable":true,"href":"https:\/\/dimensionturistica.com\/es\/wp-json\/wp\/v2\/tags?post=122183"}],"curies":[{"name":"wp","href":"https:\/\/api.w.org\/{rel}","templated":true}]}}