{"id":122148,"date":"2021-05-05T21:46:34","date_gmt":"2021-05-05T21:46:34","guid":{"rendered":"https:\/\/dimensionturistica.com\/es\/?p=122148"},"modified":"2021-05-05T21:46:35","modified_gmt":"2021-05-05T21:46:35","slug":"estrenan-primer-documental-sobre-la-odisea-de-peruanos-varados-en-cruceros-de-lujo-durante-la-pandemia-fotos-nczp-actualidad","status":"publish","type":"post","link":"https:\/\/dimensionturistica.com\/es\/estrenan-primer-documental-sobre-la-odisea-de-peruanos-varados-en-cruceros-de-lujo-durante-la-pandemia-fotos-nczp-actualidad\/","title":{"rendered":"Estrenan primer documental sobre la odisea de peruanos varados en cruceros de lujo durante la pandemia | FOTOS | NCZP | ACTUALIDAD"},"content":{"rendered":"<p> <br \/>\n<\/p>\n<div>\n<p><time datetime=\"2021-05-05T16:19:04-05:00\">Actualizado el 05\/05\/2021 04:19 p.m.<\/time><\/p>\n<\/div>\n<div id=\"contenedor\">\n<section>\n<p itemprop=\"description\" class=\"story-contents__font-paragraph \"><b>La pandemia de <\/b><a rel=\"nofollow noopener\" target=\"_blank\" itemprop=\"url\" href=\"https:\/\/elbocon.pe\/noticias\/coronavirus\/\"><b>coronavirus<\/b><\/a><b> tom\u00f3 por sorpresa a todo el mundo el a\u00f1o pasado, incluidos a los miles de peruanos que, en ese momento, trabajaban a bordo de cruceros de lujo por Bahamas, Barbados y las costas de Florida,<\/b><a rel=\"nofollow noopener\" target=\"_blank\" itemprop=\"url\" href=\"https:\/\/elbocon.pe\/noticias\/estados-unidos\/\"><b> Estados Unidos<\/b><\/a><b>. Obligados a permanecer sin tocar puerto por miedo al contagio, esos viajeros pasaron por incertidumbre y angustia por varias semanas hasta que por fin pudieron regresar a su pa\u00eds.. De esto se trata el primer documental que habla de la larga traves\u00eda de los tripulantes peruanos de crucero para regresar a casa: \u201cBurbujas en el mar. Varados en <\/b><a rel=\"nofollow noopener\" target=\"_blank\" itemprop=\"url\" href=\"https:\/\/elbocon.pe\/noticias\/pandemia\/\"><b>pandemia<\/b><\/a><b>\u201d. El estreno de este trabajo ser\u00e1 completamente gratuito y v\u00eda on-line el pr\u00f3ximo 8 de mayo.<\/b><\/p>\n<p itemprop=\"description\" class=\"story-contents__font-paragraph \">El filme es la \u00f3pera prima de <b>Rafael Ackerman<\/b>, joven realizador peruano que trabaj\u00f3 en nuestro pa\u00eds en el \u00e1rea de asistencia de direcci\u00f3n para casas realizadoras en el rubro de la publicidad. Luego de especializarse en direcci\u00f3n en <b>Buenos Aires<\/b>, en el a\u00f1o 2016 se aventur\u00f3 a trabajar en un crucero. Desde el primer d\u00eda que embarc\u00f3 tuvo la necesidad de contar c\u00f3mo es este mundo poco conocido para la mayor\u00eda de latinoamericanos. Es as\u00ed, que el largometraje surgi\u00f3 como un peque\u00f1o proyecto que pretende mostrar el lado humano e internacional de los tripulantes de crucero desde una perspectiva alejada de lo pol\u00edtico y comercial. Por lo cual el financiamiento y trabajo ha sido casi enteramente del director y productor.<\/p>\n<figure><picture><source data- media=\"(max-width: 360px)\" class=\"lazy\"\/><source data- media=\"(max-width: 639px)\" class=\"lazy\"\/><img src=\"https:\/\/dimensionturistica.com\/es\/wp-content\/uploads\/2021\/05\/Estrenan-primer-documental-sobre-la-odisea-de-peruanos-varados-en.jpeg\" alt=\"Documental \u201cBurbujas en el Mar. Varados en Pandemia\u201d de Rafael Ackerman.\" decoding=\"async\" class=\"lazy story-contents__image w-full o-cover\"\/><\/picture><figcaption class=\"story-contents__caption\">Documental \u201cBurbujas en el Mar. Varados en Pandemia\u201d de Rafael Ackerman.<!-- --> <\/figcaption><\/figure>\n<p itemprop=\"description\" class=\"story-contents__font-paragraph \">El filme fue realizado entre las aguas de <b>Bahamas, Barbados y las Costas de Florida<\/b>. Con la participaci\u00f3n de personas de diferentes nacionalidades como <b>China, Brasil, Argentina, Canad\u00e1, India, Isla Mauricio, Estados Unidos, Montenegro<\/b>, entre otros. Todos los tripulantes entrevistados son de diferentes edades, profesiones, realidades y maneras de ver el mundo; con el fin de obtener un punto de vista common sobre lo que fue para ellos el hecho de quedarse varados en plena pandemia.<\/p>\n<p itemprop=\"description\" class=\"story-contents__font-paragraph \">Por \u00faltimo, ante los problemas actuales que el director ha encontrado para distribuir su pel\u00edcula, ha visto que la plataforma digital es la mejor opci\u00f3n. Puesto que la thought de todo esto es dar a conocer este rubro que es tan sui g\u00e9neris para los peruanos.<\/p>\n<p itemprop=\"description\" class=\"story-contents__font-paragraph \">Todo el evento ser\u00e1 en la pink social de la pel\u00edcula: <a rel=\"nofollow noopener\" target=\"_blank\" itemprop=\"url\" href=\"https:\/\/www.facebook.com\/bubblesinthesea\/\">www.facebook.com\/bubblesinthesea<\/a>.<\/p>\n<p itemprop=\"description\" class=\"story-contents__font-paragraph \"><mark class=\"hl_yellow\"><b>VIDEO RECOMENDADO<\/b><\/mark><\/p>\n<div class=\"jwplayer-lazy \" id=\"botr_Yyf6kgu5_w1O3H0eK_div\"><img src=\"https:\/\/dimensionturistica.com\/es\/wp-content\/uploads\/2021\/05\/Estrenan-primer-documental-sobre-la-odisea-de-peruanos-varados-en.jpg\" alt=\"TROME | Paco Baz\u00e1n se vuelve tendencia por pol\u00e9mico mensaje contra las mascarillas: \u201cNo estoy loco\u201d\" decoding=\"async\" class=\"lazy \" style=\"width:100%\"\/><\/div><figcaption class=\"s-multimedia__caption \">TROME | Paco Baz\u00e1n se vuelve tendencia por pol\u00e9mico mensaje contra las mascarillas: \u201cNo estoy loco\u201d<\/figcaption><p itemprop=\"description\" class=\"story-contents__font-paragraph \"><mark class=\"hl_yellow\"><b>TE PUEDE INTERESAR<\/b><\/mark><\/p>\n<\/section>\n<\/div>\n\n<p><em> &#8221; Fuentes elbocon.pe &#8221; <\/em><\/p>\n","protected":false},"excerpt":{"rendered":"<p>Actualizado el 05\/05\/2021 04:19 p.m. La pandemia de coronavirus tom\u00f3 por sorpresa a todo el mundo el a\u00f1o pasado, incluidos a los miles de peruanos que, en ese momento, trabajaban a bordo de cruceros de lujo por Bahamas, Barbados y las costas de Florida, Estados Unidos. Obligados a permanecer sin tocar puerto por miedo al [&hellip;]<\/p>\n","protected":false},"author":4,"featured_media":122149,"comment_status":"open","ping_status":"closed","sticky":false,"template":"","format":"standard","meta":{"om_disable_all_campaigns":false,"jnews-multi-image_gallery":[],"jnews_single_post":[],"jnews_primary_category":[],"jnews_social_meta":[],"footnotes":""},"categories":[41],"tags":[55,626,23247],"class_list":["post-122148","post","type-post","status-publish","format-standard","has-post-thumbnail","hentry","category-cruceros","tag-coronavirus","tag-pandemia","tag-peruanos-varados"],"_links":{"self":[{"href":"https:\/\/dimensionturistica.com\/es\/wp-json\/wp\/v2\/posts\/122148","targetHints":{"allow":["GET"]}}],"collection":[{"href":"https:\/\/dimensionturistica.com\/es\/wp-json\/wp\/v2\/posts"}],"about":[{"href":"https:\/\/dimensionturistica.com\/es\/wp-json\/wp\/v2\/types\/post"}],"author":[{"embeddable":true,"href":"https:\/\/dimensionturistica.com\/es\/wp-json\/wp\/v2\/users\/4"}],"replies":[{"embeddable":true,"href":"https:\/\/dimensionturistica.com\/es\/wp-json\/wp\/v2\/comments?post=122148"}],"version-history":[{"count":0,"href":"https:\/\/dimensionturistica.com\/es\/wp-json\/wp\/v2\/posts\/122148\/revisions"}],"wp:featuredmedia":[{"embeddable":true,"href":"https:\/\/dimensionturistica.com\/es\/wp-json\/wp\/v2\/media\/122149"}],"wp:attachment":[{"href":"https:\/\/dimensionturistica.com\/es\/wp-json\/wp\/v2\/media?parent=122148"}],"wp:term":[{"taxonomy":"category","embeddable":true,"href":"https:\/\/dimensionturistica.com\/es\/wp-json\/wp\/v2\/categories?post=122148"},{"taxonomy":"post_tag","embeddable":true,"href":"https:\/\/dimensionturistica.com\/es\/wp-json\/wp\/v2\/tags?post=122148"}],"curies":[{"name":"wp","href":"https:\/\/api.w.org\/{rel}","templated":true}]}}