{"id":122097,"date":"2021-05-05T19:23:54","date_gmt":"2021-05-05T19:23:54","guid":{"rendered":"https:\/\/dimensionturistica.com\/es\/?p=122097"},"modified":"2021-05-05T19:23:54","modified_gmt":"2021-05-05T19:23:54","slug":"devaluacion-en-colombia-oportunidad-para-el-turismo-anato","status":"publish","type":"post","link":"https:\/\/dimensionturistica.com\/es\/devaluacion-en-colombia-oportunidad-para-el-turismo-anato\/","title":{"rendered":"Devaluaci\u00f3n en Colombia, oportunidad para el turismo: Anato"},"content":{"rendered":"<p> <br \/>\n<\/p>\n<div id=\"\">\n<h5 id=\"h-la-anato-asegura-que-esto-impulsar-a-al-turismo-extranjero-a-colombia\">La Anato asegura que esto impulsar\u00eda al turismo extranjero a Colombia<\/h5>\n<p>La Asociaci\u00f3n Colombiana de Agencias de Viajes (Anato) indic\u00f3 que la devaluaci\u00f3n del peso podr\u00eda incentivar el turismo en Colombia.<\/p>\n<p>Anunci\u00f3 que la devaluaci\u00f3n del peso colombiano est\u00e1 relacionada con las restricciones de viajes por Covid-19.<\/p>\n<p>Asimismo, seg\u00fan datos de la Anato, el peso colombiano es la tercera moneda m\u00e1s devaluada de Am\u00e9rica Latina.<\/p>\n<p>Paula Cort\u00e9s, presidenta ejecutiva de Anato, se\u00f1al\u00f3 que es una oportunidad para reactivar el turismo tras la pandemia.<\/p>\n<p>\u201cEsta es una oportunidad para incentivar la compra de paquetes tur\u00edsticos a mediano plazo. Hay que buscar alternativas\u201d, dijo a Infobae.<\/p>\n<p><a rel=\"nofollow noopener\" target=\"_blank\" href=\"https:\/\/periodicoviaje.com\/industria\/colombia-lanza-6-nuevas-regiones-para-reactivar-turismo\/\">Te puede interesar: Colombia lanza 6 nuevas regiones para reactivar turismo<\/a><\/p>\n<p>Entre enero y marzo de 2021, Colombia report\u00f3 la llegada de casi 200 mil viajeros internacionales, una ca\u00edda de 80 por ciento.<\/p>\n<p>Por lo que esperan que la fortaleza del d\u00f3lar motive a los turistas para reservar con miras al segundo semestre de este a\u00f1o.<\/p>\n<div class=\"wp-block-image\">\n<figure class=\"aligncenter size-large is-resized\"><img decoding=\"async\" loading=\"lazy\" alt=\"\" class=\"wp-image-47765 lazyload\" width=\"709\" height=\"471\" src=\"https:\/\/periodicoviaje.com\/wp-content\/uploads\/2020\/11\/cartagena-4138422_1280.jpg\"\/><figcaption>Cartagena, Colombia<\/figcaption><\/figure>\n<\/div>\n<p>Tambi\u00e9n hizo un llamado a las agencias y autoridades de Colombia para que se creen acciones para activar el turismo.<\/p>\n<p>\u201cSe deben crear estrategias para promover los viajes internacionales y dom\u00e9sticos y recuperar la confianza d ellos turistas\u201d, agreg\u00f3 Cort\u00e9s.<\/p>\n<p>De acuerdo con <a rel=\"nofollow noopener\" target=\"_blank\" href=\"https:\/\/procolombia.co\/\">Procolombia<\/a>, hasta la fecha el pa\u00eds recobr\u00f3 62 por ciento de la conectividad a\u00e9rea que ten\u00eda antes del Covid.<\/p>\n<p>De los casi 200 mil viajeros internacionales que visitaron Colombia este 2021, la mayor\u00eda provienen de M\u00e9xico y Estados Unidos.<\/p>\n<p>Por su parte, la OMT adelant\u00f3 que a partir de julio o septiembre, se incrementar\u00e1 hasta 35 por ciento el flujo de turismo internacional.<\/p>\n<style><![CDATA[#wpdevar_comment_1 span,#wpdevar_comment_1 iframe{width:100% !important;}]]><\/style>\n<\/p><\/div>\n<p><script>(function(d, s, id) {\n          var js, fjs = d.getElementsByTagName(s)[0];\n          if (d.getElementById(id)) return;\n          js = d.createElement(s); js.id = id;\n          js.src = \"https:\/\/connect.facebook.net\/es_ES\/sdk.js#xfbml=1&appId=336516854042462&version=v2.3\";\n          fjs.parentNode.insertBefore(js, fjs);\n        }(document, 'script', 'facebook-jssdk'));<\/script><br \/>\n<br \/><\/p>\n<p><em> &#8221; Fuentes periodicoviaje.com &#8221; <\/em><\/p>\n","protected":false},"excerpt":{"rendered":"<p>La Anato asegura que esto impulsar\u00eda al turismo extranjero a Colombia La Asociaci\u00f3n Colombiana de Agencias de Viajes (Anato) indic\u00f3 que la devaluaci\u00f3n del peso podr\u00eda incentivar el turismo en Colombia. Anunci\u00f3 que la devaluaci\u00f3n del peso colombiano est\u00e1 relacionada con las restricciones de viajes por Covid-19. Asimismo, seg\u00fan datos de la Anato, el peso [&hellip;]<\/p>\n","protected":false},"author":4,"featured_media":122098,"comment_status":"open","ping_status":"closed","sticky":false,"template":"","format":"standard","meta":{"om_disable_all_campaigns":false,"jnews-multi-image_gallery":[],"jnews_single_post":[],"jnews_primary_category":[],"jnews_social_meta":[],"footnotes":""},"categories":[40],"tags":[],"class_list":["post-122097","post","type-post","status-publish","format-standard","has-post-thumbnail","hentry","category-industria"],"_links":{"self":[{"href":"https:\/\/dimensionturistica.com\/es\/wp-json\/wp\/v2\/posts\/122097","targetHints":{"allow":["GET"]}}],"collection":[{"href":"https:\/\/dimensionturistica.com\/es\/wp-json\/wp\/v2\/posts"}],"about":[{"href":"https:\/\/dimensionturistica.com\/es\/wp-json\/wp\/v2\/types\/post"}],"author":[{"embeddable":true,"href":"https:\/\/dimensionturistica.com\/es\/wp-json\/wp\/v2\/users\/4"}],"replies":[{"embeddable":true,"href":"https:\/\/dimensionturistica.com\/es\/wp-json\/wp\/v2\/comments?post=122097"}],"version-history":[{"count":0,"href":"https:\/\/dimensionturistica.com\/es\/wp-json\/wp\/v2\/posts\/122097\/revisions"}],"wp:featuredmedia":[{"embeddable":true,"href":"https:\/\/dimensionturistica.com\/es\/wp-json\/wp\/v2\/media\/122098"}],"wp:attachment":[{"href":"https:\/\/dimensionturistica.com\/es\/wp-json\/wp\/v2\/media?parent=122097"}],"wp:term":[{"taxonomy":"category","embeddable":true,"href":"https:\/\/dimensionturistica.com\/es\/wp-json\/wp\/v2\/categories?post=122097"},{"taxonomy":"post_tag","embeddable":true,"href":"https:\/\/dimensionturistica.com\/es\/wp-json\/wp\/v2\/tags?post=122097"}],"curies":[{"name":"wp","href":"https:\/\/api.w.org\/{rel}","templated":true}]}}