{"id":122091,"date":"2021-05-05T19:11:02","date_gmt":"2021-05-05T19:11:02","guid":{"rendered":"https:\/\/dimensionturistica.com\/es\/?p=122091"},"modified":"2021-05-05T19:11:03","modified_gmt":"2021-05-05T19:11:03","slug":"alianza-entre-el-ministerio-del-interior-y-la-senatur-para-promover-la-seguridad-turistica","status":"publish","type":"post","link":"https:\/\/dimensionturistica.com\/es\/alianza-entre-el-ministerio-del-interior-y-la-senatur-para-promover-la-seguridad-turistica\/","title":{"rendered":"Alianza entre el Ministerio del Interior y la Senatur para promover la seguridad tur\u00edstica"},"content":{"rendered":"<p> <br \/>\n<\/p>\n<div>\n<div class=\"td-featured-image-rec\">\n<div class=\"td-post-featured-image\">\n<figure><a rel=\"nofollow noopener\" target=\"_blank\" href=\"https:\/\/www.ip.gov.py\/ip\/wp-content\/uploads\/2021\/05\/acuerdo-entre-el-Ministerio-del-Interior-y-Senatur.jpg\" data-caption=\"Los ministros mostrando el documento firmado. Foto Ministerio del Interior \"><img decoding=\"async\" width=\"696\" height=\"464\" class=\"entry-thumb td-modal-image\" src=\"https:\/\/www.ip.gov.py\/ip\/wp-content\/uploads\/2021\/05\/acuerdo-entre-el-Ministerio-del-Interior-y-Senatur-696x464.jpg\" srcset=\"https:\/\/www.ip.gov.py\/ip\/wp-content\/uploads\/2021\/05\/acuerdo-entre-el-Ministerio-del-Interior-y-Senatur-696x464.jpg 696w, https:\/\/www.ip.gov.py\/ip\/wp-content\/uploads\/2021\/05\/acuerdo-entre-el-Ministerio-del-Interior-y-Senatur-600x400.jpg 600w, https:\/\/www.ip.gov.py\/ip\/wp-content\/uploads\/2021\/05\/acuerdo-entre-el-Ministerio-del-Interior-y-Senatur-1024x682.jpg 1024w, https:\/\/www.ip.gov.py\/ip\/wp-content\/uploads\/2021\/05\/acuerdo-entre-el-Ministerio-del-Interior-y-Senatur-768x512.jpg 768w, https:\/\/www.ip.gov.py\/ip\/wp-content\/uploads\/2021\/05\/acuerdo-entre-el-Ministerio-del-Interior-y-Senatur-1068x712.jpg 1068w, https:\/\/www.ip.gov.py\/ip\/wp-content\/uploads\/2021\/05\/acuerdo-entre-el-Ministerio-del-Interior-y-Senatur-630x420.jpg 630w, https:\/\/www.ip.gov.py\/ip\/wp-content\/uploads\/2021\/05\/acuerdo-entre-el-Ministerio-del-Interior-y-Senatur.jpg 1280w\" sizes=\"(max-width: 696px) 100vw, 696px\" alt=\"\" title=\"acuerdo entre el Ministerio del Interior y Senatur\"\/><\/a><figcaption class=\"wp-caption-text\">Los ministros mostrando el documento firmado. Foto Ministerio del Inside <\/figcaption><\/figure>\n<\/div><\/div>\n<p style=\"text-align: justify;\"><strong><em>Asunci\u00f3n, Paraguay, Agencia IP.-<\/em><\/strong> La Secretar\u00eda Nacional de Turismo (Senatur) y el Ministerio del Inside firmaron un acuerdo para el desarrollo conjunto de acciones para promover la facilitaci\u00f3n y la seguridad tur\u00edstica, tanto para los paraguayos como extranjeros de visita en el pa\u00eds.<span id=\"more-364317\"\/><\/p>\n<p style=\"text-align: justify;\">El acuerdo fue rubricado este mi\u00e9rcoles por el ministro del Inside, Arnaldo Giuzzio y la ministra de Turismo, Sof\u00eda Montiel.<\/p>\n<p style=\"text-align: justify;\">\u201cEl turismo es y tiene que ser una de las m\u00e1s grandes apuestas a la que tenemos que apuntar luego de la pandemia, por eso iniciamos esta propuesta con ruta segura, y el siguiente paso creo que tiene que ser reactivar de vuelta la Polic\u00eda Tur\u00edstica, hacer que \u00e9sta sea una fuerza diferente, una fuerza amigable, un alivio para el turista paraguayo y extranjero\u201d, expres\u00f3 Giuzzio.<\/p>\n<p style=\"text-align: justify;\">Asimismo puntualiz\u00f3 que la Polic\u00eda Tur\u00edstica debe ser para el visitante su gu\u00eda, atenci\u00f3n, protecci\u00f3n y seguridad.<\/p>\n<p style=\"text-align: justify;\">\u201cNos gustar\u00eda iniciar campa\u00f1as de formaci\u00f3n en las fronteras, principalmente en los puntos que consideramos de acceso tur\u00edstico masivo e inclusive de turistas de compra, e ir readecuando los controles fronterizos que muchas veces son vistos como no muy amigables\u201d, asever\u00f3 el ministro del Inside.<\/p>\n<p style=\"text-align: justify;\">A su vez, la ministra Sof\u00eda Montiel explic\u00f3 que mediante dicha alianza, ambas instituciones reforzar\u00e1n las acciones para brindar la seguridad que necesita tanto el conciudadano que recorre su pa\u00eds como el visitante que llega a Paraguay.<\/p>\n<p style=\"text-align: justify;\">\u201cEste documento estrecha a\u00fan m\u00e1s nuestro esfuerzo como instituci\u00f3n, de seguir apostando por esta industria que genera tantos beneficios a las comunidades locales y comunidades rurales\u201d, enfatiz\u00f3 la ministra Sof\u00eda Montiel.<\/p>\n<p style=\"text-align: justify;\">El convenio tendr\u00e1 una duraci\u00f3n de cinco a\u00f1os, renovable por otro periodo seg\u00fan dispongan y resuelvan las partes, inform\u00f3 el Ministerio del Inside.<\/p>\n<\/p><\/div>\n\n<p><em> &#8221; Fuentes www.ip.gov.py &#8221; <\/em><\/p>\n","protected":false},"excerpt":{"rendered":"<p>Los ministros mostrando el documento firmado. Foto Ministerio del Inside Asunci\u00f3n, Paraguay, Agencia IP.- La Secretar\u00eda Nacional de Turismo (Senatur) y el Ministerio del Inside firmaron un acuerdo para el desarrollo conjunto de acciones para promover la facilitaci\u00f3n y la seguridad tur\u00edstica, tanto para los paraguayos como extranjeros de visita en el pa\u00eds. El acuerdo [&hellip;]<\/p>\n","protected":false},"author":4,"featured_media":122092,"comment_status":"open","ping_status":"closed","sticky":false,"template":"","format":"standard","meta":{"om_disable_all_campaigns":false,"jnews-multi-image_gallery":[],"jnews_single_post":[],"jnews_primary_category":[],"jnews_social_meta":[],"footnotes":""},"categories":[40],"tags":[],"class_list":["post-122091","post","type-post","status-publish","format-standard","has-post-thumbnail","hentry","category-industria"],"_links":{"self":[{"href":"https:\/\/dimensionturistica.com\/es\/wp-json\/wp\/v2\/posts\/122091","targetHints":{"allow":["GET"]}}],"collection":[{"href":"https:\/\/dimensionturistica.com\/es\/wp-json\/wp\/v2\/posts"}],"about":[{"href":"https:\/\/dimensionturistica.com\/es\/wp-json\/wp\/v2\/types\/post"}],"author":[{"embeddable":true,"href":"https:\/\/dimensionturistica.com\/es\/wp-json\/wp\/v2\/users\/4"}],"replies":[{"embeddable":true,"href":"https:\/\/dimensionturistica.com\/es\/wp-json\/wp\/v2\/comments?post=122091"}],"version-history":[{"count":0,"href":"https:\/\/dimensionturistica.com\/es\/wp-json\/wp\/v2\/posts\/122091\/revisions"}],"wp:featuredmedia":[{"embeddable":true,"href":"https:\/\/dimensionturistica.com\/es\/wp-json\/wp\/v2\/media\/122092"}],"wp:attachment":[{"href":"https:\/\/dimensionturistica.com\/es\/wp-json\/wp\/v2\/media?parent=122091"}],"wp:term":[{"taxonomy":"category","embeddable":true,"href":"https:\/\/dimensionturistica.com\/es\/wp-json\/wp\/v2\/categories?post=122091"},{"taxonomy":"post_tag","embeddable":true,"href":"https:\/\/dimensionturistica.com\/es\/wp-json\/wp\/v2\/tags?post=122091"}],"curies":[{"name":"wp","href":"https:\/\/api.w.org\/{rel}","templated":true}]}}