{"id":122086,"date":"2021-05-05T18:56:49","date_gmt":"2021-05-05T18:56:49","guid":{"rendered":"https:\/\/dimensionturistica.com\/es\/?p=122086"},"modified":"2021-05-05T18:56:49","modified_gmt":"2021-05-05T18:56:49","slug":"eu-donde-mas-buscan-viajar-a-traves-de-agencias-veracruzanas-diario-de-xalapa","status":"publish","type":"post","link":"https:\/\/dimensionturistica.com\/es\/eu-donde-mas-buscan-viajar-a-traves-de-agencias-veracruzanas-diario-de-xalapa\/","title":{"rendered":"EU, donde m\u00e1s buscan viajar a trav\u00e9s de agencias veracruzanas &#8211; Diario de Xalapa"},"content":{"rendered":"<p> <br \/>\n<\/p>\n<div id=\"content-body-5851641-6676694\">\n<p>C\u00f3rdoba, Ver.- Pese a que se siguen pidiendo las pruebas Covid-19 negativo, las<b> agencias de viajes empiezan a ver m\u00e1s movimiento de viajes al extranjero, principalmente a Estados Unidos,<\/b> manifest\u00f3 <b>Daniel Segura<\/b>, empleado de la agencia de viajes \u201cSotelo\u201d de C\u00f3rdoba.<\/p>\n<p>Fue a partir de finales de febrero que se empez\u00f3 a notar \u201cmovimiento\u201d en las agencias de viajes dedicadas a lo nacional e internacional y pese a que no todos los destinos est\u00e1n abriendo, como en el caso de Europa, otros m\u00e1s como Estados Unidos han tenido visitas mexicanas, \u201c<i>ahorita ya hay m\u00e1s apertura para ir a Estados Unidos, Per\u00fa; en general pa\u00edses del sur y zonas del Caribe<\/i>\u201d.<\/p>\n<p>Record\u00f3 que<b> las pruebas de ant\u00edgenos o de PSR se siguen pidiendo en las agencias de vuelo <\/b>como requisito para viajar y, al momento de llegar al destino, se realiza otra prueba, adem\u00e1s de la cuarentena a las personas que llegan.<\/p>\n<p>Cuestionada sobre los viajes en temporada de Semana Santa, Daniela Segura manifest\u00f3 que la playa fue el destino m\u00e1s solicitado, como Canc\u00fan y Los Cabos entre las familias que salieron.<\/p>\n<p>Afirm\u00f3 que la gente est\u00e1 saliendo de viaje, pues ya un a\u00f1o de la pandemia de Covid-19 se busca una distracci\u00f3n sana y en familia, <i>\u201cla gente sigue saliendo, tratando de respetar las medidas de Covid-19, pues las aerol\u00edneas s\u00ed tiene protocolos de salud y las terminales tambi\u00e9n\u201d.<\/i><\/p>\n<p>Por otro lado, dijo que las excursiones dentro de la agencia para la que labora no est\u00e1n permitidas, por lo que se enfocan ahora en los viajes en el inside y fuera del pa\u00eds.<\/p>\n<p><b>Finalmente coment\u00f3 que esperan que la situaci\u00f3n mejore para finales de este a\u00f1o<\/b> y principios del 2022, pues con la llegada de la vacuna y la aplicaci\u00f3n de la dosis a las personas m\u00e1s vulnerables se ayudar\u00e1 a una mejor movilidad y ganancias para el sector tur\u00edstico y de viajes.<\/p>\n<\/div>\n<p><script>(function(d, s, id) {\nvar js, fjs = d.getElementsByTagName(s)[0];\nif (d.getElementById(id)) return;\njs = d.createElement(s); js.id = id;\njs.src=\"https:\/\/connect.facebook.net\/es_LA\/sdk.js#xfbml=1&version=v3.2&appId=172354310047952&autoLogAppEvents=1\";\nfjs.parentNode.insertBefore(js, fjs);\n}(document, 'script', 'facebook-jssdk'));\n<\/script><br \/>\n<br \/><\/p>\n<p><em> &#8221; Fuentes www.diariodexalapa.com.mx &#8221; <\/em><\/p>\n","protected":false},"excerpt":{"rendered":"<p>C\u00f3rdoba, Ver.- Pese a que se siguen pidiendo las pruebas Covid-19 negativo, las agencias de viajes empiezan a ver m\u00e1s movimiento de viajes al extranjero, principalmente a Estados Unidos, manifest\u00f3 Daniel Segura, empleado de la agencia de viajes \u201cSotelo\u201d de C\u00f3rdoba. Fue a partir de finales de febrero que se empez\u00f3 a notar \u201cmovimiento\u201d en [&hellip;]<\/p>\n","protected":false},"author":4,"featured_media":121667,"comment_status":"open","ping_status":"closed","sticky":false,"template":"","format":"standard","meta":{"om_disable_all_campaigns":false,"jnews-multi-image_gallery":[],"jnews_single_post":[],"jnews_primary_category":[],"jnews_social_meta":[],"footnotes":""},"categories":[39],"tags":[569,558],"class_list":["post-122086","post","type-post","status-publish","format-standard","has-post-thumbnail","hentry","category-viajes","tag-agencias-de-viajes","tag-cordoba"],"_links":{"self":[{"href":"https:\/\/dimensionturistica.com\/es\/wp-json\/wp\/v2\/posts\/122086","targetHints":{"allow":["GET"]}}],"collection":[{"href":"https:\/\/dimensionturistica.com\/es\/wp-json\/wp\/v2\/posts"}],"about":[{"href":"https:\/\/dimensionturistica.com\/es\/wp-json\/wp\/v2\/types\/post"}],"author":[{"embeddable":true,"href":"https:\/\/dimensionturistica.com\/es\/wp-json\/wp\/v2\/users\/4"}],"replies":[{"embeddable":true,"href":"https:\/\/dimensionturistica.com\/es\/wp-json\/wp\/v2\/comments?post=122086"}],"version-history":[{"count":0,"href":"https:\/\/dimensionturistica.com\/es\/wp-json\/wp\/v2\/posts\/122086\/revisions"}],"wp:featuredmedia":[{"embeddable":true,"href":"https:\/\/dimensionturistica.com\/es\/wp-json\/wp\/v2\/media\/121667"}],"wp:attachment":[{"href":"https:\/\/dimensionturistica.com\/es\/wp-json\/wp\/v2\/media?parent=122086"}],"wp:term":[{"taxonomy":"category","embeddable":true,"href":"https:\/\/dimensionturistica.com\/es\/wp-json\/wp\/v2\/categories?post=122086"},{"taxonomy":"post_tag","embeddable":true,"href":"https:\/\/dimensionturistica.com\/es\/wp-json\/wp\/v2\/tags?post=122086"}],"curies":[{"name":"wp","href":"https:\/\/api.w.org\/{rel}","templated":true}]}}