{"id":122050,"date":"2021-05-05T17:58:03","date_gmt":"2021-05-05T17:58:03","guid":{"rendered":"https:\/\/dimensionturistica.com\/es\/?p=122050"},"modified":"2021-05-05T17:58:03","modified_gmt":"2021-05-05T17:58:03","slug":"castelli-propone-crear-la-mesa-para-la-reactivacion-de-la-actividad-turistica-de-la-provincia-politica-noticiasnqn","status":"publish","type":"post","link":"https:\/\/dimensionturistica.com\/es\/castelli-propone-crear-la-mesa-para-la-reactivacion-de-la-actividad-turistica-de-la-provincia-politica-noticiasnqn\/","title":{"rendered":"Castelli propone crear la Mesa para la Reactivaci\u00f3n de la Actividad Tur\u00edstica de la provincia &#8211; Politica | NoticiasNQN"},"content":{"rendered":"<p> <br \/>\n<\/p>\n<div id=\"\">\n<p>\n                Castelli propone crear la Mesa para la Reactivaci\u00f3n de la Actividad Tur\u00edstica de la provincia            <\/p>\n<p>Neuquen. -En la 7ma sesi\u00f3n ordinaria que se llev\u00f3 a cabo en la Legislatura neuquina, tom\u00f3 estado parlamentario el proyecto de ley que present\u00f3 el diputado, Lucas Castelli, para crear la Mesa para la Reactivaci\u00f3n de la Actividad Tur\u00edstica de la provincia. <br \/><mark>El diputado se\u00f1al\u00f3 que &#8220;esta iniciativa busca involucrar a todos los actores que tienen vinculaci\u00f3n directa o indirectamente con el sector tur\u00edstico&#8221;, y detall\u00f3 que &#8220;se conformar\u00e1 hasta el 31 de diciembre pero el ejecutivo podr\u00e1 prorrogarla si persiste la crisis del sector&#8221;.<\/mark><br \/>El diputado indic\u00f3 que &#8220;se deber\u00e1 presentar un plan de reconstrucci\u00f3n incluyendo un paquete de medidas econ\u00f3micas, impositivas, tributarias, laborales, herramientas de incentivo, as\u00ed como programas que promuevan el turismo de cercan\u00eda e interno, entre otras&#8221;.<br \/>La mesa estar\u00e1 integrada por un representante del Ministerio de Producci\u00f3n e Industria; del Ministerio de Econom\u00eda e Infraestructura y del Ministerio de Desarrollo y Trabajo. <mark>Adem\u00e1s deber\u00e1n participar tambi\u00e9n representantes de la Asociaci\u00f3n Empresaria Hotelera y Gastron\u00f3mica de Neuqu\u00e9n, de la Federaci\u00f3n Empresaria de Turismo de Neuqu\u00e9n, de la Asociaci\u00f3n de Agencias de Viajes del Alto Valle, de la C\u00e1mara de Turismo y Comercio de localidades tur\u00edsticas de la provincia, e intendentes de municipios tur\u00edsticos y representantes de la comisi\u00f3n de \u201cAsuntos Municipales, Turismo y Transporte\u201d de la Legislatura de Neuqu\u00e9n.<\/mark><br \/>&#8220;El turismo es considerado una de las fuentes de mayor ingreso en nuestro pa\u00eds y si bien se tomaron medidas que contemplaron la situaci\u00f3n que atraves\u00f3 el sector, no alcanzaron&#8221;, explic\u00f3. En este sentido, &#8220;el proyecto prev\u00e9 que se suspenda la judicializaci\u00f3n de las deudas contra\u00eddas durante el a\u00f1o 2020, en cuanto a juicios de ejecuci\u00f3n fiscal y medidas preventivas para el cobro de los impuestos provinciales adeudados, como tambi\u00e9n los procesos judiciales iniciados&#8221;.<br \/>&#8220;La situaci\u00f3n es alarmante en el turismo de nuestra provincia producto de la paralizaci\u00f3n por la pandemia y las restricciones implementadas, y ante la incertidumbre, <mark>es imprescindible trabajar en espacios de participaci\u00f3n que adem\u00e1s, propongan medidas que contribuyan a la recuperaci\u00f3n econ\u00f3mica de manera consensuada&#8221;<\/mark>, cerr\u00f3.<\/p>\n<p>Cabe destacar que los beneficios que se establezcan, alcanzan a quienes cuya actividad principal est\u00e9 comprendida en el Registro Provincial de Actividades Tur\u00edsticas creado por Ley provincial 2414.<\/p>\n<\/p><\/div>\n<p><script>\n        (function (d, s, id, twid) {\n        var js, fjs = d.getElementsByTagName(s)[0];\n        \/\/ fb + common\n        if (!d.getElementById(id)) {\n            js = d.createElement(s);\n            js.id = id;\n            js.src = \"https:\/\/connect.facebook.net\/es_LA\/sdk.js#xfbml=1&version=v2.9&appId=441030336249520\";\n            fjs.parentNode.insertBefore(js, fjs);\n        }\n        \/\/ +1\n        js = d.createElement(s);\n        js.src=\"https:\/\/apis.google.com\/js\/plusone.js\";\n        fjs.parentNode.insertBefore(js, fjs);\n        \/\/ tweet\n        if (!d.getElementById(twid)) {\n            js = d.createElement(s);\n            js.id = twid;\n            js.src=\"https:\/\/platform.twitter.com\/widgets.js\";\n            fjs.parentNode.insertBefore(js, fjs);\n        }\n    }(document, 'script', 'facebook-jssdk', 'twitter-wjs'));\n<\/script><br \/>\n<br \/><\/p>\n<p><em> &#8221; Fuentes noticiasnqn.com.ar &#8221; <\/em><\/p>\n","protected":false},"excerpt":{"rendered":"<p>Castelli propone crear la Mesa para la Reactivaci\u00f3n de la Actividad Tur\u00edstica de la provincia Neuquen. -En la 7ma sesi\u00f3n ordinaria que se llev\u00f3 a cabo en la Legislatura neuquina, tom\u00f3 estado parlamentario el proyecto de ley que present\u00f3 el diputado, Lucas Castelli, para crear la Mesa para la Reactivaci\u00f3n de la Actividad Tur\u00edstica de [&hellip;]<\/p>\n","protected":false},"author":4,"featured_media":122051,"comment_status":"open","ping_status":"closed","sticky":false,"template":"","format":"standard","meta":{"om_disable_all_campaigns":false,"jnews-multi-image_gallery":[],"jnews_single_post":[],"jnews_primary_category":[],"jnews_social_meta":[],"footnotes":""},"categories":[40],"tags":[],"class_list":["post-122050","post","type-post","status-publish","format-standard","has-post-thumbnail","hentry","category-industria"],"_links":{"self":[{"href":"https:\/\/dimensionturistica.com\/es\/wp-json\/wp\/v2\/posts\/122050","targetHints":{"allow":["GET"]}}],"collection":[{"href":"https:\/\/dimensionturistica.com\/es\/wp-json\/wp\/v2\/posts"}],"about":[{"href":"https:\/\/dimensionturistica.com\/es\/wp-json\/wp\/v2\/types\/post"}],"author":[{"embeddable":true,"href":"https:\/\/dimensionturistica.com\/es\/wp-json\/wp\/v2\/users\/4"}],"replies":[{"embeddable":true,"href":"https:\/\/dimensionturistica.com\/es\/wp-json\/wp\/v2\/comments?post=122050"}],"version-history":[{"count":0,"href":"https:\/\/dimensionturistica.com\/es\/wp-json\/wp\/v2\/posts\/122050\/revisions"}],"wp:featuredmedia":[{"embeddable":true,"href":"https:\/\/dimensionturistica.com\/es\/wp-json\/wp\/v2\/media\/122051"}],"wp:attachment":[{"href":"https:\/\/dimensionturistica.com\/es\/wp-json\/wp\/v2\/media?parent=122050"}],"wp:term":[{"taxonomy":"category","embeddable":true,"href":"https:\/\/dimensionturistica.com\/es\/wp-json\/wp\/v2\/categories?post=122050"},{"taxonomy":"post_tag","embeddable":true,"href":"https:\/\/dimensionturistica.com\/es\/wp-json\/wp\/v2\/tags?post=122050"}],"curies":[{"name":"wp","href":"https:\/\/api.w.org\/{rel}","templated":true}]}}