{"id":122032,"date":"2021-05-05T17:40:47","date_gmt":"2021-05-05T17:40:47","guid":{"rendered":"https:\/\/dimensionturistica.com\/es\/?p=122032"},"modified":"2021-05-05T17:40:47","modified_gmt":"2021-05-05T17:40:47","slug":"la-provincia-extendio-los-beneficios-fiscales-al-sector-turistico","status":"publish","type":"post","link":"https:\/\/dimensionturistica.com\/es\/la-provincia-extendio-los-beneficios-fiscales-al-sector-turistico\/","title":{"rendered":"La Provincia extendi\u00f3 los beneficios fiscales al sector tur\u00edstico"},"content":{"rendered":"<p> <br \/>\n<\/p>\n<div>\n<p>            <img decoding=\"async\" alt=\"Turismo-5\" class=\"img-responsive\" height=\"789\" loading=\"lazy\" sizes=\"auto\" src=\"https:\/\/lmdiario.com.ar\/download\/multimedia.normal.81283d3478066d51.54757269736d6f2d355f6e6f726d616c2e6a706567.jpeg\" srcset=\"https:\/\/lmdiario.com.ar\/download\/multimedia.normal.81283d3478066d51.54757269736d6f2d355f6e6f726d616c2e6a706567.jpeg 1000w, https:\/\/lmdiario.com.ar\/download\/multimedia.miniatura.a41e0c14319f67b1.54757269736d6f2d355f6d696e6961747572612e6a706567.jpeg 380w\" width=\"1000\"\/><\/p>\n<p>\n                    <span>En el encuentro se anunciaron nuevos beneficios destinados a impulsar la actividad en el contexto de la pandemia. <\/span><br \/>\n                    <span>Foto: prensa Provincia de C\u00f3rdoba<\/span>\n                <\/p>\n<\/p><\/div>\n<div>\n<p><strong>El presidente de la Agencia C\u00f3rdoba Turismo, Esteban Avil\u00e9s, \u00a0junto a la secretaria de Prevenci\u00f3n y Promoci\u00f3n de la Salud, Gabriela Barb\u00e1s; y la subsecretaria de Coordinaci\u00f3n, Lucila Pautasso<\/strong>, llevaron adelante una<strong> reuni\u00f3n de trabajo con las distintas c\u00e1maras empresarias que nuclean al sector tur\u00edstico de la provincia.<\/strong><\/p>\n<p>En el encuentro<strong> se anunciaron nuevos beneficios destinados a impulsar la actividad en el contexto de la pandemia.<\/strong> Las medidas son producto del <strong>trabajo conjunto entre el Gobierno de C\u00f3rdoba, a trav\u00e9s de la Agencia C\u00f3rdoba Turismo, y representantes de los sectores vinculados al turismo, c\u00e1maras y asociaciones.<\/strong><\/p>\n<p><strong>Impuestos Patrimoniales (Inmobiliario y Automotor): <\/strong>Pr\u00f3rroga del diferimiento de cuotas marzo 2020 hasta enero 2021 al 30 de septiembre de 2021. Para las actividades de Servicios de Hoteles y\/o Alojamientos, Servicios de Turismo en Normal (Servicios mayoristas y\/o minoristas de Agencias de Viajes, Servicios de Turismo Aventura, Servicios complementarios de Apoyo Tur\u00edstico).<\/p>\n<p><strong>Ingresos Brutos: <\/strong>Exenci\u00f3n de agosto 2020 a agosto 2021 de las actividades de hospedaje\/alojamiento.<\/p>\n<p><strong>Ingresos Brutos:<\/strong> Extensi\u00f3n de la exenci\u00f3n a agosto 2021 para el Transporte Tur\u00edstico de Pasajeros y los Servicios de Turismo en Normal (Servicios mayoristas y\/o minoristas de Agencias de Viajes, Servicios de Turismo Aventura, Servicios complementarios de Apoyo Tur\u00edstico).<\/p>\n<p><strong>Inmobiliario:<\/strong> Exenci\u00f3n cuotas del 1 a 7\/2021 para las actividades de Servicios de Hoteles y\/o Alojamiento, Servicios de Turismo en Normal (Servicios mayoristas y\/o minoristas de Agencias de Viajes, Servicios de Turismo Aventura, Servicios complementarios de Apoyo Tur\u00edstico).<\/p>\n<p><strong>Impuesto Automotor:<\/strong> Diferimiento de las cuotas 1\/2021 a 3\/2021 al 30 de septiembre. Exenci\u00f3n cuotas 4\/21 a 7\/21 para el Transporte Tur\u00edstico de Pasajeros.<\/p>\n<p>Con respecto a estos anuncios, Avil\u00e9s manifest\u00f3: \u201cEsto es el resultado del trabajo que venimos haciendo hace meses, y hoy estamos todas las partes para seguir fortaleciendo al sector tan golpeado por este contexto. Agradezco la participaci\u00f3n activa de las c\u00e1maras, asociaciones y colectivos representantes.\u201d<\/p>\n<p>El funcionario agreg\u00f3: \u201c<strong>Las restricciones actuales nos dan la \u00a0posibilidad de trabajar, tenemos como objetivo profundizar los cuidados. <\/strong>El desaf\u00edo es ser responsables, debemos seguir con los esquemas de los lugares abiertos y los controles\u201d.<\/p>\n<p>Por su parte, Barb\u00e1s sostuvo: <strong>\u201cHoy m\u00e1s que nunca debemos ser insistentes en los protocolos, el distanciamiento, en el cumplimiento de los aforos.<\/strong> Parece una obviedad, pero tambi\u00e9n debemos seguir recomendando el uso de barbijo y los cuidados. La responsabilidad social individual debe ser tenida en cuenta. Es muy importante el trabajo de todos los sectores\u201d .<\/p>\n<p>Del evento tambi\u00e9n participaron el vicepresidente de la Agencia C\u00f3rdoba Turismo, Federico Alesandri; el directorio completo de ese organismo; representantes de la Federaci\u00f3n Empresaria Hotelera Gastron\u00f3mica de la Rep\u00fablica Argentina (FEHGRA); la Asociaci\u00f3n de Hoteles de Turismo de la Rep\u00fablica Argentina (AHT); Asociaci\u00f3n Hotelera Gastron\u00f3mica (ASHOGA); Asociaci\u00f3n Cordobesa de Agencias de Viaje (ACAV); la C\u00e1mara Argentina de Turismo C\u00f3rdoba (CAT); C\u00e1mara de Turismo Rural; C\u00e1mara de Hostels; C\u00e1mara de Bodegas; distintas c\u00e1maras de comercios de la provincia; C\u00f3rdoba Bureau; Operadores Receptivos C\u00f3rdoba (ORC); Gu\u00edas de C\u00f3rdoba, entre otros referentes.<\/p>\n<\/p><\/div>\n<p><script async defer crossorigin=\"anonymous\" src=\"https:\/\/connect.facebook.net\/es_LA\/sdk.js#xfbml=1&#038;version=v6.0&#038;autoLogAppEvents=1&#038;appId=\"><\/script><br \/>\n<br \/><\/p>\n<p><em> &#8221; Fuentes lmdiario.com.ar &#8221; <\/em><\/p>\n","protected":false},"excerpt":{"rendered":"<p>En el encuentro se anunciaron nuevos beneficios destinados a impulsar la actividad en el contexto de la pandemia. Foto: prensa Provincia de C\u00f3rdoba El presidente de la Agencia C\u00f3rdoba Turismo, Esteban Avil\u00e9s, \u00a0junto a la secretaria de Prevenci\u00f3n y Promoci\u00f3n de la Salud, Gabriela Barb\u00e1s; y la subsecretaria de Coordinaci\u00f3n, Lucila Pautasso, llevaron adelante una [&hellip;]<\/p>\n","protected":false},"author":4,"featured_media":122033,"comment_status":"open","ping_status":"closed","sticky":false,"template":"","format":"standard","meta":{"om_disable_all_campaigns":false,"jnews-multi-image_gallery":[],"jnews_single_post":[],"jnews_primary_category":[],"jnews_social_meta":[],"footnotes":""},"categories":[40],"tags":[],"class_list":["post-122032","post","type-post","status-publish","format-standard","has-post-thumbnail","hentry","category-industria"],"_links":{"self":[{"href":"https:\/\/dimensionturistica.com\/es\/wp-json\/wp\/v2\/posts\/122032","targetHints":{"allow":["GET"]}}],"collection":[{"href":"https:\/\/dimensionturistica.com\/es\/wp-json\/wp\/v2\/posts"}],"about":[{"href":"https:\/\/dimensionturistica.com\/es\/wp-json\/wp\/v2\/types\/post"}],"author":[{"embeddable":true,"href":"https:\/\/dimensionturistica.com\/es\/wp-json\/wp\/v2\/users\/4"}],"replies":[{"embeddable":true,"href":"https:\/\/dimensionturistica.com\/es\/wp-json\/wp\/v2\/comments?post=122032"}],"version-history":[{"count":0,"href":"https:\/\/dimensionturistica.com\/es\/wp-json\/wp\/v2\/posts\/122032\/revisions"}],"wp:featuredmedia":[{"embeddable":true,"href":"https:\/\/dimensionturistica.com\/es\/wp-json\/wp\/v2\/media\/122033"}],"wp:attachment":[{"href":"https:\/\/dimensionturistica.com\/es\/wp-json\/wp\/v2\/media?parent=122032"}],"wp:term":[{"taxonomy":"category","embeddable":true,"href":"https:\/\/dimensionturistica.com\/es\/wp-json\/wp\/v2\/categories?post=122032"},{"taxonomy":"post_tag","embeddable":true,"href":"https:\/\/dimensionturistica.com\/es\/wp-json\/wp\/v2\/tags?post=122032"}],"curies":[{"name":"wp","href":"https:\/\/api.w.org\/{rel}","templated":true}]}}