{"id":121997,"date":"2021-05-05T17:13:39","date_gmt":"2021-05-05T17:13:39","guid":{"rendered":"https:\/\/dimensionturistica.com\/es\/?p=121997"},"modified":"2021-05-05T17:13:40","modified_gmt":"2021-05-05T17:13:40","slug":"se-cumplen-60-anos-del-primer-vuelo-al-espacio-de-un-astronauta-de-ee-uu","status":"publish","type":"post","link":"https:\/\/dimensionturistica.com\/es\/se-cumplen-60-anos-del-primer-vuelo-al-espacio-de-un-astronauta-de-ee-uu\/","title":{"rendered":"Se cumplen 60 a\u00f1os del primer vuelo al espacio de un astronauta de EE.UU."},"content":{"rendered":"<p> <br \/>\n<\/p>\n<div>\n<div class=\"visual__image  image_container\"><img decoding=\"async\" alt=\"El astronauta estadounidense Alan B. Shepard coloca la bandera de Estados Unidos sobre la superficie de la Luna, el 5 de febrero de 1971. EFE\/Archivo&#13;&#10;\" height=\"1760\" width=\"2184\" src=\"https:\/\/www.infobae.com\/new-resizer\/rLTj_4taaG3q33xtvZp8oTvR7aI=\/420x315\/filters:format(jpg):quality(85)\/cloudfront-us-east-1.images.arcpublishing.com\/infobae\/43O6RZGOJBGNPJPCFME4TWO4AA.jpg\" srcset=\"https:\/\/www.infobae.com\/new-resizer\/rLTj_4taaG3q33xtvZp8oTvR7aI=\/420x315\/filters:format(jpg):quality(85)\/cloudfront-us-east-1.images.arcpublishing.com\/infobae\/43O6RZGOJBGNPJPCFME4TWO4AA.jpg 420w,https:\/\/www.infobae.com\/new-resizer\/jfkGrRihq-fJDuzwvSdvst70LfQ=\/768x576\/filters:format(jpg):quality(85)\/cloudfront-us-east-1.images.arcpublishing.com\/infobae\/43O6RZGOJBGNPJPCFME4TWO4AA.jpg 768w,https:\/\/www.infobae.com\/new-resizer\/sZ1vGg2R92vd1JEObNGaigWTmok=\/992x744\/filters:format(jpg):quality(85)\/cloudfront-us-east-1.images.arcpublishing.com\/infobae\/43O6RZGOJBGNPJPCFME4TWO4AA.jpg 992w,https:\/\/www.infobae.com\/new-resizer\/ogdYn1FxAwjITlkDGbFd5M6Rqh8=\/1200x900\/filters:format(jpg):quality(85)\/cloudfront-us-east-1.images.arcpublishing.com\/infobae\/43O6RZGOJBGNPJPCFME4TWO4AA.jpg 1200w\" sizes=\"auto, (min-width: 800px) 50vw, 90vw\" loading=\"lazy\"\/><figcaption>El astronauta estadounidense Alan B. Shepard coloca la bandera de Estados Unidos sobre la superficie de la Luna, el 5 de febrero de 1971. EFE\/Archivo&#13;<br \/>\n<\/figcaption><\/div>\n<p class=\"paragraph\">Miami, 5 might (EFE).- La Agencia Nacional del Espacio y la Aeron\u00e1utica (NASA) de EE.UU. conmemorar\u00e1 este mi\u00e9rcoles con diversas actividades los 60 a\u00f1os del primer viaje espacial de uno de sus astronautas, protagonizado por Alan Shepard (1923-1998), quien diez a\u00f1os m\u00e1s tarde pis\u00f3 la Luna.<br \/>Entre otras actividades para conmemorar el 60 aniversario del viaje de Shepard est\u00e1 la exhibici\u00f3n de un documental en la televisi\u00f3n publica, adem\u00e1s de conferencias y homenajes.<br \/>Veintitr\u00e9s d\u00edas despu\u00e9s de que el sovi\u00e9tico Yuri Gagarin protagonizara el primer vuelo orbital de un ser humano, Shepard viaj\u00f3 al espacio el 5 de mayo de 1961 en la c\u00e1psula Freedom 7, a bordo de un cohete Mercury Redstone 3. <br \/>Fue un vuelo suborbital que el entonces l\u00edder de la Uni\u00f3n Sovi\u00e9tica, Nikita Jruschev, defini\u00f3 como un &#8220;salto de pulga&#8221;.<br \/>El primer vuelo orbital por parte de astronautas de EE.UU. fue el realizado el 20 de febrero de 1962 por John Glenn a bordo de la nave Friendship 7, pero Shepard fue el primero en viajar al espacio.<br \/>La c\u00e1psula Freedom 7 con Shepard a bordo alcanz\u00f3 una altitud de 187 kil\u00f3metros y su vuelo dur\u00f3 15 minutos, mientras que Gagarin lleg\u00f3 a una altitud m\u00e1xima de 357 kil\u00f3metros y estuvo en el espacio una hora y 48 minutos.<br \/>Fueron los albores de lo que se llam\u00f3 la &#8220;carrera espacial&#8221; entre Estados Unidos y la Uni\u00f3n Sovi\u00e9tica, uno de los cap\u00edtulos de la Guerra Fr\u00eda, como se conoce el periodo de antagonismo entre las dos superpotencias tras la Segunda Guerra Mundial.<br \/>Sesenta a\u00f1os despu\u00e9s del viaje de Shepard, la NASA est\u00e1 embarcada en una misi\u00f3n en Marte, adonde lleg\u00f3 en febrero el rover Perseverance con el mini-helic\u00f3ptero Ingenuity, que hizo historia el 19 de abril con el primer vuelo controlado y con motor de una aeronave en otro planeta. <br \/>Tambi\u00e9n tiene planes para explorar y colonizar la Luna y en 2020 reanud\u00f3 los viajes a la estaci\u00f3n Espacial Internacional desde suelo estadounidense y en naves de este pa\u00eds, gracias a un contrato con la compa\u00f1\u00eda privada SpaceX, nueve a\u00f1os despu\u00e9s del fin del programa de transbordadores.<\/p>\n<\/div>\n<p><script defer=\"\">!function(f,b,e,v,n,t,s) {if(f.fbq)return;n=f.fbq=function(){n.callMethod? n.callMethod.apply(n,arguments):n.queue.push(arguments)}; if(!f._fbq)f._fbq=n;n.push=n;n.loaded=!0;n.version='2.0'; n.queue=[];t=b.createElement(e);t.async=!0; t.src=v;s=b.getElementsByTagName(e)[0]; s.parentNode.insertBefore(t,s)}(window, document,'script', 'https:\/\/connect.facebook.net\/en_US\/fbevents.js'); fbq('init', '336383993555320'); fbq('track', 'PageView'); fbq('track', 'ViewContent');<\/script><br \/>\n<br \/><\/p>\n<p><em> &#8221; Fuentes www.infobae.com &#8221; <\/em><\/p>\n","protected":false},"excerpt":{"rendered":"<p>El astronauta estadounidense Alan B. Shepard coloca la bandera de Estados Unidos sobre la superficie de la Luna, el 5 de febrero de 1971. EFE\/Archivo&#13; Miami, 5 might (EFE).- La Agencia Nacional del Espacio y la Aeron\u00e1utica (NASA) de EE.UU. conmemorar\u00e1 este mi\u00e9rcoles con diversas actividades los 60 a\u00f1os del primer viaje espacial de uno [&hellip;]<\/p>\n","protected":false},"author":4,"featured_media":121998,"comment_status":"open","ping_status":"closed","sticky":false,"template":"","format":"standard","meta":{"om_disable_all_campaigns":false,"jnews-multi-image_gallery":[],"jnews_single_post":[],"jnews_primary_category":[],"jnews_social_meta":[],"footnotes":""},"categories":[40],"tags":[],"class_list":["post-121997","post","type-post","status-publish","format-standard","has-post-thumbnail","hentry","category-industria"],"_links":{"self":[{"href":"https:\/\/dimensionturistica.com\/es\/wp-json\/wp\/v2\/posts\/121997","targetHints":{"allow":["GET"]}}],"collection":[{"href":"https:\/\/dimensionturistica.com\/es\/wp-json\/wp\/v2\/posts"}],"about":[{"href":"https:\/\/dimensionturistica.com\/es\/wp-json\/wp\/v2\/types\/post"}],"author":[{"embeddable":true,"href":"https:\/\/dimensionturistica.com\/es\/wp-json\/wp\/v2\/users\/4"}],"replies":[{"embeddable":true,"href":"https:\/\/dimensionturistica.com\/es\/wp-json\/wp\/v2\/comments?post=121997"}],"version-history":[{"count":0,"href":"https:\/\/dimensionturistica.com\/es\/wp-json\/wp\/v2\/posts\/121997\/revisions"}],"wp:featuredmedia":[{"embeddable":true,"href":"https:\/\/dimensionturistica.com\/es\/wp-json\/wp\/v2\/media\/121998"}],"wp:attachment":[{"href":"https:\/\/dimensionturistica.com\/es\/wp-json\/wp\/v2\/media?parent=121997"}],"wp:term":[{"taxonomy":"category","embeddable":true,"href":"https:\/\/dimensionturistica.com\/es\/wp-json\/wp\/v2\/categories?post=121997"},{"taxonomy":"post_tag","embeddable":true,"href":"https:\/\/dimensionturistica.com\/es\/wp-json\/wp\/v2\/tags?post=121997"}],"curies":[{"name":"wp","href":"https:\/\/api.w.org\/{rel}","templated":true}]}}