{"id":121775,"date":"2021-05-05T14:07:36","date_gmt":"2021-05-05T14:07:36","guid":{"rendered":"https:\/\/dimensionturistica.com\/es\/?p=121775"},"modified":"2021-05-05T14:07:37","modified_gmt":"2021-05-05T14:07:37","slug":"la-provincia-extendio-beneficios-fiscales-al-sector-turistico","status":"publish","type":"post","link":"https:\/\/dimensionturistica.com\/es\/la-provincia-extendio-beneficios-fiscales-al-sector-turistico\/","title":{"rendered":"La Provincia extendi\u00f3 beneficios fiscales al sector tur\u00edstico"},"content":{"rendered":"<p> <br \/>\n<\/p>\n<div>\n<p class=\"has-drop-cap\">El presidente de la Agencia C\u00f3rdoba Turismo, Esteban Avil\u00e9s,\u00a0junto a la secretaria de Prevenci\u00f3n y Promoci\u00f3n de la Salud, Gabriela Barb\u00e1s; y la subsecretaria de Coordinaci\u00f3n, Lucila Pautasso, llevaron adelante una reuni\u00f3n de trabajo con las distintas c\u00e1maras empresarias que nuclean al sector tur\u00edstico de la provincia.<\/p>\n<p>En el encuentro se anunciaron nuevos beneficios destinados a impulsar la actividad en el contexto de la pandemia. Las medidas son producto del trabajo conjunto entre el Gobierno de C\u00f3rdoba, a trav\u00e9s de la Agencia C\u00f3rdoba Turismo, y representantes de los sectores vinculados al turismo, c\u00e1maras y asociaciones.<\/p>\n<ul class=\"has-pale-cyan-blue-background-color has-background\">\n<li><strong>Impuestos Patrimoniales (Inmobiliario y Automotor):<\/strong>\u00a0Pr\u00f3rroga del diferimiento de cuotas marzo 2020 hasta enero 2021 al 30 de septiembre de 2021. Para las actividades de\u00a0<strong>Servicios de Hoteles y\/o Alojamientos, Servicios de Turismo en Basic\u00a0<\/strong>(Servicios mayoristas y\/o minoristas de Agencias de Viajes, Servicios de Turismo Aventura, Servicios complementarios de Apoyo Tur\u00edstico)<strong>.<\/strong><\/li>\n<li><strong>Ingresos Brutos:<\/strong>\u00a0Exenci\u00f3n de agosto 2020 a agosto 2021 de las actividades de\u00a0<strong>hospedaje\/alojamiento.<\/strong><\/li>\n<li><strong>Ingresos Brutos:<\/strong>\u00a0Extensi\u00f3n de la exenci\u00f3n a agosto 2021 para el\u00a0<strong>Transporte Tur\u00edstico de Pasajeros y los Servicios de Turismo en Basic\u00a0<\/strong>(Servicios mayoristas y\/o minoristas de Agencias de Viajes, Servicios de Turismo Aventura, Servicios complementarios de Apoyo Tur\u00edstico).<\/li>\n<li><strong>Inmobiliario<\/strong>: Exenci\u00f3n cuotas del 1 a 7\/2021 para las actividades de\u00a0<strong>Servicios de Hoteles y\/o Alojamiento, Servicios de Turismo en Basic\u00a0<\/strong>(Servicios mayoristas y\/o minoristas de Agencias de Viajes, Servicios de Turismo Aventura, Servicios complementarios de Apoyo Tur\u00edstico).<\/li>\n<li><strong>Impuesto Automotor:<\/strong>Diferimiento de las cuotas 1\/2021 a 3\/2021 al 30 de septiembre. Exenci\u00f3n cuotas 4\/21 a 7\/21 para el\u00a0<strong>Transporte Tur\u00edstico de Pasajeros.<\/strong><\/li>\n<\/ul>\n<p>Con respecto a estos anuncios, Avil\u00e9s manifest\u00f3:\u00a0<em>\u201cEsto es\u00a0el resultado del trabajo que venimos haciendo hace meses, y hoy estamos todas las partes para seguir fortaleciendo al sector tan golpeado por este contexto. Agradezco la participaci\u00f3n activa de las c\u00e1maras, asociaciones y colectivos representantes.\u201d<\/em><\/p>\n<p>El funcionario agreg\u00f3:\u00a0<em>\u201cLas restricciones actuales nos dan la \u00a0posibilidad de trabajar, tenemos como objetivo profundizar los cuidados. El desaf\u00edo es ser responsables,\u00a0debemos seguir con los esquemas de los lugares abiertos y los controles\u201d.<\/em><\/p>\n<p>Por su parte, Barb\u00e1s sostuvo: \u201c<em>Hoy m\u00e1s que nunca debemos ser insistentes en los protocolos, el distanciamiento, en el cumplimiento de los aforos. Parece una obviedad, pero tambi\u00e9n debemos seguir recomendando el uso de barbijo y los cuidados. La responsabilidad social individual debe ser tenida en cuenta. Es muy importante el trabajo de todos los sectores\u201d\u00a0<\/em>.<\/p>\n<p>Del\u00a0evento tambi\u00e9n participaron el vicepresidente de la Agencia C\u00f3rdoba Turismo, Federico Alesandri; el directorio completo de ese organismo; representantes de la Federaci\u00f3n Empresaria Hotelera Gastron\u00f3mica de la Rep\u00fablica Argentina (FEHGRA); la Asociaci\u00f3n de Hoteles de Turismo de la Rep\u00fablica Argentina (AHT); Asociaci\u00f3n Hotelera Gastron\u00f3mica (ASHOGA); Asociaci\u00f3n Cordobesa de Agencias de Viaje (ACAV); la C\u00e1mara Argentina de Turismo C\u00f3rdoba (CAT); C\u00e1mara de Turismo Rural; C\u00e1mara de Hostels; C\u00e1mara de Bodegas; distintas c\u00e1maras de comercios de la provincia; C\u00f3rdoba Bureau;\u00a0Operadores Receptivos C\u00f3rdoba (ORC); Gu\u00edas de C\u00f3rdoba, entre otros referentes.<\/p>\n<p><!-- AI CONTENT END 2 --><\/p>\n<div class=\"td-a-rec td-a-rec-id-content_bottom  tdi_16 td_block_template_1\">\n<div class=\"td-all-devices\"><a rel=\"nofollow noopener\" target=\"_blank\" href=\"https:\/\/www.facebook.com\/complejoaerosillacarlospaz\/\"><img decoding=\"async\" src=\"http:\/\/www.lajornadaweb.com.ar\/wp-content\/publi\/aerosilla.gif\"\/><\/a><\/div>\n<\/div><\/div>\n\n<p><em> &#8221; Fuentes www.lajornadaweb.com.ar &#8221; <\/em><\/p>\n","protected":false},"excerpt":{"rendered":"<p>El presidente de la Agencia C\u00f3rdoba Turismo, Esteban Avil\u00e9s,\u00a0junto a la secretaria de Prevenci\u00f3n y Promoci\u00f3n de la Salud, Gabriela Barb\u00e1s; y la subsecretaria de Coordinaci\u00f3n, Lucila Pautasso, llevaron adelante una reuni\u00f3n de trabajo con las distintas c\u00e1maras empresarias que nuclean al sector tur\u00edstico de la provincia. En el encuentro se anunciaron nuevos beneficios destinados [&hellip;]<\/p>\n","protected":false},"author":4,"featured_media":121776,"comment_status":"open","ping_status":"closed","sticky":false,"template":"","format":"standard","meta":{"om_disable_all_campaigns":false,"jnews-multi-image_gallery":[],"jnews_single_post":[],"jnews_primary_category":[],"jnews_social_meta":[],"footnotes":""},"categories":[40],"tags":[],"class_list":["post-121775","post","type-post","status-publish","format-standard","has-post-thumbnail","hentry","category-industria"],"_links":{"self":[{"href":"https:\/\/dimensionturistica.com\/es\/wp-json\/wp\/v2\/posts\/121775","targetHints":{"allow":["GET"]}}],"collection":[{"href":"https:\/\/dimensionturistica.com\/es\/wp-json\/wp\/v2\/posts"}],"about":[{"href":"https:\/\/dimensionturistica.com\/es\/wp-json\/wp\/v2\/types\/post"}],"author":[{"embeddable":true,"href":"https:\/\/dimensionturistica.com\/es\/wp-json\/wp\/v2\/users\/4"}],"replies":[{"embeddable":true,"href":"https:\/\/dimensionturistica.com\/es\/wp-json\/wp\/v2\/comments?post=121775"}],"version-history":[{"count":0,"href":"https:\/\/dimensionturistica.com\/es\/wp-json\/wp\/v2\/posts\/121775\/revisions"}],"wp:featuredmedia":[{"embeddable":true,"href":"https:\/\/dimensionturistica.com\/es\/wp-json\/wp\/v2\/media\/121776"}],"wp:attachment":[{"href":"https:\/\/dimensionturistica.com\/es\/wp-json\/wp\/v2\/media?parent=121775"}],"wp:term":[{"taxonomy":"category","embeddable":true,"href":"https:\/\/dimensionturistica.com\/es\/wp-json\/wp\/v2\/categories?post=121775"},{"taxonomy":"post_tag","embeddable":true,"href":"https:\/\/dimensionturistica.com\/es\/wp-json\/wp\/v2\/tags?post=121775"}],"curies":[{"name":"wp","href":"https:\/\/api.w.org\/{rel}","templated":true}]}}