{"id":121741,"date":"2021-05-05T12:44:11","date_gmt":"2021-05-05T12:44:11","guid":{"rendered":"https:\/\/dimensionturistica.com\/es\/?p=121741"},"modified":"2021-05-05T12:44:11","modified_gmt":"2021-05-05T12:44:11","slug":"turisme-inicia-los-trabajos-para-impulsar-un-plan-de-sostenibilidad-turistica-en-destino-del-vinalopo","status":"publish","type":"post","link":"https:\/\/dimensionturistica.com\/es\/turisme-inicia-los-trabajos-para-impulsar-un-plan-de-sostenibilidad-turistica-en-destino-del-vinalopo\/","title":{"rendered":"Turisme inicia los trabajos para impulsar un Plan de Sostenibilidad Tur\u00edstica en Destino del Vinalop\u00f3"},"content":{"rendered":"<p> <br \/>\n<\/p>\n<div id=\"post-text\">\n<p>El director basic de Turismo, Herick Campos, ha anunciado que desde Turisme Comunitat Valenciana &#8220;vamos a iniciar los trabajos para impulsar un Plan de Sostenibilidad Tur\u00edstica en Destino de todo el Vinalop\u00f3&#8221;.<\/p>\n<p>Herick Campos ha mantenido el martes una reuni\u00f3n con el alcalde de Elda para coordinar el inicio de los trabajos para contar con un Plan de Sostenibilidad Tur\u00edstica en el Vinalop\u00f3.<\/p>\n<p>Campos ha explicado que &#8220;los fondos europeos que se van a articular a trav\u00e9s de estos planes de Sostenibilidad Tur\u00edstica en Destino son una buena oportunidad para que los municipios del Vinalop\u00f3, se puedan configurar en torno una oferta que acaba conformando lo que en turismo se llama una experiencia&#8221;.<\/p>\n<p>As\u00ed, ha explicado que &#8220;en la reuni\u00f3n hemos acordado conformar en breve un grupo de trabajo con participaci\u00f3n del Ayuntamiento, de la universidad, y organizaciones empresariales para impulsar un Plan de Sostenibilidad Tur\u00edstica en Destino del Vinalop\u00f3 que una todas las sinergias de los diferentes municipios&#8221;.<\/p>\n<p>Herick Campos ha resaltado que &#8220;el Valle del Vinalop\u00f3 cuenta con recursos tan importantes como la propia industria, que se puede hacer visitable, adem\u00e1s de un elemento de naturaleza que une todo el valle, c\u00f3mo es el propio r\u00edo Vinalop\u00f3&#8221;.<\/p>\n<p>Tambi\u00e9n ha explicado que cuenta con &#8220;recursos culturales asociados a la industria, como son sus casinos y sus teatros&#8221; y gran oferta gastron\u00f3mica, muy desarrollada en la comarca, adem\u00e1s de alojamientos tur\u00edsticos.<\/p>\n<p>Por ello, Campos ha apostado por &#8220;dar a toda esa oferta una forma com\u00fan de producto tur\u00edstico, de experiencia, porque adem\u00e1s hay tambi\u00e9n gran inter\u00e9s de los ayuntamientos en impulsar un Plan de Sostenibilidad Tur\u00edstica&#8221;.<\/p>\n<h2>Onil y la Ruta del Juguete<\/h2>\n<p>El director basic de Turismo tambi\u00e9n ha visitado Onil donde mantenido una reuni\u00f3n para impulsar la Ruta del Juguete como producto tur\u00edstico.<\/p>\n<p>En la reuni\u00f3n han participado el director del Patronato de Turismo Costa Blanca, Jos\u00e9 Mancebo; la alcaldesa de Onil, Humi Guill; el alcalde de Ibi, Rafael Serralta; la alcaldesa de Biar, Magdalena Mart\u00ednez, y el alcalde de Castalla, Antonio Bernabeu.<\/p>\n<p>Campos ha explicado que &#8220;hemos visualizado la posibilidad de generar entre las tres administraciones un Plan de Sostenibilidad Tur\u00edstica en Destino que pudiera ser financiado por tanto con fondos Next Generation de la Uni\u00f3n Europea&#8221;.<\/p>\n<p>En esta l\u00ednea, ha avanzado que &#8220;se ha constituido un grupo t\u00e9cnico conformado por los propios t\u00e9cnicos de turismo de las diferentes oficinas Tourist Info, adem\u00e1s de t\u00e9cnicos de Turisme Comunitat Valenciana y del Patronato Costa Blanca&#8221;.<\/p>\n<\/div>\n\n<p><em> &#8221; Fuentes www.elperiodic.com &#8221; <\/em><\/p>\n","protected":false},"excerpt":{"rendered":"<p>El director basic de Turismo, Herick Campos, ha anunciado que desde Turisme Comunitat Valenciana &#8220;vamos a iniciar los trabajos para impulsar un Plan de Sostenibilidad Tur\u00edstica en Destino de todo el Vinalop\u00f3&#8221;. Herick Campos ha mantenido el martes una reuni\u00f3n con el alcalde de Elda para coordinar el inicio de los trabajos para contar con [&hellip;]<\/p>\n","protected":false},"author":4,"featured_media":121742,"comment_status":"open","ping_status":"closed","sticky":false,"template":"","format":"standard","meta":{"om_disable_all_campaigns":false,"jnews-multi-image_gallery":[],"jnews_single_post":[],"jnews_primary_category":[],"jnews_social_meta":[],"footnotes":""},"categories":[40],"tags":[],"class_list":["post-121741","post","type-post","status-publish","format-standard","has-post-thumbnail","hentry","category-industria"],"_links":{"self":[{"href":"https:\/\/dimensionturistica.com\/es\/wp-json\/wp\/v2\/posts\/121741","targetHints":{"allow":["GET"]}}],"collection":[{"href":"https:\/\/dimensionturistica.com\/es\/wp-json\/wp\/v2\/posts"}],"about":[{"href":"https:\/\/dimensionturistica.com\/es\/wp-json\/wp\/v2\/types\/post"}],"author":[{"embeddable":true,"href":"https:\/\/dimensionturistica.com\/es\/wp-json\/wp\/v2\/users\/4"}],"replies":[{"embeddable":true,"href":"https:\/\/dimensionturistica.com\/es\/wp-json\/wp\/v2\/comments?post=121741"}],"version-history":[{"count":0,"href":"https:\/\/dimensionturistica.com\/es\/wp-json\/wp\/v2\/posts\/121741\/revisions"}],"wp:featuredmedia":[{"embeddable":true,"href":"https:\/\/dimensionturistica.com\/es\/wp-json\/wp\/v2\/media\/121742"}],"wp:attachment":[{"href":"https:\/\/dimensionturistica.com\/es\/wp-json\/wp\/v2\/media?parent=121741"}],"wp:term":[{"taxonomy":"category","embeddable":true,"href":"https:\/\/dimensionturistica.com\/es\/wp-json\/wp\/v2\/categories?post=121741"},{"taxonomy":"post_tag","embeddable":true,"href":"https:\/\/dimensionturistica.com\/es\/wp-json\/wp\/v2\/tags?post=121741"}],"curies":[{"name":"wp","href":"https:\/\/api.w.org\/{rel}","templated":true}]}}