{"id":121702,"date":"2021-05-05T09:42:29","date_gmt":"2021-05-05T09:42:29","guid":{"rendered":"https:\/\/dimensionturistica.com\/es\/?p=121702"},"modified":"2021-05-05T09:42:29","modified_gmt":"2021-05-05T09:42:29","slug":"rd-eliminara-impuestos-a-vuelos-internos-para-empujar-turismo-del-sur-noticias-de-turismo","status":"publish","type":"post","link":"https:\/\/dimensionturistica.com\/es\/rd-eliminara-impuestos-a-vuelos-internos-para-empujar-turismo-del-sur-noticias-de-turismo\/","title":{"rendered":"RD eliminar\u00e1 impuestos a vuelos internos para empujar turismo del Sur &#8211; Noticias de turismo"},"content":{"rendered":"<p> <br \/>\n<\/p>\n<div id=\"post-132072\">\n\t<\/p>\n<p>\t  <span class=\"antetitulo\">Collado dijo que el tema ha sido dialogado con el presidente Luis Abinader <\/span><\/p>\n<p><b><img decoding=\"async\" src=\"https:\/\/www.arecoa.com\/wp-content\/themes\/arecoa\/images\/flecha.jpg\" style=\"margin:0\" \/><a rel=\"nofollow noopener\" target=\"_blank\" href=\"https:\/\/www.arecoa.com\/destinos\/2021\/05\/03\/rd-eliminara-impuestos-vuelos-internos-empujar-turismo-del-sur\/\" class=\"subtitulo\"> Para que visitantes puedan visitar por varios d\u00edas otros destinos <\/a><\/b><\/p>\n<p class=\"relacionadosSingle\" style=\"clear:both\">Temas relacionados: <b><a rel=\"nofollow noopener\" target=\"_blank\" href=\"https:\/\/www.arecoa.com\/tag\/barahona\/\">Barahona<\/a>, <a rel=\"nofollow noopener\" target=\"_blank\" href=\"https:\/\/www.arecoa.com\/tag\/david-collado\/\">David Collado<\/a>, <a rel=\"nofollow noopener\" target=\"_blank\" href=\"https:\/\/www.arecoa.com\/tag\/luis-abinader\/\">Luis Abinader<\/a>, <a rel=\"nofollow noopener\" target=\"_blank\" href=\"https:\/\/www.arecoa.com\/tag\/miami\/\">Miami<\/a>, <a rel=\"nofollow noopener\" target=\"_blank\" href=\"https:\/\/www.arecoa.com\/tag\/mitur\/\">Mitur<\/a>, <a rel=\"nofollow noopener\" target=\"_blank\" href=\"https:\/\/www.arecoa.com\/tag\/republica-dominicana\/\">Rep\u00fablica Dominicana<\/a><\/b><\/p>\n<p>\n\t\t<small>3 mayo, 2021<\/small><\/p>\n<p>\t\t<a rel=\"nofollow noopener\" target=\"_blank\" href=\"https:\/\/www.arecoa.com\/destinos\/2021\/05\/03\/rd-eliminara-impuestos-vuelos-internos-empujar-turismo-del-sur\/#comments\" style=\"float:right;\">&#13;<br \/>\n    <img decoding=\"async\" src=\"https:\/\/www.arecoa.com\/wp-content\/themes\/arecoa\/images\/comment.png\" align=\"absmiddle\" \/> 3 comentarios\t\t<\/a>\t<\/p>\n<p>      <!--\n\t  \t\t\t\t  --><\/p>\n<div class=\"post content\">\n<p>Durante un encuentro con m\u00e1s de 100 agentes de viajes, tour operadores, representantes de aerol\u00edneas e inversionistas del sector hotelero en la ciudad de Miami (Florida, Estados Unidos) con el ministro de Turismo, <strong>David Collado<\/strong>, los impuestos de los vuelos fue un issue com\u00fan entre los comentarios.<\/p>\n<p><a rel=\"nofollow noopener\" target=\"_blank\" href=\"https:\/\/www.arecoa.com\/wp-content\/uploads\/2021\/05\/aerolineas-pp.jpg\"><img decoding=\"async\" class=\"alignleft size-full wp-image-132075\" src=\"https:\/\/www.arecoa.com\/wp-content\/uploads\/2021\/05\/aerolineas-pp.jpg\" alt=\"\" width=\"375\" height=\"200\" srcset=\"https:\/\/www.arecoa.com\/wp-content\/uploads\/2021\/05\/aerolineas-pp.jpg 375w, https:\/\/www.arecoa.com\/wp-content\/uploads\/2021\/05\/aerolineas-pp-300x160.jpg 300w, https:\/\/www.arecoa.com\/wp-content\/uploads\/2021\/05\/aerolineas-pp-250x133.jpg 250w\" sizes=\"(max-width: 375px) 100vw, 375px\" \/><\/a>En ese sentido, Collado explic\u00f3 a los presentes que el tema \u201cya ha sido dialogado con el presidente <strong>Luis Abinader\u201d<\/strong>.<\/p>\n<p>\u201cEl presidente de la Rep\u00fablica me acaba de autorizar hace dos o tres semanas a quitar el impuesto a los vuelos internos y esto va a dinamizar a <strong>Barahona<\/strong>, va a dinamizar el Sur\u201d, respondi\u00f3 Collado a Ramona Sterling, una agente de viajes.<\/p>\n<p>Adem\u00e1s, dijo que \u201cLa medida busca que mediante estos vuelos las personas que vayan a la regi\u00f3n Este puedan visitar por varios d\u00edas otros destinos y el resto de hoteles y ciudades del pa\u00eds reciban un mayor flujo de turistas extranjeros\u201d.<\/p>\n<p>De su lado, Rosario Pacello, gerente de <strong>Skyway Journey<\/strong>, opin\u00f3 que las autoridades tambi\u00e9n deber\u00edan tomar en consideraci\u00f3n los elevados impuestos aplicados a viajes internacionales y el alto costo del aeropuerto, ya que ese fue el argumento de la aerol\u00ednea brasile\u00f1a Gol, muy utilizada por sus clientes, cuando se retiraron hace aproximadamente dos a\u00f1os del mercado dominicano.<\/p>\n<p><!-- AddThis Advanced Settings above via filter on the_content --><!-- AddThis Advanced Settings below via filter on the_content --><!-- AddThis Advanced Settings generic via filter on the_content --><!-- AddThis Share Buttons above via filter on the_content --><!-- AddThis Share Buttons below via filter on the_content --><!-- AddThis Share Buttons generic via filter on the_content --><\/div>\n<hr class=\"noCss\" \/><\/div>\n\n<p><em> &#8221; Fuentes www.arecoa.com &#8221; <\/em><\/p>\n","protected":false},"excerpt":{"rendered":"<p>Collado dijo que el tema ha sido dialogado con el presidente Luis Abinader Para que visitantes puedan visitar por varios d\u00edas otros destinos Temas relacionados: Barahona, David Collado, Luis Abinader, Miami, Mitur, Rep\u00fablica Dominicana 3 mayo, 2021 &#13; 3 comentarios Durante un encuentro con m\u00e1s de 100 agentes de viajes, tour operadores, representantes de aerol\u00edneas [&hellip;]<\/p>\n","protected":false},"author":4,"featured_media":121703,"comment_status":"open","ping_status":"closed","sticky":false,"template":"","format":"standard","meta":{"om_disable_all_campaigns":false,"jnews-multi-image_gallery":[],"jnews_single_post":[],"jnews_primary_category":[],"jnews_social_meta":[],"footnotes":""},"categories":[40],"tags":[],"class_list":["post-121702","post","type-post","status-publish","format-standard","has-post-thumbnail","hentry","category-industria"],"_links":{"self":[{"href":"https:\/\/dimensionturistica.com\/es\/wp-json\/wp\/v2\/posts\/121702","targetHints":{"allow":["GET"]}}],"collection":[{"href":"https:\/\/dimensionturistica.com\/es\/wp-json\/wp\/v2\/posts"}],"about":[{"href":"https:\/\/dimensionturistica.com\/es\/wp-json\/wp\/v2\/types\/post"}],"author":[{"embeddable":true,"href":"https:\/\/dimensionturistica.com\/es\/wp-json\/wp\/v2\/users\/4"}],"replies":[{"embeddable":true,"href":"https:\/\/dimensionturistica.com\/es\/wp-json\/wp\/v2\/comments?post=121702"}],"version-history":[{"count":0,"href":"https:\/\/dimensionturistica.com\/es\/wp-json\/wp\/v2\/posts\/121702\/revisions"}],"wp:featuredmedia":[{"embeddable":true,"href":"https:\/\/dimensionturistica.com\/es\/wp-json\/wp\/v2\/media\/121703"}],"wp:attachment":[{"href":"https:\/\/dimensionturistica.com\/es\/wp-json\/wp\/v2\/media?parent=121702"}],"wp:term":[{"taxonomy":"category","embeddable":true,"href":"https:\/\/dimensionturistica.com\/es\/wp-json\/wp\/v2\/categories?post=121702"},{"taxonomy":"post_tag","embeddable":true,"href":"https:\/\/dimensionturistica.com\/es\/wp-json\/wp\/v2\/tags?post=121702"}],"curies":[{"name":"wp","href":"https:\/\/api.w.org\/{rel}","templated":true}]}}