{"id":121675,"date":"2021-05-05T08:28:13","date_gmt":"2021-05-05T08:28:13","guid":{"rendered":"https:\/\/dimensionturistica.com\/es\/?p=121675"},"modified":"2021-05-05T08:28:13","modified_gmt":"2021-05-05T08:28:13","slug":"alava-se-promociona-en-el-resto-de-espana","status":"publish","type":"post","link":"https:\/\/dimensionturistica.com\/es\/alava-se-promociona-en-el-resto-de-espana\/","title":{"rendered":"\u00c1lava se promociona en el resto de Espa\u00f1a"},"content":{"rendered":"<p> <br \/>\n<\/p>\n<div>\n<p class=\"text-align-justify\"><span><span><span><span><span><span><img decoding=\"async\" alt=\"\" class=\"img-responsive\" height=\"638\" src=\"https:\/\/www.expreso.info\/files\/2021-05\/Alava_ven.jpg\" width=\"1152\"\/>La provincia de \u00c1lava inicia una iniciativa destinada a promocionar el turismo, buscando viajeros que quieran conocerla. <\/span><\/span><\/span><\/span><\/span><\/span><\/p>\n<p class=\"text-align-justify\"><span><span><span><span><span><span>\u2018Ven a viajar\u2019 es una campa\u00f1a que se adentrar\u00e1 en las principales ciudades espa\u00f1olas, en un viaje que presentar\u00e1 \u00c1lava a agencias de viaje, touroperadores y prensa especializada. <\/span><\/span><\/span><\/span><\/span><\/span><\/p>\n<p class=\"text-align-justify\"><span><span><span><span><span><span>Fuentes del departamento provincial de <a rel=\"nofollow noopener\" target=\"_blank\" href=\"https:\/\/alavaturismo.eus\/es\/\">Turismo <\/a>han informado de que visitar\u00e1n en este mes de mayo y en el de junio las ciudades de Madrid, Barcelona, Valencia, Sevilla, M\u00e1laga, Zaragoza, Bilbao, Valladolid y Logro\u00f1o, que suponen gran parte del turismo que viaja a \u00c1lava.<\/span><\/span><\/span><\/span><\/span><\/span><\/p>\n<p class=\"text-align-justify\"><span><span><span><span><span><span>\u2018Vamos a presentar \u00c1lava como un destino seguro que se vive, se siente y se saborea a trav\u00e9s de un sinf\u00edn de actividades y experiencias ligadas a nuestra naturaleza, nuestro patrimonio y nuestra enogastronom\u00eda. Un destino pensado m\u00e1s para el viajero que sabe disfrutar sin prisa del entorno y la cultura que lo envuelve que para el turista\u2019, inform\u00f3 Cristina Gonz\u00e1lez.\u00a0 <\/span><\/span><\/span><\/span><\/span><\/span><\/p>\n<p class=\"text-align-justify\"><span><span><span><span><span><span>\u2018Vamos a presentar \u00c1lava como un territorio singular que esconde muchos secretos que merecen ser conocidos con tranquilidad, y como un destino pensado m\u00e1s para el viajero que para el turista. Porque \u00c1lava se ve, s\u00ed, pero sobre todo se vive, se siente, se saborea y, a diferencia de otros destinos con una oferta m\u00e1s dirigida, permite disfrutarse en libertad. Vamos a persuadir a agentes, touroperadores y prensa de que \u00c1lava es el destino ideal para quien busque viajar con may\u00fasculas\u2019, dijo Gonz\u00e1lez.\u00a0 <\/span><\/span><\/span><\/span><\/span><\/span><\/p>\n<p class=\"text-align-justify\"><span><span><span><span><span><span>\u2018Ven a viajar\u2019 se desplegar\u00e1 en todas las presentaciones previstas mediante una amplia oferta basada en recursos, actividades y experiencias vinculadas a la naturaleza (parques naturales, playas de inside, Jard\u00edn Bot\u00e1nico de Santa Catalina\u2026), el patrimonio (Catedral, Valle Salado, castillos y torres, conjuntos monumentales, villas amuralladas, and so on.), la enogastronom\u00eda (bodegas y vinos de Rioja Alavesa y Ayala) y las infraestructuras para congresos del territorio.\u00a0 <\/span><\/span><\/span><\/span><\/span><\/span><\/p>\n<p class=\"text-align-justify\"><span><span><span><span><span><span>Adem\u00e1s, otra joya de la provincia, la gastronom\u00eda, va a ser protagonista en las presentaciones donde, cumpliendo todos los protocolos sanitarios y de seguridad, los profesionales del sector tur\u00edstico podr\u00e1n degustar vinos y productos Km.0 de \u00c1lava.\u00a0 <\/span><\/span><\/span><\/span><\/span><\/span><\/p>\n<p class=\"text-align-justify\"><span><span><span><span><span><span>Las presentaciones se inician en Sevilla y M\u00e1laga, los d\u00edas 11 y 12 de mayo y continuar\u00e1n a finales de mes en Logro\u00f1o y Bilbao, los d\u00edas 25 y 26 de mayo; concluyendo en junio en Madrid, Valencia, Barcelona, Zaragoza y Valladolid.<\/span><\/span><\/span><\/span><\/span><\/span><\/p>\n<p class=\"text-align-justify\"><span><span><span><em><span><span><span>Expreso. Redacci\u00f3n. A.F<\/span><\/span><\/span><\/em><\/span><\/span><\/span><\/p>\n<\/div>\n\n<p><em> &#8221; Fuentes www.expreso.info &#8221; <\/em><\/p>\n","protected":false},"excerpt":{"rendered":"<p>La provincia de \u00c1lava inicia una iniciativa destinada a promocionar el turismo, buscando viajeros que quieran conocerla. \u2018Ven a viajar\u2019 es una campa\u00f1a que se adentrar\u00e1 en las principales ciudades espa\u00f1olas, en un viaje que presentar\u00e1 \u00c1lava a agencias de viaje, touroperadores y prensa especializada. Fuentes del departamento provincial de Turismo han informado de que [&hellip;]<\/p>\n","protected":false},"author":4,"featured_media":121676,"comment_status":"open","ping_status":"closed","sticky":false,"template":"","format":"standard","meta":{"om_disable_all_campaigns":false,"jnews-multi-image_gallery":[],"jnews_single_post":[],"jnews_primary_category":[],"jnews_social_meta":[],"footnotes":""},"categories":[40],"tags":[],"class_list":["post-121675","post","type-post","status-publish","format-standard","has-post-thumbnail","hentry","category-industria"],"_links":{"self":[{"href":"https:\/\/dimensionturistica.com\/es\/wp-json\/wp\/v2\/posts\/121675","targetHints":{"allow":["GET"]}}],"collection":[{"href":"https:\/\/dimensionturistica.com\/es\/wp-json\/wp\/v2\/posts"}],"about":[{"href":"https:\/\/dimensionturistica.com\/es\/wp-json\/wp\/v2\/types\/post"}],"author":[{"embeddable":true,"href":"https:\/\/dimensionturistica.com\/es\/wp-json\/wp\/v2\/users\/4"}],"replies":[{"embeddable":true,"href":"https:\/\/dimensionturistica.com\/es\/wp-json\/wp\/v2\/comments?post=121675"}],"version-history":[{"count":0,"href":"https:\/\/dimensionturistica.com\/es\/wp-json\/wp\/v2\/posts\/121675\/revisions"}],"wp:featuredmedia":[{"embeddable":true,"href":"https:\/\/dimensionturistica.com\/es\/wp-json\/wp\/v2\/media\/121676"}],"wp:attachment":[{"href":"https:\/\/dimensionturistica.com\/es\/wp-json\/wp\/v2\/media?parent=121675"}],"wp:term":[{"taxonomy":"category","embeddable":true,"href":"https:\/\/dimensionturistica.com\/es\/wp-json\/wp\/v2\/categories?post=121675"},{"taxonomy":"post_tag","embeddable":true,"href":"https:\/\/dimensionturistica.com\/es\/wp-json\/wp\/v2\/tags?post=121675"}],"curies":[{"name":"wp","href":"https:\/\/api.w.org\/{rel}","templated":true}]}}