{"id":121616,"date":"2021-05-05T06:00:05","date_gmt":"2021-05-05T06:00:05","guid":{"rendered":"https:\/\/dimensionturistica.com\/es\/?p=121616"},"modified":"2021-05-05T06:00:05","modified_gmt":"2021-05-05T06:00:05","slug":"llegan-los-primeros-turistas-a-porto-cristo-hay-11-millones-para-el-plan-turismo-apeadero-en-inca-convenio-ayudas-directas","status":"publish","type":"post","link":"https:\/\/dimensionturistica.com\/es\/llegan-los-primeros-turistas-a-porto-cristo-hay-11-millones-para-el-plan-turismo-apeadero-en-inca-convenio-ayudas-directas\/","title":{"rendered":"Llegan los primeros turistas a Porto Cristo; Hay 11 millones para el Plan Turismo; Apeadero en Inca; Convenio ayudas directas"},"content":{"rendered":"<p> <br \/>\n<\/p>\n<p>Editorial: Llegan los primeros turistas a Porto Cristo; Hay 11 millones para el Plan Turismo; Apeadero en Inca; Convenio ayudas directas<\/p>\n<p>Un plan para reactivar el turismo de 11 millones de \u20ac: Ha sido elaborado en base al di\u00e1logo y la colaboraci\u00f3n con el sector tur\u00edstico de las Illes Balears, \u201cnos encontramos en un momento clave para empezar<\/p>\n<div>\n<p style=\"margin-bottom: 0cm\"><span><strong>Editorial: Mientras en Madrid, Ayuso, se hace con el poder absoluto y arrasa a <\/strong>la izquierda y a Ciudadanos<\/span><span> (Cs), y Pablo Iglesias anuncia que deja la pol\u00edtica y todos sus cargos, aqu\u00ed en Porto Cristo llegan los primeros turistas a una casa vacacional y al Hotel Felip, dos familias diferentes que buscan el placer de un rinc\u00f3n emblem\u00e1tico y una bah\u00eda carism\u00e1tica. Se celebraba en las redes sociales la llegada al piso alquilado para turistas y lo propio se hac\u00eda en la puerta del establecimiento hotelero. Han pasado las pruebas y no hay miedo al contagio. Aqu\u00ed los datos son mejores que en ning\u00fan lugar de Espa\u00f1a. Estamos seguros se han vacunado desde 60 a\u00f1os hasta 100.<\/span><\/p>\n<p style=\"margin-bottom: 0cm\"><span><strong>Un plan para reactivar el turismo de 11 millones de \u20ac: Ha sido elab<\/strong>orado en base al di\u00e1logo y la colaboraci\u00f3n <\/span><span>con el sector tur\u00edstico de las Illes Balears, \u201cnos encontramos en un momento clave para empezar la temporada con las m\u00e1ximas garant\u00edas \u201cnos permitir\u00e1 reposicionarnos en el mercado, reiniciar la actividad y alargar la temporada\u201d. En este sentido, los objetivos del plan son \u201cbuscar una reapertura tur\u00edstica que permita tener temporada, mantener los puestos de trabajo y proteger el tejido productivo\u201d. Para impulsar la conectividad a\u00e9rea y el flujo de personas, se destinar\u00e1n 5 millones de euros a iniciativas de comarketing estrat\u00e9gico fuera de los meses de julio y agosto. En este sentido, se ofrecer\u00e1 a compa\u00f1\u00edas a\u00e9reas y mar\u00edtimas, y a operadores tur\u00edsticos, agencias de viaje. En cuanto a los paquetes tur\u00edsticos que se podr\u00e1n promover, tendr\u00e1n que incluir como m\u00ednimo una conexi\u00f3n entre islas.<\/span><\/p>\n<div class=\"cont_bocadillo\">\n<p>Virgilio Moreno, presentan el proyecto de apeadero de tren de Inca que se ubicar\u00e1 junto a la parada de buses Inca-Llevant y el campo del Membership Deportivo Constancia . Este apeadero permitir\u00e1 sumar <\/p>\n<\/div>\n<p style=\"margin-bottom: 0cm\"><span>Este plan tambi\u00e9n prev\u00e9 acciones para incentivar la oferta complementaria, con un presupuesto de 2 millones de euros que se destinan al patrocinio de acontecimientos estrat\u00e9gicos y singulares, organizados por entidades privadas durante este a\u00f1o. El objetivo es aprovechar y potenciar los recursos naturales, culturales, deportivos, patrimoniales y otros \u00e1mbitos estrat\u00e9gicos. En cuanto a la movilidad entre islas, el Govern abrir\u00e1 una convocatoria de ayudas, con un presupuesto de 2 millones de euros, para destinarlos a un sistema de bonos tur\u00edsticos para fomentar los viajes entre islas de los residentes en las Illes Balears. La subvenci\u00f3n ser\u00e1 de un m\u00e1ximo de 100 euros por persona para viajes reservados a agencias de viajes y realizados en los periodos comprendidos entre el 15 y el 30 de junio y entre el 1 de septiembre y el 15 de noviembre, con una estancia m\u00ednima de dos noches en hoteles o viviendas vacacionales que tengan convenio con AVIBA.<\/span><\/p>\n<p style=\"margin-bottom: 0cm\"><strong><span>NUEVO APEADERO TREN INCA. D\u00eda: Mi\u00e9rcoles 5 de mayo. Hora: 10.30 horas.<\/span><\/strong><span> Lugar: Parada de buses Inca-Llevant (al lado del campo de f\u00fatbol del Membership Deportivo Constancia). El conseller de Movilidad y Vivienda, Josep Mar\u00ed, y el alcalde de Inca, Virgilio Moreno, presentan el proyecto de apeadero de tren de Inca que se ubicar\u00e1 junto a la parada de buses Inca-Llevant y el campo del Membership Deportivo Constancia . Este apeadero permitir\u00e1 sumar a la estaci\u00f3n de tren un nuevo punto de acceso al tren en la ciudad. En el acto participar\u00e1n tambi\u00e9n el director normal de Movilidad y Transporte Terrestre, Jamume Mateu; el gerente de SFM, Mateu Capell\u00e0; la primera teniente de alcalde de Inca, Mar\u00eda de Carmen Oses; el regidor Andreu Caballero, y el director de gesti\u00f3n del Hospital Comarcal de Inca, Francesc Ferrer. Tambi\u00e9n estar\u00e1n presentes representantes del Membership Deportivo Constancia.<\/span><\/p>\n<p style=\"margin-bottom: 0cm\"><strong><span>CONVENIO AYUDAS DIRECTAS. <\/span><\/strong><span>D\u00eda: mi\u00e9rcoles, 5 de mayo. Hora: 13:30. Lugar: Consolat de Mar. La presidenta del Govern, Francina Armengol, y la ministra de Hacienda, Mar\u00eda Jes\u00fas Montero, firmar\u00e1n el convenio de colaboraci\u00f3n para activar las ayudas directas a empresas y aut\u00f3nomos de Baleares afectados por la COVID-19. La ministra Montero llegar\u00e1 aproximadamente a las 13 horas al Consolat de Mar, donde ser\u00e1 recibida por la presidenta Armengol y luego mantendr\u00e1n una reuni\u00f3n. Al finalizar este encuentro, ambas se trasladar\u00e1n a la capilla del Consolat de Mar para el acto de la firma del convenio. Por parte del Govern tambi\u00e9n asistir\u00e1 la consellera de Hacienda y Relaciones Exteriores, Rosario S\u00e1nchez.<\/span><\/p>\n<\/div>\n\n<p><em> &#8221; Fuentes www.manacornoticias.com &#8221; <\/em><\/p>\n","protected":false},"excerpt":{"rendered":"<p>Editorial: Llegan los primeros turistas a Porto Cristo; Hay 11 millones para el Plan Turismo; Apeadero en Inca; Convenio ayudas directas Un plan para reactivar el turismo de 11 millones de \u20ac: Ha sido elaborado en base al di\u00e1logo y la colaboraci\u00f3n con el sector tur\u00edstico de las Illes Balears, \u201cnos encontramos en un momento [&hellip;]<\/p>\n","protected":false},"author":4,"featured_media":121617,"comment_status":"open","ping_status":"closed","sticky":false,"template":"","format":"standard","meta":{"om_disable_all_campaigns":false,"jnews-multi-image_gallery":[],"jnews_single_post":[],"jnews_primary_category":[],"jnews_social_meta":[],"footnotes":""},"categories":[40],"tags":[],"class_list":["post-121616","post","type-post","status-publish","format-standard","has-post-thumbnail","hentry","category-industria"],"_links":{"self":[{"href":"https:\/\/dimensionturistica.com\/es\/wp-json\/wp\/v2\/posts\/121616","targetHints":{"allow":["GET"]}}],"collection":[{"href":"https:\/\/dimensionturistica.com\/es\/wp-json\/wp\/v2\/posts"}],"about":[{"href":"https:\/\/dimensionturistica.com\/es\/wp-json\/wp\/v2\/types\/post"}],"author":[{"embeddable":true,"href":"https:\/\/dimensionturistica.com\/es\/wp-json\/wp\/v2\/users\/4"}],"replies":[{"embeddable":true,"href":"https:\/\/dimensionturistica.com\/es\/wp-json\/wp\/v2\/comments?post=121616"}],"version-history":[{"count":0,"href":"https:\/\/dimensionturistica.com\/es\/wp-json\/wp\/v2\/posts\/121616\/revisions"}],"wp:featuredmedia":[{"embeddable":true,"href":"https:\/\/dimensionturistica.com\/es\/wp-json\/wp\/v2\/media\/121617"}],"wp:attachment":[{"href":"https:\/\/dimensionturistica.com\/es\/wp-json\/wp\/v2\/media?parent=121616"}],"wp:term":[{"taxonomy":"category","embeddable":true,"href":"https:\/\/dimensionturistica.com\/es\/wp-json\/wp\/v2\/categories?post=121616"},{"taxonomy":"post_tag","embeddable":true,"href":"https:\/\/dimensionturistica.com\/es\/wp-json\/wp\/v2\/tags?post=121616"}],"curies":[{"name":"wp","href":"https:\/\/api.w.org\/{rel}","templated":true}]}}