{"id":121555,"date":"2021-05-05T03:24:11","date_gmt":"2021-05-05T03:24:11","guid":{"rendered":"https:\/\/dimensionturistica.com\/es\/?p=121555"},"modified":"2021-05-05T03:24:11","modified_gmt":"2021-05-05T03:24:11","slug":"la-hija-del-cantante-y-excandidato-david-castro-asume-como-secretaria-de-turismo-y-culturas-de-la-gobernacion-la-razon","status":"publish","type":"post","link":"https:\/\/dimensionturistica.com\/es\/la-hija-del-cantante-y-excandidato-david-castro-asume-como-secretaria-de-turismo-y-culturas-de-la-gobernacion-la-razon\/","title":{"rendered":"La hija del cantante y excandidato David Castro asume como Secretaria de Turismo y Culturas de la Gobernaci\u00f3n &#8211; La Raz\u00f3n"},"content":{"rendered":"<p> <br \/>\n<\/p>\n<div>\n<div class=\"detail\">\n<p class=\"excerpt\">\u201cNo somos colonia ni patio trasero de nadie\u201d, respondi\u00f3 Evo Morales a la resoluci\u00f3n del Parlamento Europeo que conden\u00f3 la detenci\u00f3n de la expresidenta Jeanine \u00c1\u00f1ez y dos de sus exministros.<\/p>\n<\/p><\/div><\/div>\n<div>\n<p>El expresidente Evo Morales envi\u00f3 este martes una carta abierta a la \u201cvieja Europa\u201d, despu\u00e9s de que el Parlamento Europeo conden\u00f3 \u2014en una resoluci\u00f3n no vinculante aprobada con 396 votos contra 267 y 28 abstenciones\u2014 la detenci\u00f3n de la expresidenta Jeanine \u00c1\u00f1ez, y le pregunt\u00f3 si la vida de un indio no vale nada o si hay golpes de Estado malos y buenos.\u00a0<\/p>\n<p>El \u00f3rgano europeo, el pasado 29 de abril, denunci\u00f3 y conden\u00f3 la \u201cdetenci\u00f3n arbitraria e ilegal de la expresidenta interina \u00c1\u00f1ez, de dos de sus ministros y de otros presos pol\u00edticos\u201d; y pidi\u00f3 a las autoridades bolivianas \u201cque los liberen inmediatamente y retiren los cargos por motivos pol\u00edticos contra ellos\u201d.<\/p>\n<p>Acusados de delitos de terrorismo, sedici\u00f3n y conspiraci\u00f3n, en el marco del proceso denominado \u201cgolpe de Estado\u201d, \u00c1\u00f1ez y dos de sus ministros, Rodrigo Guzm\u00e1n y \u00c1lvaro Co\u00edmbra, fueron detenidos en marzo en Trinidad y ahora los tres guardan detenci\u00f3n preventiva en las c\u00e1rceles de Miraflores y San Pedro, en La Paz.<\/p>\n<p>Pero, \u201ccon mucha sorpresa, en pleno Siglo XXI, hemos tomado conocimiento de esa aprobaci\u00f3n de una resoluci\u00f3n por parte del Parlamento Europeo en referencia a Bolivia, donde claramente se muestra que algunos sectores de Europa todav\u00eda conservan su visi\u00f3n colonial y humillante frente a los pueblos libres de Am\u00e9rica Latina y el Caribe\u201d, dijo el exmandatario al leer su misiva.<\/p>\n<p>Sin embargo, consider\u00f3 que una vez m\u00e1s, al margen de los principios del derecho internacional, Europa intenta intervenir en los asuntos internos y propios de los bolivianos.<\/p>\n<p>\u201cAdem\u00e1s, de manera desmesurada, hacen afirmaciones y aseveraciones absolutamente falsas; solamente (realizan) afirmaciones con fuentes pol\u00edticas distorsionadas de informaci\u00f3n (porque debo) recordarles que Luis Almagro hizo de la OEA (Organizaci\u00f3n de Estados Americanos) c\u00f3mplice del golpe de Estado en Bolivia\u201d, agreg\u00f3.<\/p>\n<p>Subray\u00f3 que los pueblos tienen memoria hist\u00f3rica y hoy Bolivia goza de una \u201cdemocracia recuperada\u201d con la fuerza, voluntad y conciencia del pueblo en las elecciones de octubre de 2020 \u201cdespu\u00e9s de un a\u00f1o de golpismo, persecuciones y graves violaciones a los derechos humanos con 38 muertos, 800 heridos y cerca de 2.000 detenidos sin causa alguna\u201d.<\/p>\n<p>\u201cY nos preguntamos \u00bfd\u00f3nde estaban los parlamentarios europeos durante ese a\u00f1o?, \u00bfacaso la vida de un indio no vale nada?, \u00bfser trabajador, obrero, minero, maestro, ind\u00edgena, mujer o joven es tener menos valor para los derechos humanos y las democracias del occidente?\u201d, cuestion\u00f3 Morales.\u00a0\u00a0<\/p>\n<p>Asimismo, remarc\u00f3 que cada d\u00eda se conocen nuevos elementos de la forma que se estructur\u00f3 el \u201cgolpe de Estado\u201d de 2019 porque \u201cciertamente sectores internacionales impulsaron, apoyaron y financiaron el mismo\u201d.<\/p>\n<p>\u201cPero, (ahora) intentan esforzarse para mostrar que no fue as\u00ed, entonces \u00bfqu\u00e9 se puede decir a un gobierno (de \u00c1\u00f1ez) que asume rompiendo todas las normas de la misma Constituci\u00f3n Pol\u00edtica del Estado?, \u00bfC\u00f3mo se define a un gobierno instaurado con las fuerzas policiales y militares? Las verdaderas democracias y defensores de derechos humanos deben denunciar todas las violaciones de derechos humanos de todos los golpes de Estado \u00bfo es que en pleno Siglo XXI debemos entender que hay golpes de Estado buenos y malos?\u201d, a\u00f1adi\u00f3.\u00a0\u00a0<\/p>\n<p>Aunque tambi\u00e9n consider\u00f3 que el tiempo se encargar\u00e1 de esclarecer cada uno de los hechos que llevaron a su derrocamiento como presidente en 2019 en medio de un conflicto poselectoral en el que incluso las Fuerzas Armadas sugirieron su renuncia.<\/p>\n<p>Sin embargo, \u201cmi delito solo fue ser ind\u00edgena, impulsar una revoluci\u00f3n democr\u00e1tica cultural y mantenerme siempre firme con mis principios revolucionarios frente a todo intento de humillaci\u00f3n e intervencionismo. Bolivia ha decido construir su propia historia, democracia y desarrollo orgulloso de su diversidad ejerciendo plenamente su soberan\u00eda con dignidad e identidad. No somos colonia ni patio trasero de nadie\u201d.<\/p>\n<\/p><\/div>\n\n<p><em> &#8221; Fuentes www.la-razon.com &#8221; <\/em><\/p>\n","protected":false},"excerpt":{"rendered":"<p>\u201cNo somos colonia ni patio trasero de nadie\u201d, respondi\u00f3 Evo Morales a la resoluci\u00f3n del Parlamento Europeo que conden\u00f3 la detenci\u00f3n de la expresidenta Jeanine \u00c1\u00f1ez y dos de sus exministros. El expresidente Evo Morales envi\u00f3 este martes una carta abierta a la \u201cvieja Europa\u201d, despu\u00e9s de que el Parlamento Europeo conden\u00f3 \u2014en una resoluci\u00f3n [&hellip;]<\/p>\n","protected":false},"author":4,"featured_media":121556,"comment_status":"open","ping_status":"closed","sticky":false,"template":"","format":"standard","meta":{"om_disable_all_campaigns":false,"jnews-multi-image_gallery":[],"jnews_single_post":[],"jnews_primary_category":[],"jnews_social_meta":[],"footnotes":""},"categories":[40],"tags":[],"class_list":["post-121555","post","type-post","status-publish","format-standard","has-post-thumbnail","hentry","category-industria"],"_links":{"self":[{"href":"https:\/\/dimensionturistica.com\/es\/wp-json\/wp\/v2\/posts\/121555","targetHints":{"allow":["GET"]}}],"collection":[{"href":"https:\/\/dimensionturistica.com\/es\/wp-json\/wp\/v2\/posts"}],"about":[{"href":"https:\/\/dimensionturistica.com\/es\/wp-json\/wp\/v2\/types\/post"}],"author":[{"embeddable":true,"href":"https:\/\/dimensionturistica.com\/es\/wp-json\/wp\/v2\/users\/4"}],"replies":[{"embeddable":true,"href":"https:\/\/dimensionturistica.com\/es\/wp-json\/wp\/v2\/comments?post=121555"}],"version-history":[{"count":0,"href":"https:\/\/dimensionturistica.com\/es\/wp-json\/wp\/v2\/posts\/121555\/revisions"}],"wp:featuredmedia":[{"embeddable":true,"href":"https:\/\/dimensionturistica.com\/es\/wp-json\/wp\/v2\/media\/121556"}],"wp:attachment":[{"href":"https:\/\/dimensionturistica.com\/es\/wp-json\/wp\/v2\/media?parent=121555"}],"wp:term":[{"taxonomy":"category","embeddable":true,"href":"https:\/\/dimensionturistica.com\/es\/wp-json\/wp\/v2\/categories?post=121555"},{"taxonomy":"post_tag","embeddable":true,"href":"https:\/\/dimensionturistica.com\/es\/wp-json\/wp\/v2\/tags?post=121555"}],"curies":[{"name":"wp","href":"https:\/\/api.w.org\/{rel}","templated":true}]}}