{"id":121522,"date":"2021-05-05T03:07:54","date_gmt":"2021-05-05T03:07:54","guid":{"rendered":"https:\/\/dimensionturistica.com\/es\/?p=121522"},"modified":"2021-05-05T03:07:54","modified_gmt":"2021-05-05T03:07:54","slug":"los-hoteles-andaluces-aceleran-su-apertura-en-el-mes-de-mayo","status":"publish","type":"post","link":"https:\/\/dimensionturistica.com\/es\/los-hoteles-andaluces-aceleran-su-apertura-en-el-mes-de-mayo\/","title":{"rendered":"Los hoteles andaluces aceleran su apertura en el mes de mayo"},"content":{"rendered":"<p> <br \/>\n<\/p>\n<div>\n<p> Los nervios y el optimismo son los primeros &#8216;hu\u00e9spedes&#8217; que se han instalado estos d\u00edas en los <a rel=\"nofollow noopener\" target=\"_blank\" href=\"https:\/\/www.elconfidencial.com\/empresas\/2020-11-26\/andalucia-declara-estrategicos-hoteles-marbella-aceleradora_2847987\/\">hoteles andaluces<\/a> tras la sucesi\u00f3n de buenas noticias de las \u00faltimas horas. La pasada semana, el presidente de la Junta, <strong>Juanma Moreno<\/strong>, <a rel=\"nofollow noopener\" target=\"_blank\" href=\"https:\/\/www.elconfidencial.com\/espana\/andalucia\/2021-04-27\/andalucia-desescalada-movilidad-provincias_3053324\/\">aprob\u00f3 la movilidad entre las ocho provincias andaluzas<\/a> (un territorio tan extenso como Portugal) por primera vez desde el pasado 30 de octubre, lo que ha motivado que este pasado fin de semana muchos ciudadanos del inside acudieran a las costas y se produjeran numerosos desplazamientos tras seis meses de encierro provincial. <\/p>\n<p> A esto se ha unido la confirmaci\u00f3n de que el Gobierno central ha <a rel=\"nofollow noopener\" target=\"_blank\" href=\"https:\/\/www.elconfidencial.com\/espana\/2021-04-29\/calvo-descarta-prolongar-alarma-presion-autonomias_3057091\/\">renunciado a prolongar el actual estado de alarma<\/a>, que finalizar\u00e1 este domingo 9 de mayo, y de que la Junta de Andaluc\u00eda considera que, en ese caso, tambi\u00e9n <strong>decae el cierre perimetral de la comunidad<\/strong>, lo que permitir\u00e1 la llegada de visitantes nacionales a la regi\u00f3n. <\/p>\n<p> Y a la<strong> llegada prevista de turistas regionales y nacionales<\/strong> se ha unido esta misma semana el impulso que las autoridades europeas quieren dar a la campa\u00f1a tur\u00edstica veraniega, no solo acelerando el <a rel=\"nofollow noopener\" target=\"_blank\" href=\"https:\/\/www.elconfidencial.com\/mundo\/europa\/2021-03-26\/certificado-digital-verde-pasaporte-derechos_3008044\/\">pasaporte sanitario para personas vacunadas <\/a>de la UE sino tambi\u00e9n pidiendo a los pa\u00edses miembros que <a rel=\"nofollow noopener\" target=\"_blank\" href=\"https:\/\/www.elconfidencial.com\/mundo\/europa\/2021-05-03\/bruselas-propone-facilitar-la-entrada-en-la-ue-de-viajeros-vacunados-en-otros-paises_3061111\/\"><strong>reabran su frontera exterior<\/strong> a los turistas de terceros pa\u00edses<\/a> vacunados con laboratorios que cuenten con el visto bueno de la Agencia Europea de Medicamentos (EMA), como es el caso de Estados Unidos o Reino Unido. <\/p>\n<section class=\"bodyObject inTextNews\">\n<figure class=\"inTextNews__imgWrapper\">  <img decoding=\"async\" class=\"inTextNews__img\" alt=\"Foto: La presidenta de la Comisi\u00f3n Europea, Ursula Von Der Leyen, junto a Charles Michel. (EFE)\" src=\"https:\/\/www.ecestaticos.com\/image\/clipping\/203f1bbd265a7aa8cf7fa648d6987b11\/bruselas-propone-facilitar-la-entrada-en-la-ue-de-viajeros-vacunados-en-otros-paises.jpg\" srcset=\" https:\/\/www.ecestaticos.com\/image\/clipping\/202\/152\/203f1bbd265a7aa8cf7fa648d6987b11\/bruselas-propone-facilitar-la-entrada-en-la-ue-de-viajeros-vacunados-en-otros-paises.jpg 202w, https:\/\/www.ecestaticos.com\/image\/clipping\/144\/108\/203f1bbd265a7aa8cf7fa648d6987b11\/bruselas-propone-facilitar-la-entrada-en-la-ue-de-viajeros-vacunados-en-otros-paises.jpg 144w, https:\/\/www.ecestaticos.com\/image\/clipping\/128\/96\/203f1bbd265a7aa8cf7fa648d6987b11\/bruselas-propone-facilitar-la-entrada-en-la-ue-de-viajeros-vacunados-en-otros-paises.jpg 128w\" sizes=\" (min-width: 996px) 202px, (min-width: 768px) 144px, 128px\"\/>  <\/figure>\n<div class=\"inTextNews__text\">\n<header> <span> <a rel=\"nofollow noopener\" target=\"_blank\" class=\"inTextNews__title\" href=\"https:\/\/www.elconfidencial.com\/mundo\/europa\/2021-05-03\/bruselas-propone-facilitar-la-entrada-en-la-ue-de-viajeros-vacunados-en-otros-paises_3061111\/\">Bruselas propone facilitar la entrada en la UE de viajeros vacunados en otros pa\u00edses<\/a> <\/span> <\/header>\n<p>    <span class=\"inTextNews__itemSignature\">Nacho Alarc\u00f3n. Bruselas<\/span>   <\/p>\n<\/p><\/div>\n<\/section>\n<p> La conjunci\u00f3n de estas tres noticias ha propiciado un inusitado movimiento en los <strong>m\u00e1s de 2.400 establecimientos<\/strong> que componen la planta hotelera andaluza, as\u00ed como en el resto del sector tur\u00edstico de una comunidad donde esta industria supone<strong> uno de los motores econ\u00f3micos.<\/strong> No en vano, en el a\u00f1o 2019, Andaluc\u00eda recibi\u00f3 a 32,5 millones de viajeros, que dejaron ingresos por m\u00e1s de 22.000 millones de euros en esta regi\u00f3n. <\/p>\n<p> El presidente del Consejo Empresarial de Turismo de la CEA (<a rel=\"nofollow noopener\" target=\"_blank\" href=\"https:\/\/www.cea.es\/\">Confederaci\u00f3n de Empresarios de Andaluc\u00eda<\/a>), <strong>Miguel S\u00e1nchez<\/strong>, reconoce a El Confidencial esa <strong>ilusi\u00f3n existente en el sector<\/strong> estos d\u00edas, aunque cree que hay que ser realistas y esperar que se concreten las decisiones anunciadas, especialmente las referentes al turismo internacional. <\/p>\n<p> \u201cEstamos pendientes de lo que apruebe finalmente la UE <a rel=\"nofollow noopener\" target=\"_blank\" href=\"https:\/\/www.elconfidencial.com\/tecnologia\/2021-03-05\/pasaporte-vacunacion-covid-coronavirus_2978335\/\">sobre ese pasaporte sanitario<\/a>, que nosotros apoyamos totalmente y creemos una buena oportunidad para reactivar la econom\u00eda, pero tambi\u00e9n de lo que apruebe <strong>Boris Johnson,<\/strong> a partir del 17 de mayo, porque el Reino Unido sigue siendo nuestro primer emisor de turistas\u201d, explica. <\/p>\n<section class=\"bodyObject inTextNews\">\n<figure class=\"inTextNews__imgWrapper\">  <img decoding=\"async\" class=\"inTextNews__img\" alt=\"Foto: Javier Gonz\u00e1lez de Lara en la sede de la CEA. (Archivo)\" src=\"https:\/\/www.ecestaticos.com\/image\/clipping\/b08e24d7e7414216b00ffb5e6387c9fb\/es-inexplicable-que-la-segunda-potencia-turistica-mundial-no-tenga-plan-de-rescate.jpg\" srcset=\" https:\/\/www.ecestaticos.com\/image\/clipping\/202\/152\/b08e24d7e7414216b00ffb5e6387c9fb\/es-inexplicable-que-la-segunda-potencia-turistica-mundial-no-tenga-plan-de-rescate.jpg 202w, https:\/\/www.ecestaticos.com\/image\/clipping\/144\/108\/b08e24d7e7414216b00ffb5e6387c9fb\/es-inexplicable-que-la-segunda-potencia-turistica-mundial-no-tenga-plan-de-rescate.jpg 144w, https:\/\/www.ecestaticos.com\/image\/clipping\/128\/96\/b08e24d7e7414216b00ffb5e6387c9fb\/es-inexplicable-que-la-segunda-potencia-turistica-mundial-no-tenga-plan-de-rescate.jpg 128w\" sizes=\" (min-width: 996px) 202px, (min-width: 768px) 144px, 128px\"\/>  <\/figure>\n<div class=\"inTextNews__text\">\n<header> <span> <a rel=\"nofollow noopener\" target=\"_blank\" class=\"inTextNews__title\" href=\"https:\/\/www.elconfidencial.com\/espana\/andalucia\/2021-01-31\/es-inexplicable-que-la-segunda-potencia-turistica-mundial-no-tenga-un-plan-de-rescate_2928520\/\">&#8220;Es inexplicable que la segunda potencia tur\u00edstica mundial no tenga plan de rescate&#8221;<\/a> <\/span> <\/header>\n<p>    <span class=\"inTextNews__itemSignature\">Jos\u00e9 Luis Losa<\/span>   <\/p>\n<\/p><\/div>\n<\/section>\n<p> Por eso, en buena parte del litoral andaluz, especialmente <a rel=\"nofollow noopener\" target=\"_blank\" href=\"https:\/\/www.elconfidencial.com\/espana\/comunidad-valenciana\/2021-03-01\/benidorm-torremolinos-turismo-coronavirus_2967079\/\">el m\u00e1s dependiente del turismo internacional<\/a>, como la Costa del Sol, la mayor\u00eda de los hoteles<strong> prefieren esperar al 1 de junio <\/strong>para abrir sus puertas. <\/p>\n<p> Mucho <strong>m\u00e1s activos se encuentran ya los hoteles del inside andaluz<\/strong>, especialmente de ciudades hist\u00f3ricas como Sevilla, C\u00f3rdoba o Granada, que est\u00e1n abriendo ya sus puertas esta misma semana. As\u00ed lo confirma el presidente de los hoteleros sevillanos, <strong>Manuel Cornax<\/strong>, para quien la apertura del per\u00edmetro de la comunidad marca un antes y un despu\u00e9s. \u201cPor ejemplo, ya pueden venir los madrile\u00f1os, principal regi\u00f3n emisora de turistas nacionales a Sevilla y de alto nivel adquisitivo\u201d, se\u00f1ala. Se da la circunstancia de que la capital andaluza es, en estos momentos, la ciudad espa\u00f1ola con mayor n\u00famero de hoteles de cuatro y cinco estrellas en construcci\u00f3n, que prev\u00e9n abrir el pr\u00f3ximo oto\u00f1o-invierno. <\/p>\n<section class=\"bodyObject inTextNews\">\n<figure class=\"inTextNews__imgWrapper\">  <img decoding=\"async\" class=\"inTextNews__img\" alt=\"Foto: Hotel en construcci\u00f3n en la antigua sede de Abengoa. (Foto: J. L. Losa)\" src=\"https:\/\/www.ecestaticos.com\/image\/clipping\/fa048ea8e6d16aeda3b04f4cdaa375ed\/sevilla-liderara-la-apertura-de-hoteles-en-espana-en-2021.jpg\" srcset=\" https:\/\/www.ecestaticos.com\/image\/clipping\/202\/152\/fa048ea8e6d16aeda3b04f4cdaa375ed\/sevilla-liderara-la-apertura-de-hoteles-en-espana-en-2021.jpg 202w, https:\/\/www.ecestaticos.com\/image\/clipping\/144\/108\/fa048ea8e6d16aeda3b04f4cdaa375ed\/sevilla-liderara-la-apertura-de-hoteles-en-espana-en-2021.jpg 144w, https:\/\/www.ecestaticos.com\/image\/clipping\/128\/96\/fa048ea8e6d16aeda3b04f4cdaa375ed\/sevilla-liderara-la-apertura-de-hoteles-en-espana-en-2021.jpg 128w\" sizes=\" (min-width: 996px) 202px, (min-width: 768px) 144px, 128px\"\/>  <\/figure>\n<div class=\"inTextNews__text\">\n<header> <span> <a rel=\"nofollow noopener\" target=\"_blank\" class=\"inTextNews__title\" href=\"https:\/\/www.elconfidencial.com\/espana\/andalucia\/2021-01-04\/sevilla-liderara-la-apertura-de-hoteles-en-espana-en-2021_2892255\/\">Sevilla liderar\u00e1 la apertura de hoteles en Espa\u00f1a en 2021<\/a> <\/span> <\/header>\n<p>    <span class=\"inTextNews__itemSignature\">Jos\u00e9 Luis Losa<\/span>   <\/p>\n<\/p><\/div>\n<\/section>\n<p> De momento, <strong>esta apertura nacional ya beneficia<\/strong> especialmente algunos destinos de turismo urbano y patrimonial, donde se notan las reservas para escapadas de fin de semana. As\u00ed lo han notado tambi\u00e9n las <a rel=\"nofollow noopener\" target=\"_blank\" href=\"https:\/\/blogs.elconfidencial.com\/economia\/por-las-esquinas\/2021-05-05\/inversiones-cosmetica-cordoba_3063716\/\">reservas para este mes de los hoteles de C\u00f3rdoba<\/a>, donde se celebran los tradicionales patios, que este a\u00f1o cumplen 100 a\u00f1os. <\/p>\n<p> De los 32,5 millones de turistas que Andaluc\u00eda recibi\u00f3 en 2019, hasta <strong>20 millones eran nacionales<\/strong>, segmento en el que la regi\u00f3n se ha consolidado como el destino favorito de los espa\u00f1oles, mientras que los otros 12,5 millones eran extranjeros, buena parte de ellos buscando sol y playa. <\/p>\n<p> En la <a rel=\"nofollow noopener\" target=\"_blank\" href=\"https:\/\/www.elconfidencial.com\/empresas\/2020-05-06\/hoteles-de-lujo-costa-del-sol-covid-19-free_2583188\/\">Costa del Sol<\/a>, creen que podr\u00e1n salvar el a\u00f1o, aunque muy lejos de las cifras pre-covid. As\u00ed, el presidente de <a rel=\"nofollow noopener\" target=\"_blank\" href=\"https:\/\/aehcos.es\/\">Aehcos<\/a> (Asociaci\u00f3n de Empresarios Hoteleros de la Costa del Sol), <strong>Jos\u00e9 Luque<\/strong>, considera que la facturaci\u00f3n de este a\u00f1o solo ser\u00e1 un 50% de la del a\u00f1o 2019, cifra que eleva a un 55% en el caso de algunos municipios como Marbella. <\/p>\n<section class=\"bodyObject inTextNews inTextNews--blog\">\n<figure class=\"inTextNews__imgWrapper\">  <img decoding=\"async\" class=\"inTextNews__img\" alt=\"Foto: Vista del Paseo de Linarejos, en el centro de Linares, Ja\u00e9n. (EFE)\" src=\"https:\/\/www.ecestaticos.com\/image\/clipping\/569dfb2e8ff33680f3fba4410545b2aa\/andalucia-al-desnudo.jpg\" srcset=\" https:\/\/www.ecestaticos.com\/image\/clipping\/202\/152\/569dfb2e8ff33680f3fba4410545b2aa\/andalucia-al-desnudo.jpg 202w, https:\/\/www.ecestaticos.com\/image\/clipping\/144\/108\/569dfb2e8ff33680f3fba4410545b2aa\/andalucia-al-desnudo.jpg 144w, https:\/\/www.ecestaticos.com\/image\/clipping\/128\/96\/569dfb2e8ff33680f3fba4410545b2aa\/andalucia-al-desnudo.jpg 128w\" sizes=\" (min-width: 996px) 202px, (min-width: 768px) 144px, 128px\"\/>   <span class=\"inTextNews__label\"> Opini\u00f3n <\/span>  <\/figure>\n<div class=\"inTextNews__text\">\n<header> <span> <a rel=\"nofollow noopener\" target=\"_blank\" class=\"inTextNews__title\" href=\"https:\/\/blogs.elconfidencial.com\/espana\/tribuna\/2020-10-20\/andalucia-desnudo-economia-pandemia-cultura-vida_2797384\/\">Andaluc\u00eda al desnudo<\/a> <\/span> <\/header>\n<p>    <span class=\"inTextNews__itemSignature\">Jos\u00e9 Luis Losa<\/span>   <\/p>\n<\/p><\/div>\n<\/section>\n<p> Mucho m\u00e1s optimista se muestra el vicepresidente de la Junta y consejero de Turismo, <strong>Juan Mar\u00edn,<\/strong> que asegura que esperan &#8220;ir por encima de un <strong>70% amplio de ocupaci\u00f3n<\/strong> durante los meses de julio y agosto, y eso nos empieza a situar nuevamente en cifras que en 2022 nos permitan alcanzar el r\u00e9cord de 2019 y que el turismo siga aportando un 13% del PIB andaluz&#8221;. <\/p>\n<p> Adem\u00e1s, califica de magn\u00edficas las previsiones que el presidente de los hoteleros de la Costa del Sol hac\u00eda en un encuentro organizado por CIT Marbella. &#8220;Si ya la patronal habla de <strong>un 55% de facturaci\u00f3n sobre 2019<\/strong>, hablar\u00edamos de recuperar casi el 80% respecto a 2020, y eso es una magn\u00edfica noticia. Ojal\u00e1 se cumpla. Va a ser un verano muy bueno&#8221;, conclu\u00eda. <\/p>\n<section class=\"bodyObject inTextNews\">\n<figure class=\"inTextNews__imgWrapper\">  <img decoding=\"async\" class=\"inTextNews__img\" alt=\"Foto: El futuro W de Marbella, uno de los tres proyectos estrat\u00e9gicos.\" src=\"https:\/\/www.ecestaticos.com\/image\/clipping\/9adb2fd6ba5b03b152398f9cd7435665\/andalucia-declara-estrategicos-los-hoteles-incluye-tres-de-marbella-en-su-aceleradora.jpg\" srcset=\" https:\/\/www.ecestaticos.com\/image\/clipping\/202\/152\/9adb2fd6ba5b03b152398f9cd7435665\/andalucia-declara-estrategicos-los-hoteles-incluye-tres-de-marbella-en-su-aceleradora.jpg 202w, https:\/\/www.ecestaticos.com\/image\/clipping\/144\/108\/9adb2fd6ba5b03b152398f9cd7435665\/andalucia-declara-estrategicos-los-hoteles-incluye-tres-de-marbella-en-su-aceleradora.jpg 144w, https:\/\/www.ecestaticos.com\/image\/clipping\/128\/96\/9adb2fd6ba5b03b152398f9cd7435665\/andalucia-declara-estrategicos-los-hoteles-incluye-tres-de-marbella-en-su-aceleradora.jpg 128w\" sizes=\" (min-width: 996px) 202px, (min-width: 768px) 144px, 128px\"\/>  <\/figure>\n<div class=\"inTextNews__text\">\n<header> <span> <a rel=\"nofollow noopener\" target=\"_blank\" class=\"inTextNews__title\" href=\"https:\/\/www.elconfidencial.com\/empresas\/2020-11-26\/andalucia-declara-estrategicos-hoteles-marbella-aceleradora_2847987\/\">Andaluc\u00eda declara estrat\u00e9gicos los hoteles: incluye tres de Marbella en su aceleradora <\/a> <\/span> <\/header>\n<p>    <span class=\"inTextNews__itemSignature\">R. Ugalde<\/span>   <\/p>\n<\/p><\/div>\n<\/section>\n<p> <a rel=\"nofollow noopener\" target=\"_blank\" href=\"https:\/\/www.elconfidencial.com\/tags\/personajes\/juan-marin-15404\/\">Mar\u00edn<\/a> ha indicado que Andaluc\u00eda, con la apertura de los cierres interprovinciales, &#8220;entra en esa <strong>fase de recuperaci\u00f3n del sector<\/strong>&#8221; y ha remarcado que &#8220;nos llegan muchos &#8216;inputs&#8217; interesantes, como que una de cada cuatro reservas de las que se est\u00e1n activando en Espa\u00f1a en este momento se est\u00e1 haciendo en el <a rel=\"nofollow noopener\" target=\"_blank\" href=\"https:\/\/www.elconfidencial.com\/viajes\/2020-12-04\/planes-invierno-en-andalucia-bra_2853643\/\">destino tur\u00edstico en Andaluc\u00eda<\/a>&#8220;. <\/p>\n<p> A ello hay que sumar que &#8220;la planta hotelera andaluza <strong>ha adelantado su apertura al mes de mayo, <\/strong>cuando estaba prevista para un mes m\u00e1s tarde, eso significa no solo la recuperaci\u00f3n de las reservas o la activaci\u00f3n de las mismas, sino tambi\u00e9n la incorporaci\u00f3n de <a rel=\"nofollow noopener\" target=\"_blank\" href=\"https:\/\/www.elconfidencial.com\/empresas\/2020-06-18\/pedro-sanchez-presentacion-plan-turismo-moncloa_2644643\/\">muchos trabajadores que estaban en ERTE en el sector<\/a> y que afortunadamente un mes antes van a poder empezar de nuevo a desarrollar su labor&#8221;. <\/p>\n<p> En lo que coinciden todas las partes consultadas es en las<strong> buenas perspectivas<\/strong> para que la temporada tur\u00edstica de verano <strong>se alargue hasta septiembre y octubre<\/strong>, a tenor de las numerosas reservas que se est\u00e1n recibiendo en muchos establecimientos hoteleros de la comunidad, si bien prefieren no lanzar las campanas al vuelo hasta que se acerque la fecha, \u201cporque hemos visto que la situaci\u00f3n sanitaria puede dar un vuelco de un mes para otro\u201d, explica el representante de la CEA. <\/p>\n<section class=\"htmlWrapper\"><iframe loading=\"lazy\" height=\"400px\" data-layout=\"fixed-height\" scrolling=\"auto\" src=\"https:\/\/datos.elconfidencial.com\/opinion-modulo-firma\/?author=losa\" vspace=\"0\" width=\"100%\"><\/iframe>  <\/section><\/div>\n\n<p><em> &#8221; Fuentes www.elconfidencial.com &#8221; <\/em><\/p>\n","protected":false},"excerpt":{"rendered":"<p>Los nervios y el optimismo son los primeros &#8216;hu\u00e9spedes&#8217; que se han instalado estos d\u00edas en los hoteles andaluces tras la sucesi\u00f3n de buenas noticias de las \u00faltimas horas. La pasada semana, el presidente de la Junta, Juanma Moreno, aprob\u00f3 la movilidad entre las ocho provincias andaluzas (un territorio tan extenso como Portugal) por primera [&hellip;]<\/p>\n","protected":false},"author":4,"featured_media":121523,"comment_status":"open","ping_status":"closed","sticky":false,"template":"","format":"standard","meta":{"om_disable_all_campaigns":false,"jnews-multi-image_gallery":[],"jnews_single_post":[],"jnews_primary_category":[],"jnews_social_meta":[],"footnotes":""},"categories":[40],"tags":[],"class_list":["post-121522","post","type-post","status-publish","format-standard","has-post-thumbnail","hentry","category-industria"],"_links":{"self":[{"href":"https:\/\/dimensionturistica.com\/es\/wp-json\/wp\/v2\/posts\/121522","targetHints":{"allow":["GET"]}}],"collection":[{"href":"https:\/\/dimensionturistica.com\/es\/wp-json\/wp\/v2\/posts"}],"about":[{"href":"https:\/\/dimensionturistica.com\/es\/wp-json\/wp\/v2\/types\/post"}],"author":[{"embeddable":true,"href":"https:\/\/dimensionturistica.com\/es\/wp-json\/wp\/v2\/users\/4"}],"replies":[{"embeddable":true,"href":"https:\/\/dimensionturistica.com\/es\/wp-json\/wp\/v2\/comments?post=121522"}],"version-history":[{"count":0,"href":"https:\/\/dimensionturistica.com\/es\/wp-json\/wp\/v2\/posts\/121522\/revisions"}],"wp:featuredmedia":[{"embeddable":true,"href":"https:\/\/dimensionturistica.com\/es\/wp-json\/wp\/v2\/media\/121523"}],"wp:attachment":[{"href":"https:\/\/dimensionturistica.com\/es\/wp-json\/wp\/v2\/media?parent=121522"}],"wp:term":[{"taxonomy":"category","embeddable":true,"href":"https:\/\/dimensionturistica.com\/es\/wp-json\/wp\/v2\/categories?post=121522"},{"taxonomy":"post_tag","embeddable":true,"href":"https:\/\/dimensionturistica.com\/es\/wp-json\/wp\/v2\/tags?post=121522"}],"curies":[{"name":"wp","href":"https:\/\/api.w.org\/{rel}","templated":true}]}}