{"id":121513,"date":"2021-05-05T02:43:28","date_gmt":"2021-05-05T02:43:28","guid":{"rendered":"https:\/\/dimensionturistica.com\/es\/?p=121513"},"modified":"2021-05-05T02:43:28","modified_gmt":"2021-05-05T02:43:28","slug":"identifican-a-brandon-entre-victimas-de-linea-12-hay-24-desaparecidos","status":"publish","type":"post","link":"https:\/\/dimensionturistica.com\/es\/identifican-a-brandon-entre-victimas-de-linea-12-hay-24-desaparecidos\/","title":{"rendered":"Identifican a Brandon entre v\u00edctimas de L\u00ednea 12; hay 24 desaparecidos"},"content":{"rendered":"<p> <br \/>\n<\/p>\n<div>\n<p><span style=\"font-weight: 400;\">Tras el desplome en la L\u00ednea 12 del Metro en Tl\u00e1huac, hay al menos 24 personas desaparecidas, de acuerdo con un listado del gobierno capitalino.\u00a0<\/span><\/p>\n<p><span style=\"font-weight: 400;\">El gobierno capitalino <a rel=\"nofollow noopener\" target=\"_blank\" href=\"https:\/\/hospitalizadosmetro.cdmx.gob.mx\/public\/hospitalizados_metro.xhtml\">public\u00f3 una lista de los fallecidos, hospitalizados y reportados como no localizados<\/a> por su familiares en Locatel.<\/span><\/p>\n<p><a rel=\"nofollow noopener\" target=\"_blank\" href=\"https:\/\/www.animalpolitico.com\/2021\/05\/familias-victimas-linea-12-muertos-desaparecidos\/\"><em>Lee: Muertos, sin atenci\u00f3n o desaparecidos: las tragedias de familias de v\u00edctimas de la L\u00ednea 12<\/em><\/a><\/p>\n<p>La noche de este martes, las autoridades identificaron a <span style=\"font-weight: 400;\">Brandon Giovanni Hern\u00e1ndez Tapia, de 12 a\u00f1os de edad, entre los fallecidos. Con lo que la lista qued\u00f3 en 24 personas. El menor viajaba con su pap\u00e1, Rigoberto Quiroz Hern\u00e1ndez, internado en el hospital Balbuena.\u00a0<\/span><\/p>\n<p><span style=\"font-weight: 400;\">Otra de esas personas no localizadas es Gildardo Galicia, quien qued\u00f3 de verse en la estaci\u00f3n Nopalera, de la misma l\u00ednea, para regresar juntos a casa. Desde anoche no sabe nada de su esposo y ha pasado m\u00e1s de 15 horas busc\u00e1ndolo en los hospitales.\u00a0<\/span><\/p>\n<p><a rel=\"nofollow noopener\" target=\"_blank\" href=\"https:\/\/www.animalpolitico.com\/2021\/05\/accidente-metro-linea-12-les-cayo-encima-muertos\/\"><em>Lee m\u00e1s: \u201cEl Metro les cay\u00f3 encima\u201d: L\u00ednea 12 sufre uno de los peores accidentes del transporte en CDMX<\/em><\/a><\/p>\n<p><span style=\"font-weight: 400;\">Angelica Cruz Camilo tambi\u00e9n busca a su esposo, Santos Reyes P\u00e9rez. El hombre ven\u00eda de trabajar. Le marc\u00f3 a su esposa cuando estaba en la estaci\u00f3n Perif\u00e9rico. Fue la \u00faltima vez que tuvieron comunicaci\u00f3n. No hubo m\u00e1s llamadas ni mensajes. La \u00faltima conexi\u00f3n de Santos fue a las 10:25 de la noche.\u00a0<\/span><\/p>\n<p><span style=\"font-weight: 400;\">Las edades de los no localizados oscilan entre los 20 y los 60 a\u00f1os; siete son mujeres y el resto hombres.<\/span><\/p>\n<p><em>Con informaci\u00f3n de Andrea Vega.<\/em><\/p>\n<div class=\"ap_single_fondea_text\">Lo que hacemos en Animal Pol\u00edtico requiere de periodistas profesionales, trabajo en equipo, mantener di\u00e1logo con los lectores y algo muy importante: independencia. T\u00fa puedes ayudarnos a seguir. S\u00e9 parte del equipo.<br \/>\n<a rel=\"nofollow noopener\" target=\"_blank\" href=\"https:\/\/www.animalpolitico.com\/suscribete\">Suscr\u00edbete a Animal Pol\u00edtico<\/a>, recibe beneficios y apoya el periodismo libre.<\/p>\n<p><span style=\"font-weight: 600!important;\">#YoSoyAnimal<\/span><\/p>\n<\/div>\n<\/div>\n\n<p><em> &#8221; Fuentes www.animalpolitico.com &#8221; <\/em><\/p>\n","protected":false},"excerpt":{"rendered":"<p>Tras el desplome en la L\u00ednea 12 del Metro en Tl\u00e1huac, hay al menos 24 personas desaparecidas, de acuerdo con un listado del gobierno capitalino.\u00a0 El gobierno capitalino public\u00f3 una lista de los fallecidos, hospitalizados y reportados como no localizados por su familiares en Locatel. Lee: Muertos, sin atenci\u00f3n o desaparecidos: las tragedias de familias [&hellip;]<\/p>\n","protected":false},"author":4,"featured_media":121514,"comment_status":"open","ping_status":"closed","sticky":false,"template":"","format":"standard","meta":{"om_disable_all_campaigns":false,"jnews-multi-image_gallery":[],"jnews_single_post":[],"jnews_primary_category":[],"jnews_social_meta":[],"footnotes":""},"categories":[40],"tags":[],"class_list":["post-121513","post","type-post","status-publish","format-standard","has-post-thumbnail","hentry","category-industria"],"_links":{"self":[{"href":"https:\/\/dimensionturistica.com\/es\/wp-json\/wp\/v2\/posts\/121513","targetHints":{"allow":["GET"]}}],"collection":[{"href":"https:\/\/dimensionturistica.com\/es\/wp-json\/wp\/v2\/posts"}],"about":[{"href":"https:\/\/dimensionturistica.com\/es\/wp-json\/wp\/v2\/types\/post"}],"author":[{"embeddable":true,"href":"https:\/\/dimensionturistica.com\/es\/wp-json\/wp\/v2\/users\/4"}],"replies":[{"embeddable":true,"href":"https:\/\/dimensionturistica.com\/es\/wp-json\/wp\/v2\/comments?post=121513"}],"version-history":[{"count":0,"href":"https:\/\/dimensionturistica.com\/es\/wp-json\/wp\/v2\/posts\/121513\/revisions"}],"wp:featuredmedia":[{"embeddable":true,"href":"https:\/\/dimensionturistica.com\/es\/wp-json\/wp\/v2\/media\/121514"}],"wp:attachment":[{"href":"https:\/\/dimensionturistica.com\/es\/wp-json\/wp\/v2\/media?parent=121513"}],"wp:term":[{"taxonomy":"category","embeddable":true,"href":"https:\/\/dimensionturistica.com\/es\/wp-json\/wp\/v2\/categories?post=121513"},{"taxonomy":"post_tag","embeddable":true,"href":"https:\/\/dimensionturistica.com\/es\/wp-json\/wp\/v2\/tags?post=121513"}],"curies":[{"name":"wp","href":"https:\/\/api.w.org\/{rel}","templated":true}]}}