{"id":121479,"date":"2021-05-05T00:33:03","date_gmt":"2021-05-05T00:33:03","guid":{"rendered":"https:\/\/dimensionturistica.com\/es\/?p=121479"},"modified":"2021-05-05T00:33:03","modified_gmt":"2021-05-05T00:33:03","slug":"eeuu-rusia-biden-espera-reunirse-con-putin-en-su-viaje-a-europa-en-junio","status":"publish","type":"post","link":"https:\/\/dimensionturistica.com\/es\/eeuu-rusia-biden-espera-reunirse-con-putin-en-su-viaje-a-europa-en-junio\/","title":{"rendered":"EEUU\/Rusia.- Biden espera reunirse con Putin en su viaje a Europa en junio"},"content":{"rendered":"<p> <br \/>\n<\/p>\n<div>\n<p class=\"paragraph\">MADRID, 5 (EUROPA PRESS)<\/p>\n<p>El presidente de Estados Unidos, Joe Biden, ha subrayado este martes que tiene &#8220;la esperanza y la expectativa&#8221; de reunirse personalmente con el presidente de Rusia, Vladimir Putin, durante su pr\u00f3ximo viaje a Europa, previsto para el mes de junio.<\/p>\n<p>&#8220;Estamos trabajando en ello&#8221;, ha incidido el presidente estadounidense desde la Casa Blanca al ser preguntado sobre la posible cita, que se llevar\u00eda a cabo en el viaje para la cumbre del G7 en Reino Unido y un encuentro en B\u00e9lgica con la OTAN y la Uni\u00f3n Europea.<\/p>\n<p>Al respecto, el secretario de Estado de Estados Unidos, Antony Blinken, ha indicado, en una entrevista con el medio brit\u00e1nico &#8216;Monetary Occasions&#8217;, que Biden cree que es importante &#8220;ser claro y directo&#8221; con Putin.<\/p>\n<p>Una de las mejores maneras de serlo, seg\u00fan ha explicado Blinken, es con un encuentro private. &#8220;(Biden) Ha tenido un par de conversaciones con el presidente Putin por tel\u00e9fono ahora, y no hay ning\u00fan secreto, incluso desde antes de ser elegido presidente ha sido muy claro con que si Rusia se involucra en acciones agresivas e imprudentes, responderemos&#8221;, ha recalcado.<\/p>\n<p>En este contexto, ambos pa\u00edses est\u00e1n trabajando para concretar un encuentro private entre los l\u00edderes, despu\u00e9s de que Biden propusiese una reuni\u00f3n en un tercer pa\u00eds, en una conversaci\u00f3n telef\u00f3nica con su hom\u00f3logo ruso.<\/p>\n<p>Recientemente, Washington ha impuesto sanciones adicionales a Rusia en represalia por el hackeo de SolarWinds Corp. y el trato al l\u00edder opositor ruso Alexei Navalni. No obstante, Biden ha dicho que, aunque Estados Unidos y Rusia tienen sus diferencias, quiere trabajar con Mosc\u00fa en una serie de cuestiones, como la reducci\u00f3n de las armas nucleares y el cambio clim\u00e1tico.<\/p>\n<\/div>\n<p><script defer=\"\">!function(f,b,e,v,n,t,s) {if(f.fbq)return;n=f.fbq=function(){n.callMethod? n.callMethod.apply(n,arguments):n.queue.push(arguments)}; if(!f._fbq)f._fbq=n;n.push=n;n.loaded=!0;n.version='2.0'; n.queue=[];t=b.createElement(e);t.async=!0; t.src=v;s=b.getElementsByTagName(e)[0]; s.parentNode.insertBefore(t,s)}(window, document,'script', 'https:\/\/connect.facebook.net\/en_US\/fbevents.js'); fbq('init', '336383993555320'); fbq('track', 'PageView'); fbq('track', 'ViewContent');<\/script><br \/>\n<br \/><\/p>\n<p><em> &#8221; Fuentes www.infobae.com &#8221; <\/em><\/p>\n","protected":false},"excerpt":{"rendered":"<p>MADRID, 5 (EUROPA PRESS) El presidente de Estados Unidos, Joe Biden, ha subrayado este martes que tiene &#8220;la esperanza y la expectativa&#8221; de reunirse personalmente con el presidente de Rusia, Vladimir Putin, durante su pr\u00f3ximo viaje a Europa, previsto para el mes de junio. &#8220;Estamos trabajando en ello&#8221;, ha incidido el presidente estadounidense desde la [&hellip;]<\/p>\n","protected":false},"author":4,"featured_media":120974,"comment_status":"open","ping_status":"closed","sticky":false,"template":"","format":"standard","meta":{"om_disable_all_campaigns":false,"jnews-multi-image_gallery":[],"jnews_single_post":[],"jnews_primary_category":[],"jnews_social_meta":[],"footnotes":""},"categories":[40],"tags":[],"class_list":["post-121479","post","type-post","status-publish","format-standard","has-post-thumbnail","hentry","category-industria"],"_links":{"self":[{"href":"https:\/\/dimensionturistica.com\/es\/wp-json\/wp\/v2\/posts\/121479","targetHints":{"allow":["GET"]}}],"collection":[{"href":"https:\/\/dimensionturistica.com\/es\/wp-json\/wp\/v2\/posts"}],"about":[{"href":"https:\/\/dimensionturistica.com\/es\/wp-json\/wp\/v2\/types\/post"}],"author":[{"embeddable":true,"href":"https:\/\/dimensionturistica.com\/es\/wp-json\/wp\/v2\/users\/4"}],"replies":[{"embeddable":true,"href":"https:\/\/dimensionturistica.com\/es\/wp-json\/wp\/v2\/comments?post=121479"}],"version-history":[{"count":0,"href":"https:\/\/dimensionturistica.com\/es\/wp-json\/wp\/v2\/posts\/121479\/revisions"}],"wp:featuredmedia":[{"embeddable":true,"href":"https:\/\/dimensionturistica.com\/es\/wp-json\/wp\/v2\/media\/120974"}],"wp:attachment":[{"href":"https:\/\/dimensionturistica.com\/es\/wp-json\/wp\/v2\/media?parent=121479"}],"wp:term":[{"taxonomy":"category","embeddable":true,"href":"https:\/\/dimensionturistica.com\/es\/wp-json\/wp\/v2\/categories?post=121479"},{"taxonomy":"post_tag","embeddable":true,"href":"https:\/\/dimensionturistica.com\/es\/wp-json\/wp\/v2\/tags?post=121479"}],"curies":[{"name":"wp","href":"https:\/\/api.w.org\/{rel}","templated":true}]}}