{"id":121474,"date":"2021-05-05T00:24:51","date_gmt":"2021-05-05T00:24:51","guid":{"rendered":"https:\/\/dimensionturistica.com\/es\/?p=121474"},"modified":"2021-05-05T00:24:51","modified_gmt":"2021-05-05T00:24:51","slug":"latam-regresa-a-la-ruta-sao-paulo-cancun-a-partir-de-junio","status":"publish","type":"post","link":"https:\/\/dimensionturistica.com\/es\/latam-regresa-a-la-ruta-sao-paulo-cancun-a-partir-de-junio\/","title":{"rendered":"LATAM regresa a la ruta Sao Paulo \u2013 Canc\u00fan a partir de junio"},"content":{"rendered":"<p> <br \/>\n<\/p>\n<div>\n<p style=\"text-align: justify;\"><span style=\"color: #000000;\">Conforme se van levantando las restricciones y crece la demanda despu\u00e9s de la pandemia, van reestableci\u00e9ndose los vuelos de las aerol\u00edneas. Como est\u00e1 pasando en otras partes del mundo, los vuelos tur\u00edsticos y de visita a familia y amigos son los que se est\u00e1n recuperando primero por los deseos de salir de la gente luego del encierro. Esta vez <span style=\"color: #0000ff;\"><a rel=\"nofollow noopener\" target=\"_blank\" style=\"color: #0000ff;\" href=\"https:\/\/www.transponder1200.com\/?s=latam+brasil\"><strong>LATAM Brasil<\/strong><\/a><\/span>\u00a0anuncia el reinicio de sus vuelos entre Sao Paulo y Canc\u00fan a partir del 4 de junio.<\/span><\/p>\n<p><a rel=\"nofollow noopener\" target=\"_blank\" href=\"https:\/\/www.facebook.com\/EscuelaVitar\"><img decoding=\"async\" class=\"aligncenter size-full wp-image-44290\" src=\"https:\/\/i1.wp.com\/www.transponder1200.com\/wp-content\/uploads\/2021\/01\/BANNER-PUBLICIDAD-VITAR-V2-728X90.jpg?resize=728%2C90&amp;ssl=1\" alt=\"AERONAUTICA VITAR\" data-tcjp-recalc-dims=\"1\"\/><\/a><\/p>\n<p style=\"text-align: justify;\"><span style=\"color: #000000;\">La ruta ya la hab\u00eda operado la aerol\u00ednea entre diciembre de 2014 y enero de 2017, y m\u00e1s atr\u00e1s la antigua aerol\u00ednea bandera Varig tambi\u00e9n ofrec\u00eda el servicio. El vuelo ser\u00e1 operado con aviones <strong>Boeing 767-300ER<\/strong> con capacidad para 30 pasajeros en clase Premium Enterprise y 191 en Financial system.<\/span><\/p>\n<p style=\"text-align: justify;\"><span style=\"color: #000000;\">El <strong>Director de Ventas y Mercadotecnia de LATAM Airways Brasil<\/strong>, <strong>Diogo Elia<\/strong>s, coment\u00f3 al respecto:<\/span><\/p>\n<blockquote>\n<p style=\"text-align: justify;\"><span style=\"color: #000000;\">M\u00e9xico es un destino abierto a los brasile\u00f1os, incluso en este momento de grandes restricciones internacionales y hay una fuerte demanda a playas del Caribe. Esta es una decisi\u00f3n estrat\u00e9gica ya que seremos la \u00fanica empresa de Brasil que operar\u00e1 la ruta y adem\u00e1s ofrecer\u00e1 asientos Premium Enterprise. Regresamos a Canc\u00fan despu\u00e9s de 4 a\u00f1os y siguiendo todas las medidas sanitarias necesarias para un viaje seguro para todos\u201d.<\/span><\/p>\n<\/blockquote>\n<p style=\"text-align: justify;\"><span style=\"color: #000000;\">Los boletos estar\u00e1n a la venta a partir del domingo 9 de mayo en el sitio internet de LATAM, agencias de viajes y el sitio de su programa de viajero frecuente, las tarifas inician en $666 d\u00f3lares en viaje redondo con impuestos incluidos, o con 120,000 puntos en viaje redondo m\u00e1s impuestos.<\/span><\/p>\n<p style=\"text-align: justify;\"><span style=\"color: #000000;\">El vuelo operar\u00e1 martes y viernes saliendo del Aeropuerto Guarulhos de Sao Paulo a las 08:50 LT para llegar a Canc\u00fan a las 14:00. El vuelo de regreso saldr\u00e1 los mi\u00e9rcoles y s\u00e1bados saliendo de Canc\u00fan a las 15:50 LT para llegar a Sao Paulo a las 02:30 horas del d\u00eda siguiente.<\/span><\/p>\n<p>Foto: Alexander Lang \/ Flickr<\/p>\n<div class=\"author_box_tabs\">\n<nav>\n<\/nav>\n<ul class=\"author_box_tabs_content\">\n<li data-content=\"bio\" class=\"selected\">\n<img decoding=\"async\" alt=\"author's avatar\" class=\"birds_box_avatar\" src=\"https:\/\/i0.wp.com\/www.transponder1200.com\/wp-content\/uploads\/2021\/01\/BIO-T1200-ERICK-HAW.png?ssl=1\" data-tcjp-recalc-dims=\"1\"\/><\/p>\n<p><span class=\"by_text\">Por:<\/span> <span class=\"h4_text\">Erick Haw Mayer<\/span><\/p>\n<p>Apasionado de la aviaci\u00f3n y la industria automotriz de toda la vida, tiene una Licenciatura en Inform\u00e1tica y un Postgrado en Comunicaci\u00f3n y R.P. Aunque tiene experiencia en empresas del rubro automotriz y en Mexicana de Aviaci\u00f3n, su vida profesional se ha dedicado m\u00e1s al periodismo especializado en todo tipo de medios impresos y electr\u00f3nicos, incluyendo la revista Avi\u00f3n Revue de Latinoam\u00e9rica.\n<\/p>\n<\/li>\n<li data-content=\"social\">\n<img decoding=\"async\" alt=\"author's avatar\" class=\"birds_box_avatar\" src=\"https:\/\/i0.wp.com\/www.transponder1200.com\/wp-content\/uploads\/2021\/01\/BIO-T1200-ERICK-HAW.png?ssl=1\" data-tcjp-recalc-dims=\"1\"\/>\n<\/li>\n<\/ul>\n<\/div>\n<\/div>\n<p><script async=\"\" defer=\"\" crossorigin=\"anonymous\">(function(d, s, id) {\n          var js, fjs = d.getElementsByTagName(s)[0];\n          if (d.getElementById(id)) return;\n          js = d.createElement(s); js.id = id;\n          js.src = \"https:\/\/connect.facebook.net\/en_US\/sdk.js#xfbml=1&appId=&version=v10.0\";\n          fjs.parentNode.insertBefore(js, fjs);\n        }(document, 'script', 'facebook-jssdk'));<\/script><br \/>\n<br \/><\/p>\n<p><em> &#8221; Fuentes www.transponder1200.com &#8221; <\/em><\/p>\n","protected":false},"excerpt":{"rendered":"<p>Conforme se van levantando las restricciones y crece la demanda despu\u00e9s de la pandemia, van reestableci\u00e9ndose los vuelos de las aerol\u00edneas. Como est\u00e1 pasando en otras partes del mundo, los vuelos tur\u00edsticos y de visita a familia y amigos son los que se est\u00e1n recuperando primero por los deseos de salir de la gente luego [&hellip;]<\/p>\n","protected":false},"author":4,"featured_media":121331,"comment_status":"open","ping_status":"closed","sticky":false,"template":"","format":"standard","meta":{"om_disable_all_campaigns":false,"jnews-multi-image_gallery":[],"jnews_single_post":[],"jnews_primary_category":[],"jnews_social_meta":[],"footnotes":""},"categories":[40],"tags":[],"class_list":["post-121474","post","type-post","status-publish","format-standard","has-post-thumbnail","hentry","category-industria"],"_links":{"self":[{"href":"https:\/\/dimensionturistica.com\/es\/wp-json\/wp\/v2\/posts\/121474","targetHints":{"allow":["GET"]}}],"collection":[{"href":"https:\/\/dimensionturistica.com\/es\/wp-json\/wp\/v2\/posts"}],"about":[{"href":"https:\/\/dimensionturistica.com\/es\/wp-json\/wp\/v2\/types\/post"}],"author":[{"embeddable":true,"href":"https:\/\/dimensionturistica.com\/es\/wp-json\/wp\/v2\/users\/4"}],"replies":[{"embeddable":true,"href":"https:\/\/dimensionturistica.com\/es\/wp-json\/wp\/v2\/comments?post=121474"}],"version-history":[{"count":0,"href":"https:\/\/dimensionturistica.com\/es\/wp-json\/wp\/v2\/posts\/121474\/revisions"}],"wp:featuredmedia":[{"embeddable":true,"href":"https:\/\/dimensionturistica.com\/es\/wp-json\/wp\/v2\/media\/121331"}],"wp:attachment":[{"href":"https:\/\/dimensionturistica.com\/es\/wp-json\/wp\/v2\/media?parent=121474"}],"wp:term":[{"taxonomy":"category","embeddable":true,"href":"https:\/\/dimensionturistica.com\/es\/wp-json\/wp\/v2\/categories?post=121474"},{"taxonomy":"post_tag","embeddable":true,"href":"https:\/\/dimensionturistica.com\/es\/wp-json\/wp\/v2\/tags?post=121474"}],"curies":[{"name":"wp","href":"https:\/\/api.w.org\/{rel}","templated":true}]}}