{"id":121384,"date":"2021-05-04T19:59:15","date_gmt":"2021-05-04T19:59:15","guid":{"rendered":"https:\/\/dimensionturistica.com\/es\/?p=121384"},"modified":"2021-05-04T19:59:15","modified_gmt":"2021-05-04T19:59:15","slug":"morena-anunciara-candidata-en-guerrero-el-sabado-se-perfila-hija-de-salgado","status":"publish","type":"post","link":"https:\/\/dimensionturistica.com\/es\/morena-anunciara-candidata-en-guerrero-el-sabado-se-perfila-hija-de-salgado\/","title":{"rendered":"Morena anunciar\u00e1 candidata en Guerrero el s\u00e1bado; se perfila hija de Salgado"},"content":{"rendered":"<p> <br \/>\n<\/p>\n<div>\n<p>La tarde del s\u00e1bado 1 de mayo, en un evento\u00a0 en el Parque de la Reina, en Acapulco, Morena dar\u00e1 a conocer quien ser\u00e1 su candidata al gobierno de Guerrero. Justo cuando se cumplir\u00e1n las 48 horas que dio el Tribunal Electoral al partido. Quien se perfila como la ganadora es\u00a0Evelyn Salgado Pineda, hija del aspirante morenista F\u00e9lix Salgado Macedonio.<\/p>\n<p>Aunque Evelyn Salgado nunca se registr\u00f3 previamente como aspirante a la candidatura, habr\u00eda obtenido mayor preferencia entre la militancia. Compiti\u00f3 con la senadora y exautodefensa Nestora Salgado; Esther Araceli G\u00f3mez Ram\u00edrez, integrante del CEN de Morena y delegada electoral en la entidad, y Mar\u00eda de la Luz N\u00fa\u00f1ez Ramos, exalcaldesa de Atoyac y excandidata de Morena al gobierno de Michoac\u00e1n.<\/p>\n<p>Luego de que el Tribunal Electoral y el INE reafirmaron la sanci\u00f3n de p\u00e9rdida de la candidatura para F\u00e9lix Salgado, el senador con licencia sugiri\u00f3 la posibilidad de que su hija fuera su reemplazo.<\/p>\n<p>\u201cY se los digo as\u00ed de simple: ahora no vamos a ser uno, ahora vamos a ser dos, \u00bfpor qu\u00e9? Porque hay toro. Va a haber toro\u201d, dijo en un mitin con simpatizantes.<\/p>\n<p>Salgado Macedonio rechaz\u00f3 que quisiera imponer a su hija como candidata a gobernadora de Guerrero, e incluso dijo que asegurar que su m\u00e9rito es que sean familia es violencia pol\u00edtica de g\u00e9nero.<\/p>\n<p>\u201cYo no propuse a mi hija. Tuvimos una asamblea informativa y ustedes est\u00e1n de testigos, en ning\u00fan momento yo dije aqu\u00ed est\u00e1 mi hija, ap\u00f3yenla. Me ver\u00eda yo muy mal\u201d, mencion\u00f3.<\/p>\n<p>Este 28 de abril, mientras la Comisi\u00f3n de Elecciones de Morena sesionaba para definir los reemplazos en las candidaturas, Salgado fue cuestionado sobre si \u00e9l impulsar\u00eda a su hija como relevo, situaci\u00f3n que no descart\u00f3.<\/p>\n<div class=\"ap_single_fondea_text\">Lo que hacemos en Animal Pol\u00edtico requiere de periodistas profesionales, trabajo en equipo, mantener di\u00e1logo con los lectores y algo muy importante: independencia. T\u00fa puedes ayudarnos a seguir. S\u00e9 parte del equipo.<br \/>\n<a rel=\"nofollow noopener\" target=\"_blank\" href=\"https:\/\/www.animalpolitico.com\/suscribete\">Suscr\u00edbete a Animal Pol\u00edtico<\/a>, recibe beneficios y apoya el periodismo libre.<\/p>\n<p><span style=\"font-weight: 600!important;\">#YoSoyAnimal<\/span><\/p>\n<\/div>\n<\/div>\n\n<p><em> &#8221; Fuentes www.animalpolitico.com &#8221; <\/em><\/p>\n","protected":false},"excerpt":{"rendered":"<p>La tarde del s\u00e1bado 1 de mayo, en un evento\u00a0 en el Parque de la Reina, en Acapulco, Morena dar\u00e1 a conocer quien ser\u00e1 su candidata al gobierno de Guerrero. Justo cuando se cumplir\u00e1n las 48 horas que dio el Tribunal Electoral al partido. Quien se perfila como la ganadora es\u00a0Evelyn Salgado Pineda, hija del [&hellip;]<\/p>\n","protected":false},"author":4,"featured_media":121385,"comment_status":"open","ping_status":"closed","sticky":false,"template":"","format":"standard","meta":{"om_disable_all_campaigns":false,"jnews-multi-image_gallery":[],"jnews_single_post":[],"jnews_primary_category":[],"jnews_social_meta":[],"footnotes":""},"categories":[40],"tags":[],"class_list":["post-121384","post","type-post","status-publish","format-standard","has-post-thumbnail","hentry","category-industria"],"_links":{"self":[{"href":"https:\/\/dimensionturistica.com\/es\/wp-json\/wp\/v2\/posts\/121384","targetHints":{"allow":["GET"]}}],"collection":[{"href":"https:\/\/dimensionturistica.com\/es\/wp-json\/wp\/v2\/posts"}],"about":[{"href":"https:\/\/dimensionturistica.com\/es\/wp-json\/wp\/v2\/types\/post"}],"author":[{"embeddable":true,"href":"https:\/\/dimensionturistica.com\/es\/wp-json\/wp\/v2\/users\/4"}],"replies":[{"embeddable":true,"href":"https:\/\/dimensionturistica.com\/es\/wp-json\/wp\/v2\/comments?post=121384"}],"version-history":[{"count":0,"href":"https:\/\/dimensionturistica.com\/es\/wp-json\/wp\/v2\/posts\/121384\/revisions"}],"wp:featuredmedia":[{"embeddable":true,"href":"https:\/\/dimensionturistica.com\/es\/wp-json\/wp\/v2\/media\/121385"}],"wp:attachment":[{"href":"https:\/\/dimensionturistica.com\/es\/wp-json\/wp\/v2\/media?parent=121384"}],"wp:term":[{"taxonomy":"category","embeddable":true,"href":"https:\/\/dimensionturistica.com\/es\/wp-json\/wp\/v2\/categories?post=121384"},{"taxonomy":"post_tag","embeddable":true,"href":"https:\/\/dimensionturistica.com\/es\/wp-json\/wp\/v2\/tags?post=121384"}],"curies":[{"name":"wp","href":"https:\/\/api.w.org\/{rel}","templated":true}]}}