{"id":121370,"date":"2021-05-04T19:34:58","date_gmt":"2021-05-04T19:34:58","guid":{"rendered":"https:\/\/dimensionturistica.com\/es\/?p=121370"},"modified":"2021-05-04T19:34:58","modified_gmt":"2021-05-04T19:34:58","slug":"caribbean-travel-marketplace-analizara-el-turismo-post-pandemia","status":"publish","type":"post","link":"https:\/\/dimensionturistica.com\/es\/caribbean-travel-marketplace-analizara-el-turismo-post-pandemia\/","title":{"rendered":"Caribbean Travel Marketplace analizar\u00e1 el turismo post-pandemia"},"content":{"rendered":"<p> <br \/>\n<\/p>\n<div>\n<p>La pr\u00f3xima conferencia <strong>Caribbean Journey Market<\/strong> ofrecer\u00e1 una \u201cmirada post-pand\u00e9mica\u201d a la industria tur\u00edstica de la regi\u00f3n, seg\u00fan informaron los organizadores.<\/p>\n<p>El evento, una creaci\u00f3n de la Asociaci\u00f3n de Hoteles y Turismo del Caribe (<strong>CHTA<\/strong>), se llevar\u00e1 a cabo virtualmente del 11 al 14 de mayo 2021.<\/p>\n<p><strong>Vanessa Ledesma<\/strong>, directora ejecutiva interina de CHTA, explic\u00f3 que, \u201ccomo resultado de la pandemia, las empresas han tenido tiempo de reevaluar sus propiedades y los gobiernos han evaluado sus destinos, haciendo cambios para reflejar las nuevas realidades del sector tur\u00edstico\u201d,<\/p>\n<p>Adem\u00e1s agreg\u00f3 que \u00a0\u201ces el lugar perfecto oportunidad para que los compradores conozcan estos cambios, ajusten sus propios enfoques y se aseguren de que sus paquetes est\u00e9n actualizados y sean atractivos \u201c.<\/p>\n<p>\u201cEl evento ser\u00e1 virtual debido al Covid-19, por ello m\u00e1s compradores y vendedores de viajes pueden participar, raz\u00f3n por la cual promete ser un evento de Marketplace \u00fanico\u201d, indic\u00f3.<\/p>\n<p>Se recuerda que el evento contar\u00e1 con un grupo de compradores de pa\u00edses tan diversos como <strong>Austria, India, Italia, M\u00e9xico<\/strong> y <strong>Emiratos \u00c1rabes Unidos<\/strong>, entre otros.<\/p>\n<\/div>\n\n<p><em> &#8221; Fuentes megadiario.com.do &#8221; <\/em><\/p>\n","protected":false},"excerpt":{"rendered":"<p>La pr\u00f3xima conferencia Caribbean Journey Market ofrecer\u00e1 una \u201cmirada post-pand\u00e9mica\u201d a la industria tur\u00edstica de la regi\u00f3n, seg\u00fan informaron los organizadores. El evento, una creaci\u00f3n de la Asociaci\u00f3n de Hoteles y Turismo del Caribe (CHTA), se llevar\u00e1 a cabo virtualmente del 11 al 14 de mayo 2021. Vanessa Ledesma, directora ejecutiva interina de CHTA, explic\u00f3 [&hellip;]<\/p>\n","protected":false},"author":4,"featured_media":121371,"comment_status":"open","ping_status":"closed","sticky":false,"template":"","format":"standard","meta":{"om_disable_all_campaigns":false,"jnews-multi-image_gallery":[],"jnews_single_post":[],"jnews_primary_category":[],"jnews_social_meta":[],"footnotes":""},"categories":[40],"tags":[],"class_list":["post-121370","post","type-post","status-publish","format-standard","has-post-thumbnail","hentry","category-industria"],"_links":{"self":[{"href":"https:\/\/dimensionturistica.com\/es\/wp-json\/wp\/v2\/posts\/121370","targetHints":{"allow":["GET"]}}],"collection":[{"href":"https:\/\/dimensionturistica.com\/es\/wp-json\/wp\/v2\/posts"}],"about":[{"href":"https:\/\/dimensionturistica.com\/es\/wp-json\/wp\/v2\/types\/post"}],"author":[{"embeddable":true,"href":"https:\/\/dimensionturistica.com\/es\/wp-json\/wp\/v2\/users\/4"}],"replies":[{"embeddable":true,"href":"https:\/\/dimensionturistica.com\/es\/wp-json\/wp\/v2\/comments?post=121370"}],"version-history":[{"count":0,"href":"https:\/\/dimensionturistica.com\/es\/wp-json\/wp\/v2\/posts\/121370\/revisions"}],"wp:featuredmedia":[{"embeddable":true,"href":"https:\/\/dimensionturistica.com\/es\/wp-json\/wp\/v2\/media\/121371"}],"wp:attachment":[{"href":"https:\/\/dimensionturistica.com\/es\/wp-json\/wp\/v2\/media?parent=121370"}],"wp:term":[{"taxonomy":"category","embeddable":true,"href":"https:\/\/dimensionturistica.com\/es\/wp-json\/wp\/v2\/categories?post=121370"},{"taxonomy":"post_tag","embeddable":true,"href":"https:\/\/dimensionturistica.com\/es\/wp-json\/wp\/v2\/tags?post=121370"}],"curies":[{"name":"wp","href":"https:\/\/api.w.org\/{rel}","templated":true}]}}